{"id":142802,"date":"2026-02-10T21:32:19","date_gmt":"2026-02-11T00:32:19","guid":{"rendered":"https:\/\/www.elsindical.com.ar\/notas\/?p=142802"},"modified":"2026-02-10T21:32:31","modified_gmt":"2026-02-11T00:32:31","slug":"presentaron-el-proyecto-de-reforma-laboral-con-los-cambios-que-pidieron-los-gobernadores","status":"publish","type":"post","link":"https:\/\/www.elsindical.com.ar\/notas\/presentaron-el-proyecto-de-reforma-laboral-con-los-cambios-que-pidieron-los-gobernadores\/","title":{"rendered":"Presentaron el proyecto de Reforma Laboral con los cambios que pidieron los gobernadores"},"content":{"rendered":"<div class=\"wp-block-image\">\n<figure class=\"aligncenter size-full\"><a href=\"https:\/\/www.elsindical.com.ar\/notas\/var\/www\/html\/notas\/wp-content\/uploads\/2026\/02\/presentacion-reforma-laboral-senado.jpg\"><img loading=\"lazy\" decoding=\"async\" width=\"700\" height=\"394\" src=\"https:\/\/www.elsindical.com.ar\/notas\/var\/www\/html\/notas\/wp-content\/uploads\/2026\/02\/presentacion-reforma-laboral-senado.jpg\" alt=\"\" class=\"wp-image-142803\" srcset=\"https:\/\/www.elsindical.com.ar\/notas\/var\/www\/html\/notas\/wp-content\/uploads\/2026\/02\/presentacion-reforma-laboral-senado.jpg 700w, https:\/\/www.elsindical.com.ar\/notas\/var\/www\/html\/notas\/wp-content\/uploads\/2026\/02\/presentacion-reforma-laboral-senado-300x169.jpg 300w, https:\/\/www.elsindical.com.ar\/notas\/var\/www\/html\/notas\/wp-content\/uploads\/2026\/02\/presentacion-reforma-laboral-senado-460x260.jpg 460w\" sizes=\"auto, (max-width: 700px) 100vw, 700px\" \/><\/a><\/figure>\n<\/div>\n\n\n<p>El proyecto de <strong>Modernizaci\u00f3n Laboral<\/strong> ingres\u00f3 en su tramo decisivo en el Senado con un texto sustancialmente modificado respecto del dictamen de mayor\u00eda que hab\u00eda sido impulsado en diciembre. Aquella versi\u00f3n, presentada de manera acelerada por la jefa del bloque libertario, <strong>Patricia Bullrich<\/strong>, fue reformulada tras intensas negociaciones pol\u00edticas y sectoriales que alteraron aspectos centrales de la iniciativa.<\/p>\n\n\n\n<p>Los cambios introducidos resultaron determinantes para destrabar apoyos. El nuevo texto incorpora definiciones vinculadas al impuesto a las <strong>Ganancias<\/strong>, que garantizan mayores recursos tanto para las provincias como para la Naci\u00f3n, adem\u00e1s de concesiones a sindicatos y c\u00e1maras empresariales mediante el mantenimiento de <strong>aportes compulsivos<\/strong>, el sostenimiento del porcentaje destinado a <strong>obras sociales<\/strong> y una versi\u00f3n atenuada del esquema original del fondo de indemnizaciones.<\/p>\n\n\n\n<p>La iniciativa cuenta con el respaldo del bloque de <strong>La Libertad Avanza<\/strong>, el <strong>PRO<\/strong>, la <strong>Uni\u00f3n C\u00edvica Radical<\/strong> y bloques provinciales. En ese marco, se estima el acompa\u00f1amiento de <strong>44 senadores<\/strong>, n\u00famero suficiente para aprobar el proyecto y girarlo a la <strong>C\u00e1mara de Diputados de la Naci\u00f3n<\/strong>.<\/p>\n\n\n\n<h2 class=\"wp-block-heading\">Indemnizaciones, fondo laboral y empleo<\/h2>\n\n\n\n<p>Uno de los ejes del proyecto es la redefinici\u00f3n del r\u00e9gimen indemnizatorio, con el objetivo de reducir la litigiosidad laboral. El texto delimita de forma m\u00e1s estricta qu\u00e9 conceptos integran el <strong>salario<\/strong> para el c\u00e1lculo de indemnizaciones y cu\u00e1les son pasibles de reclamo judicial, en l\u00ednea con el planteo oficial de limitar la denominada <strong>\u201cindustria del juicio\u201d<\/strong>.<\/p>\n\n\n\n<p>En ese esquema se inscribe la creaci\u00f3n del <strong>Fondo de Asistencia Laboral (FAL)<\/strong>, dise\u00f1ado para cubrir desvinculaciones laborales. El fondo prev\u00e9 aportes mensuales diferenciados: <strong>1%<\/strong> para grandes empresas y <strong>2,5%<\/strong> para pymes, este \u00faltimo porcentaje incorporado a partir de una propuesta de la UCR. No obstante, el mecanismo final suaviz\u00f3 la idea original, que hab\u00eda generado resistencias en distintos sectores productivos.<\/p>\n\n\n\n<p>El proyecto tambi\u00e9n apunta al <strong>fomento del empleo formal<\/strong>, mediante la simplificaci\u00f3n y digitalizaci\u00f3n del registro laboral, herramientas de <strong>blanqueo de trabajadores<\/strong> y una reducci\u00f3n de cargas patronales. Desde el oficialismo sostienen que estas medidas buscan incentivar nuevas contrataciones y reducir la informalidad.<\/p>\n\n\n\n<h2 class=\"wp-block-heading\">Jornada laboral y convenios colectivos<\/h2>\n\n\n\n<p>En materia de organizaci\u00f3n del trabajo, la iniciativa introduce figuras como el <strong>\u201cbanco de horas\u201d<\/strong>, que permite compensar horas trabajadas en distintos per\u00edodos, el fraccionamiento de vacaciones y la posibilidad de implementar <strong>salarios din\u00e1micos vinculados a la productividad<\/strong>. Estos cambios apuntan a otorgar mayor flexibilidad a las relaciones laborales, aunque fueron objeto de negociaci\u00f3n para evitar rechazos sindicales.<\/p>\n\n\n\n<p>Otro punto relevante es la modificaci\u00f3n del r\u00e9gimen de convenios colectivos. El texto establece la <strong>prelaci\u00f3n de los convenios menores sobre los mayores<\/strong>, siempre que exista acuerdo entre las partes, habilitando negociaciones por empresa o actividad espec\u00edfica.<\/p>\n\n\n\n<h2 class=\"wp-block-heading\">Concesiones y cambios finales<\/h2>\n\n\n\n<p>El texto definitivo incorpor\u00f3 <strong>28 cambios<\/strong> tras negociaciones con gobernadores, sindicatos y el sistema financiero. Para las provincias, se elimin\u00f3 la reducci\u00f3n del impuesto a las Ganancias para empresas, preservando los recursos coparticipables. En el plano sindical, tras el di\u00e1logo con la <strong>Confederaci\u00f3n General del Trabajo (CGT)<\/strong>, se mantuvo el rol de los empleadores como agentes de retenci\u00f3n de aportes sindicales y <strong>cuotas solidarias<\/strong>, que ser\u00e1n <strong>compulsivas por dos a\u00f1os<\/strong> con un tope del <strong>2%<\/strong>, y se sostuvo el aporte a las obras sociales en el <strong>6%<\/strong>.<\/p>\n\n\n\n<p>Adem\u00e1s, se retir\u00f3 la cl\u00e1usula que habilitaba el pago de salarios a trav\u00e9s de billeteras virtuales y se estableci\u00f3 un plazo de <strong>180 d\u00edas<\/strong> para que los <strong>estatutos profesionales<\/strong>, como los de periodistas o viajantes, sean incorporados a convenios colectivos. Tambi\u00e9n se mantuvo la <strong>ultraactividad<\/strong> de los convenios por <strong>un a\u00f1o<\/strong> antes de perder vigencia si no son renegociados.<\/p>\n","protected":false},"excerpt":{"rendered":"<p>El proyecto de Modernizaci\u00f3n Laboral ingres\u00f3 en su tramo decisivo en el Senado con un texto sustancialmente modificado respecto del dictamen de mayor\u00eda que hab\u00eda sido impulsado en diciembre. Aquella versi\u00f3n, presentada de manera acelerada por la jefa del bloque libertario, Patricia Bullrich, fue reformulada tras intensas negociaciones pol\u00edticas y sectoriales que alteraron aspectos centrales&hellip;<\/p>\n","protected":false},"author":1,"featured_media":142803,"comment_status":"open","ping_status":"open","sticky":false,"template":"","format":"standard","meta":{"footnotes":""},"categories":[13],"tags":[18798,2450,40628,1241,328,564,1826],"class_list":["post-142802","post","type-post","status-publish","format-standard","has-post-thumbnail","hentry","category-politica","tag-camara-de-diputados-de-la-nacion","tag-diario-el-sindical","tag-lla","tag-patricia-bullrich","tag-pro","tag-senado","tag-ucr"],"_links":{"self":[{"href":"https:\/\/www.elsindical.com.ar\/notas\/wp-json\/wp\/v2\/posts\/142802","targetHints":{"allow":["GET"]}}],"collection":[{"href":"https:\/\/www.elsindical.com.ar\/notas\/wp-json\/wp\/v2\/posts"}],"about":[{"href":"https:\/\/www.elsindical.com.ar\/notas\/wp-json\/wp\/v2\/types\/post"}],"author":[{"embeddable":true,"href":"https:\/\/www.elsindical.com.ar\/notas\/wp-json\/wp\/v2\/users\/1"}],"replies":[{"embeddable":true,"href":"https:\/\/www.elsindical.com.ar\/notas\/wp-json\/wp\/v2\/comments?post=142802"}],"version-history":[{"count":1,"href":"https:\/\/www.elsindical.com.ar\/notas\/wp-json\/wp\/v2\/posts\/142802\/revisions"}],"predecessor-version":[{"id":142804,"href":"https:\/\/www.elsindical.com.ar\/notas\/wp-json\/wp\/v2\/posts\/142802\/revisions\/142804"}],"wp:featuredmedia":[{"embeddable":true,"href":"https:\/\/www.elsindical.com.ar\/notas\/wp-json\/wp\/v2\/media\/142803"}],"wp:attachment":[{"href":"https:\/\/www.elsindical.com.ar\/notas\/wp-json\/wp\/v2\/media?parent=142802"}],"wp:term":[{"taxonomy":"category","embeddable":true,"href":"https:\/\/www.elsindical.com.ar\/notas\/wp-json\/wp\/v2\/categories?post=142802"},{"taxonomy":"post_tag","embeddable":true,"href":"https:\/\/www.elsindical.com.ar\/notas\/wp-json\/wp\/v2\/tags?post=142802"}],"curies":[{"name":"wp","href":"https:\/\/api.w.org\/{rel}","templated":true}]}}