{"id":142800,"date":"2026-02-10T21:27:01","date_gmt":"2026-02-11T00:27:01","guid":{"rendered":"https:\/\/www.elsindical.com.ar\/notas\/?p=142800"},"modified":"2026-02-10T21:27:08","modified_gmt":"2026-02-11T00:27:08","slug":"ate-ratifico-paro-de-24-horas-y-movilizacion-al-congreso-contra-la-reforma-laboral","status":"publish","type":"post","link":"https:\/\/www.elsindical.com.ar\/notas\/ate-ratifico-paro-de-24-horas-y-movilizacion-al-congreso-contra-la-reforma-laboral\/","title":{"rendered":"ATE ratific\u00f3 paro de 24 horas y movilizaci\u00f3n al Congreso contra la reforma laboral"},"content":{"rendered":"\n<figure class=\"wp-block-image size-large\"><a href=\"https:\/\/www.elsindical.com.ar\/notas\/var\/www\/html\/notas\/wp-content\/uploads\/2024\/06\/ATE-movilizacion.jpg\"><img loading=\"lazy\" decoding=\"async\" width=\"1024\" height=\"576\" src=\"https:\/\/www.elsindical.com.ar\/notas\/var\/www\/html\/notas\/wp-content\/uploads\/2024\/06\/ATE-movilizacion-1024x576.jpg\" alt=\"\" class=\"wp-image-131060\" srcset=\"https:\/\/www.elsindical.com.ar\/notas\/var\/www\/html\/notas\/wp-content\/uploads\/2024\/06\/ATE-movilizacion-1024x576.jpg 1024w, https:\/\/www.elsindical.com.ar\/notas\/var\/www\/html\/notas\/wp-content\/uploads\/2024\/06\/ATE-movilizacion-300x169.jpg 300w, https:\/\/www.elsindical.com.ar\/notas\/var\/www\/html\/notas\/wp-content\/uploads\/2024\/06\/ATE-movilizacion-768x432.jpg 768w, https:\/\/www.elsindical.com.ar\/notas\/var\/www\/html\/notas\/wp-content\/uploads\/2024\/06\/ATE-movilizacion-500x281.jpg 500w, https:\/\/www.elsindical.com.ar\/notas\/var\/www\/html\/notas\/wp-content\/uploads\/2024\/06\/ATE-movilizacion-460x260.jpg 460w, https:\/\/www.elsindical.com.ar\/notas\/var\/www\/html\/notas\/wp-content\/uploads\/2024\/06\/ATE-movilizacion.jpg 1200w\" sizes=\"auto, (max-width: 1024px) 100vw, 1024px\" \/><\/a><\/figure>\n\n\n\n<p><strong>La Asociaci\u00f3n Trabajadores del Estado (ATE) ratific\u00f3 este lunes el paro de 24 horas previsto para el mi\u00e9rcoles<\/strong>, que incluir\u00e1 una movilizaci\u00f3n al <strong>Congreso <\/strong>para exigir a los senadores que <strong>rechacen el proyecto de reforma laboral impulsado por el Gobierno nacional. <\/strong>La medida fue confirmada tras un plenario de delegados del sindicato.<\/p>\n\n\n\n<p>El secretario general de ATE, Rodolfo Aguiar, sostuvo que la protesta cuenta con respaldo legal, aun sin convocatoria de la CGT.<strong> \u201cHay que parar igual. Aunque una de las centrales no haya convocado, hay legalidad. Todos los trabajadores del sector p\u00fablico y de las distintas ramas de la actividad privada est\u00e1n amparados porque las CTA tienen personer\u00eda jur\u00eddica\u201d, <\/strong>afirm\u00f3 el dirigente.<\/p>\n\n\n\n<p>Aguiar advirti\u00f3 que<strong> \u201cser\u00eda un error grave frente a una reforma laboral demoledora para los trabajadores privarlos de ejercer el derecho de huelga<\/strong>\u201d. En ese sentido, llam\u00f3 a una paralizaci\u00f3n total de actividades para expresar el rechazo al proyecto que se debatir\u00e1 en la C\u00e1mara alta.<\/p>\n\n\n\n<p>La concentraci\u00f3n de ATE est\u00e1 prevista para las 12 del mediod\u00eda en la esquina de Bernardo de Irigoyen y Avenida de Mayo, desde donde marchar\u00e1n hacia el Congreso. El dirigente tambi\u00e9n apunt\u00f3 contra los gobernadores que respaldan la iniciativa: <strong>\u201cLos mandatarios que avalan esta reforma est\u00e1n firmando su propia sentencia de muerte y la de sus provincias\u201d.<\/strong><\/p>\n\n\n\n<p>Finalmente, Aguiar sostuvo que \u201clos senadores debieran defender los intereses del pueblo y no ser los levantamanos de cuatro o cinco grandes empresarios\u201d y advirti\u00f3 que, de aprobarse la reforma laboral, \u201cla Argentina habr\u00e1 retrocedido m\u00e1s de cien a\u00f1os en materia de derechos laborales\u201d.<\/p>\n","protected":false},"excerpt":{"rendered":"<p>La Asociaci\u00f3n Trabajadores del Estado (ATE) ratific\u00f3 este lunes el paro de 24 horas previsto para el mi\u00e9rcoles, que incluir\u00e1 una movilizaci\u00f3n al Congreso para exigir a los senadores que rechacen el proyecto de reforma laboral impulsado por el Gobierno nacional. La medida fue confirmada tras un plenario de delegados del sindicato. El secretario general&hellip;<\/p>\n","protected":false},"author":1,"featured_media":131060,"comment_status":"open","ping_status":"open","sticky":false,"template":"","format":"standard","meta":{"footnotes":""},"categories":[16],"tags":[290,910,184,2450,761,1196,27276],"class_list":["post-142800","post","type-post","status-publish","format-standard","has-post-thumbnail","hentry","category-gremiales","tag-ate","tag-cgt","tag-cta","tag-diario-el-sindical","tag-gobierno-nacional","tag-movilizacion","tag-reforma-laboral"],"_links":{"self":[{"href":"https:\/\/www.elsindical.com.ar\/notas\/wp-json\/wp\/v2\/posts\/142800","targetHints":{"allow":["GET"]}}],"collection":[{"href":"https:\/\/www.elsindical.com.ar\/notas\/wp-json\/wp\/v2\/posts"}],"about":[{"href":"https:\/\/www.elsindical.com.ar\/notas\/wp-json\/wp\/v2\/types\/post"}],"author":[{"embeddable":true,"href":"https:\/\/www.elsindical.com.ar\/notas\/wp-json\/wp\/v2\/users\/1"}],"replies":[{"embeddable":true,"href":"https:\/\/www.elsindical.com.ar\/notas\/wp-json\/wp\/v2\/comments?post=142800"}],"version-history":[{"count":1,"href":"https:\/\/www.elsindical.com.ar\/notas\/wp-json\/wp\/v2\/posts\/142800\/revisions"}],"predecessor-version":[{"id":142801,"href":"https:\/\/www.elsindical.com.ar\/notas\/wp-json\/wp\/v2\/posts\/142800\/revisions\/142801"}],"wp:featuredmedia":[{"embeddable":true,"href":"https:\/\/www.elsindical.com.ar\/notas\/wp-json\/wp\/v2\/media\/131060"}],"wp:attachment":[{"href":"https:\/\/www.elsindical.com.ar\/notas\/wp-json\/wp\/v2\/media?parent=142800"}],"wp:term":[{"taxonomy":"category","embeddable":true,"href":"https:\/\/www.elsindical.com.ar\/notas\/wp-json\/wp\/v2\/categories?post=142800"},{"taxonomy":"post_tag","embeddable":true,"href":"https:\/\/www.elsindical.com.ar\/notas\/wp-json\/wp\/v2\/tags?post=142800"}],"curies":[{"name":"wp","href":"https:\/\/api.w.org\/{rel}","templated":true}]}}