{"id":142757,"date":"2026-02-08T18:45:25","date_gmt":"2026-02-08T21:45:25","guid":{"rendered":"https:\/\/www.elsindical.com.ar\/notas\/?p=142757"},"modified":"2026-02-08T18:57:04","modified_gmt":"2026-02-08T21:57:04","slug":"el-lunes-10-de-febrero-aumento-otra-vez-la-carne","status":"publish","type":"post","link":"https:\/\/www.elsindical.com.ar\/notas\/el-lunes-10-de-febrero-aumento-otra-vez-la-carne\/","title":{"rendered":"El lunes 10 de febrero aumenta otra vez la carne"},"content":{"rendered":"<div class=\"wp-block-image\">\n<figure class=\"aligncenter size-full\"><a href=\"https:\/\/www.elsindical.com.ar\/notas\/var\/www\/html\/notas\/wp-content\/uploads\/2016\/01\/Carnes.jpg\"><img loading=\"lazy\" decoding=\"async\" width=\"620\" height=\"413\" src=\"https:\/\/www.elsindical.com.ar\/notas\/var\/www\/html\/notas\/wp-content\/uploads\/2016\/01\/Carnes.jpg\" alt=\"\" class=\"wp-image-56781\" srcset=\"https:\/\/www.elsindical.com.ar\/notas\/var\/www\/html\/notas\/wp-content\/uploads\/2016\/01\/Carnes.jpg 620w, https:\/\/www.elsindical.com.ar\/notas\/var\/www\/html\/notas\/wp-content\/uploads\/2016\/01\/Carnes-300x200.jpg 300w, https:\/\/www.elsindical.com.ar\/notas\/var\/www\/html\/notas\/wp-content\/uploads\/2016\/01\/Carnes-450x300.jpg 450w\" sizes=\"auto, (max-width: 620px) 100vw, 620px\" \/><\/a><\/figure>\n<\/div>\n\n\n<p>   Con la noticia de un nuevo aumento de la carne que se prevee rondar\u00e1 el 10%,sumado a los aumentos que se registraron durante enero, un carnicero que utiliza las redes sociales como medio de promocionar su negocio, se quej\u00f3 del aumento y las bajas ventas.<\/p>\n\n\n\n<p>La estrategia del gobierno nacional es clara, no le importa, mientras todo aumenta a pesar de que el d\u00f3lar blue va en ca\u00edda, desde el gobierno la estrategia es inundar las redes sociales de informaci\u00f3n falsa, como por ejemplo que durante el 2025 las industrias crecieron a un nivel hist\u00f3rico, que con Milei volvieron los asados porque el consumo de carne por habitante es el m\u00e1s alto en a\u00f1os, etc.<\/p>\n\n\n\n<p>El usuario Marito Laurens mostro su enojo compartiendo un video en sus redes sociales.<\/p>\n\n\n\n<figure class=\"wp-block-embed is-type-video is-provider-youtube wp-block-embed-youtube wp-embed-aspect-16-9 wp-has-aspect-ratio\"><div class=\"wp-block-embed__wrapper\">\n<iframe loading=\"lazy\" title=\"La reacci\u00f3n de un carnicero por otro aumento de la carne\" width=\"700\" height=\"394\" src=\"https:\/\/www.youtube.com\/embed\/kn-4UKOVwzY?feature=oembed\" frameborder=\"0\" allow=\"accelerometer; autoplay; clipboard-write; encrypted-media; gyroscope; picture-in-picture; web-share\" referrerpolicy=\"strict-origin-when-cross-origin\" allowfullscreen><\/iframe>\n<\/div><\/figure>\n","protected":false},"excerpt":{"rendered":"<p>Con la noticia de un nuevo aumento de la carne que se prevee rondar\u00e1 el 10%,sumado a los aumentos que se registraron durante enero, un carnicero que utiliza las redes sociales como medio de promocionar su negocio, se quej\u00f3 del aumento y las bajas ventas. La estrategia del gobierno nacional es clara, no le importa,&hellip;<\/p>\n","protected":false},"author":1,"featured_media":56781,"comment_status":"open","ping_status":"open","sticky":false,"template":"","format":"standard","meta":{"footnotes":""},"categories":[9],"tags":[46754,46756,2450,22023,761,28812,46755,2605,25206],"class_list":["post-142757","post","type-post","status-publish","format-standard","has-post-thumbnail","hentry","category-economia","tag-aumento-de-la-carne","tag-baja-ventas","tag-diario-el-sindical","tag-economia","tag-gobierno-nacional","tag-javier-milei","tag-marito-laurens","tag-redes-sociales","tag-trolls"],"_links":{"self":[{"href":"https:\/\/www.elsindical.com.ar\/notas\/wp-json\/wp\/v2\/posts\/142757","targetHints":{"allow":["GET"]}}],"collection":[{"href":"https:\/\/www.elsindical.com.ar\/notas\/wp-json\/wp\/v2\/posts"}],"about":[{"href":"https:\/\/www.elsindical.com.ar\/notas\/wp-json\/wp\/v2\/types\/post"}],"author":[{"embeddable":true,"href":"https:\/\/www.elsindical.com.ar\/notas\/wp-json\/wp\/v2\/users\/1"}],"replies":[{"embeddable":true,"href":"https:\/\/www.elsindical.com.ar\/notas\/wp-json\/wp\/v2\/comments?post=142757"}],"version-history":[{"count":2,"href":"https:\/\/www.elsindical.com.ar\/notas\/wp-json\/wp\/v2\/posts\/142757\/revisions"}],"predecessor-version":[{"id":142759,"href":"https:\/\/www.elsindical.com.ar\/notas\/wp-json\/wp\/v2\/posts\/142757\/revisions\/142759"}],"wp:featuredmedia":[{"embeddable":true,"href":"https:\/\/www.elsindical.com.ar\/notas\/wp-json\/wp\/v2\/media\/56781"}],"wp:attachment":[{"href":"https:\/\/www.elsindical.com.ar\/notas\/wp-json\/wp\/v2\/media?parent=142757"}],"wp:term":[{"taxonomy":"category","embeddable":true,"href":"https:\/\/www.elsindical.com.ar\/notas\/wp-json\/wp\/v2\/categories?post=142757"},{"taxonomy":"post_tag","embeddable":true,"href":"https:\/\/www.elsindical.com.ar\/notas\/wp-json\/wp\/v2\/tags?post=142757"}],"curies":[{"name":"wp","href":"https:\/\/api.w.org\/{rel}","templated":true}]}}