{"id":142664,"date":"2025-12-11T12:02:32","date_gmt":"2025-12-11T15:02:32","guid":{"rendered":"https:\/\/www.elsindical.com.ar\/notas\/?p=142664"},"modified":"2026-02-04T12:08:52","modified_gmt":"2026-02-04T15:08:52","slug":"avellaneda-asumieron-los-nuevos-concejales-y-despidieron-a-los-salientes","status":"publish","type":"post","link":"https:\/\/www.elsindical.com.ar\/notas\/avellaneda-asumieron-los-nuevos-concejales-y-despidieron-a-los-salientes\/","title":{"rendered":"Avellaneda: Asumieron los nuevos concejales y despidieron a los salientes"},"content":{"rendered":"\n<figure class=\"wp-block-image size-full\"><a href=\"https:\/\/www.elsindical.com.ar\/notas\/var\/www\/html\/notas\/wp-content\/uploads\/2026\/02\/Sesion-HCD-Avellaneda-10-diciembre-2025.jpg\"><img loading=\"lazy\" decoding=\"async\" width=\"1024\" height=\"682\" src=\"https:\/\/www.elsindical.com.ar\/notas\/var\/www\/html\/notas\/wp-content\/uploads\/2026\/02\/Sesion-HCD-Avellaneda-10-diciembre-2025.jpg\" alt=\"\" class=\"wp-image-142665\" srcset=\"https:\/\/www.elsindical.com.ar\/notas\/var\/www\/html\/notas\/wp-content\/uploads\/2026\/02\/Sesion-HCD-Avellaneda-10-diciembre-2025.jpg 1024w, https:\/\/www.elsindical.com.ar\/notas\/var\/www\/html\/notas\/wp-content\/uploads\/2026\/02\/Sesion-HCD-Avellaneda-10-diciembre-2025-300x200.jpg 300w, https:\/\/www.elsindical.com.ar\/notas\/var\/www\/html\/notas\/wp-content\/uploads\/2026\/02\/Sesion-HCD-Avellaneda-10-diciembre-2025-768x512.jpg 768w\" sizes=\"auto, (max-width: 1024px) 100vw, 1024px\" \/><\/a><\/figure>\n\n\n\n<p>Fuerza Patria qued\u00f3 con 15 bancas. La oposici\u00f3n qued\u00f3 dispersa en seis bloques.<\/p>\n\n\n\n<p>En una sesi\u00f3n especial en el Concejo Deliberante de Avellaneda, se realiz\u00f3 la jura y asunci\u00f3n de los concejales electos en los comicios de medio t\u00e9rmino de septiembre, y tambi\u00e9n se definieron las autoridades del Cuerpo.<\/p>\n\n\n\n<p>Por el oficialismo local juraron los ediles <strong>Claudia Colaso, Jos\u00e9 Alessi, Nilda Brovida, Santiago Pirolo, Gabriela Dorrego, Sebasti\u00e1n Vidal, Tamara Perini<\/strong> e <strong>Ivo Griego.<\/strong> Como era de esperar, el intendente <strong>Jorge Ferraresi<\/strong>, que hab\u00eda ido como cabeza de lista de Fuerza Patria en las elecciones renunci\u00f3 a su candidatura d\u00edas antes de la ceremonia.<\/p>\n\n\n\n<p>Tambi\u00e9n debido a las licencias de Colaso y Vidal para continuar en el Ejecutivo municipal, sus bancas ser\u00e1n ocupadas por <strong>Paula S\u00e1nchez, Alberto Medaglia<\/strong>. El bloque qued\u00f3 conformado por 15 ediles.<\/p>\n\n\n\n<p>Por el lado de la oposici\u00f3n, para La Libertad Avanza asumieron el coordinador distrital, <strong>Cristian Frattini,<\/strong> <strong>Ver\u00f3nica Sagol<\/strong> y <strong>Patricia Ventosa.<\/strong> En tanto que, si bien hab\u00eda ido en la lista de LLA, <strong>Lucas Yacob<\/strong> regres\u00f3 al recinto para sumarse a la bancada del PRO. De esta manera LLA tiene tres ediles y el PRO, dos.<\/p>\n\n\n\n<p>Luego quedan cuatro unibloques: <strong>Marcelo Gutovich<\/strong> (Construyendo Avellaneda), <strong>Dami\u00e1n Paz<\/strong> (Avellaneda Primero), <strong>Arnaldo \u201cPepo\u201d D\u00edaz<\/strong> (Uni\u00f3n y Libertad) y <strong>Zunilda Ben\u00edtez<\/strong> (Nuevos Aires).<\/p>\n\n\n\n<p>Como presidente del HCD contin\u00faa <strong>Hugo Barrueco<\/strong>, mientras que Alessi, titular de FP, ocupar\u00e1 la vicepresidencia primera y Gutovich, referente del PRO, la vicepresidencia segunda. <strong>Roberto Sicari<\/strong> fue ratificado en la secretar\u00eda legislativa.<\/p>\n\n\n\n<p><\/p>\n","protected":false},"excerpt":{"rendered":"<p>Fuerza Patria qued\u00f3 con 15 bancas. La oposici\u00f3n qued\u00f3 dispersa en seis bloques. En una sesi\u00f3n especial en el Concejo Deliberante de Avellaneda, se realiz\u00f3 la jura y asunci\u00f3n de los concejales electos en los comicios de medio t\u00e9rmino de septiembre, y tambi\u00e9n se definieron las autoridades del Cuerpo. Por el oficialismo local juraron los&hellip;<\/p>\n","protected":false},"author":1,"featured_media":142665,"comment_status":"open","ping_status":"open","sticky":false,"template":"","format":"standard","meta":{"footnotes":""},"categories":[13],"tags":[46726,43341,461,2450,19428,9413,1455],"class_list":["post-142664","post","type-post","status-publish","format-standard","has-post-thumbnail","hentry","category-politica","tag-concejales-2","tag-politica-3","tag-avellaneda","tag-diario-el-sindical","tag-hcd-avellaneda","tag-jura","tag-noticias"],"_links":{"self":[{"href":"https:\/\/www.elsindical.com.ar\/notas\/wp-json\/wp\/v2\/posts\/142664","targetHints":{"allow":["GET"]}}],"collection":[{"href":"https:\/\/www.elsindical.com.ar\/notas\/wp-json\/wp\/v2\/posts"}],"about":[{"href":"https:\/\/www.elsindical.com.ar\/notas\/wp-json\/wp\/v2\/types\/post"}],"author":[{"embeddable":true,"href":"https:\/\/www.elsindical.com.ar\/notas\/wp-json\/wp\/v2\/users\/1"}],"replies":[{"embeddable":true,"href":"https:\/\/www.elsindical.com.ar\/notas\/wp-json\/wp\/v2\/comments?post=142664"}],"version-history":[{"count":1,"href":"https:\/\/www.elsindical.com.ar\/notas\/wp-json\/wp\/v2\/posts\/142664\/revisions"}],"predecessor-version":[{"id":142666,"href":"https:\/\/www.elsindical.com.ar\/notas\/wp-json\/wp\/v2\/posts\/142664\/revisions\/142666"}],"wp:featuredmedia":[{"embeddable":true,"href":"https:\/\/www.elsindical.com.ar\/notas\/wp-json\/wp\/v2\/media\/142665"}],"wp:attachment":[{"href":"https:\/\/www.elsindical.com.ar\/notas\/wp-json\/wp\/v2\/media?parent=142664"}],"wp:term":[{"taxonomy":"category","embeddable":true,"href":"https:\/\/www.elsindical.com.ar\/notas\/wp-json\/wp\/v2\/categories?post=142664"},{"taxonomy":"post_tag","embeddable":true,"href":"https:\/\/www.elsindical.com.ar\/notas\/wp-json\/wp\/v2\/tags?post=142664"}],"curies":[{"name":"wp","href":"https:\/\/api.w.org\/{rel}","templated":true}]}}