{"id":142603,"date":"2026-02-01T13:19:08","date_gmt":"2026-02-01T16:19:08","guid":{"rendered":"https:\/\/www.elsindical.com.ar\/notas\/?p=142603"},"modified":"2026-02-01T13:19:14","modified_gmt":"2026-02-01T16:19:14","slug":"convocan-a-un-reclamo-a-la-obra-social-de-la-pfa","status":"publish","type":"post","link":"https:\/\/www.elsindical.com.ar\/notas\/convocan-a-un-reclamo-a-la-obra-social-de-la-pfa\/","title":{"rendered":"Convocan a un reclamo a la obra social de la PFA"},"content":{"rendered":"<div class=\"wp-block-image\">\n<figure class=\"aligncenter size-full\"><a href=\"https:\/\/www.elsindical.com.ar\/notas\/var\/www\/html\/notas\/wp-content\/uploads\/2026\/02\/reclamo-obra-social-PFA.jpg\"><img loading=\"lazy\" decoding=\"async\" width=\"750\" height=\"938\" src=\"https:\/\/www.elsindical.com.ar\/notas\/var\/www\/html\/notas\/wp-content\/uploads\/2026\/02\/reclamo-obra-social-PFA.jpg\" alt=\"\" class=\"wp-image-142604\" srcset=\"https:\/\/www.elsindical.com.ar\/notas\/var\/www\/html\/notas\/wp-content\/uploads\/2026\/02\/reclamo-obra-social-PFA.jpg 750w, https:\/\/www.elsindical.com.ar\/notas\/var\/www\/html\/notas\/wp-content\/uploads\/2026\/02\/reclamo-obra-social-PFA-240x300.jpg 240w\" sizes=\"auto, (max-width: 750px) 100vw, 750px\" \/><\/a><\/figure>\n<\/div>\n\n\n<p>   Para evitar sanciones, convocan a familiares de personal policial o retirados a sumarse una protesta por el desfinanciamiento que padece la Obra Social de la Polic\u00eda Federal Argentina, donde los afiliados y sus familias han tenido un importante recorte en la medicaci\u00f3n y las prestaciones, afectando principalmente a los pacientes con tratamientos prolongados.<\/p>\n\n\n\n<p>Ya se vivieron momentos de tensi\u00f3n que los medios hegem\u00f3nicos han ocultado, personas mayores encadenadas en el ingreso del Hospital Churruca-Vizca o el suicidio en el interior del hospital de un efectivo policial por no recibir la medicaci\u00f3n que por el costo de la misma no pod\u00eda comprar.<\/p>\n\n\n\n<p>Algunos testimonios son claros: <\/p>\n\n\n\n<p><strong><em>espero escuchen es vergonzoso lo qu\u00e9 hacen no entregan medicamentos , aunque tengan los mismos al 100 por ciento, pagan los amparos despu\u00e9s de 30 d\u00edas de haberlo gestionado. Rebice el recibo de sueldo y los descuentos entre una cosa y la otra asciende a m\u00e1s de cuatrocientos pesos del mismo. As\u00ed como a nosotros a miles miles le hacen lo mismo , donde est\u00e1 ese dinero? Los pa\u00f1ales que nos entregan son de p\u00e9sima calidad.Llevo tres meses comprando remedios que son re caros.Hasta cuando este manoseo injusto porqu\u00e9 est\u00e1 en juego la salud y la vida de los hombres que, si revisan los legajos nunca tuvieron un llamado de atenci\u00f3n durante la carrera en la Fuerzas Federales.DIOS NOS AMPARE!!<\/em><\/strong><\/p>\n\n\n\n<p><em><strong>Es vergonzoso tener que ir a reclamar cuando todos los meses los descuentos est\u00e1n plasmado en los recibos de sueldo,no entrgan los remedios que por ley deben entregar no hay turnos no hay aumento de sueldo y tampoco pagan los juicios que deben &#8230;.. Se\u00f1ores jefes de Policia Federal dejen de ser complices y salgan a defender la instituci\u00f3n.<\/strong><\/em><\/p>\n\n\n\n<p><strong><em>No solo a los individuos con discapacidad que obviamente la demanda es enorme en gastos m\u00e9dicos&#8230; tambi\u00e9n para cualquier ni\u00f1o que necesita ir al odontologo, al oftalmologo, no tengo cobertura para la ficha m\u00e9dica ni siquiera&#8230; no imagino lo q ser\u00eda discapacidad si con algo b\u00e1sico no estamos ni cubiertos<\/em><\/strong><\/p>\n\n\n\n<p>Los reclamos comenzaron a meses de la gesti\u00f3n de gobierno de <strong>Javier Milei<\/strong>, cuando el ministerio era conducido por <strong>Patricia Bullrich<\/strong>, quien nunca se ocup\u00f3 de la grave situaci\u00f3n sanitaria y ahora con <strong>Alejandra Monteoliva<\/strong>, los reclamos se profundizaron.<\/p>\n","protected":false},"excerpt":{"rendered":"<p>Para evitar sanciones, convocan a familiares de personal policial o retirados a sumarse una protesta por el desfinanciamiento que padece la Obra Social de la Polic\u00eda Federal Argentina, donde los afiliados y sus familias han tenido un importante recorte en la medicaci\u00f3n y las prestaciones, afectando principalmente a los pacientes con tratamientos prolongados. Ya se&hellip;<\/p>\n","protected":false},"author":1,"featured_media":142604,"comment_status":"open","ping_status":"open","sticky":false,"template":"","format":"standard","meta":{"footnotes":""},"categories":[22,25],"tags":[3360,43181,2450,272,46710,5840,28812,12084,46709,698,514,3447],"class_list":["post-142603","post","type-post","status-publish","format-standard","has-post-thumbnail","hentry","category-policiales","category-sociedad","tag-afiliados","tag-alejandra-monteoliva","tag-diario-el-sindical","tag-discapacidad","tag-enfermedades-cronicas","tag-hospital-churruca-vizca","tag-javier-milei","tag-medicacion","tag-obra-social-pfa","tag-pfa","tag-reclamos","tag-tratamientos"],"_links":{"self":[{"href":"https:\/\/www.elsindical.com.ar\/notas\/wp-json\/wp\/v2\/posts\/142603","targetHints":{"allow":["GET"]}}],"collection":[{"href":"https:\/\/www.elsindical.com.ar\/notas\/wp-json\/wp\/v2\/posts"}],"about":[{"href":"https:\/\/www.elsindical.com.ar\/notas\/wp-json\/wp\/v2\/types\/post"}],"author":[{"embeddable":true,"href":"https:\/\/www.elsindical.com.ar\/notas\/wp-json\/wp\/v2\/users\/1"}],"replies":[{"embeddable":true,"href":"https:\/\/www.elsindical.com.ar\/notas\/wp-json\/wp\/v2\/comments?post=142603"}],"version-history":[{"count":1,"href":"https:\/\/www.elsindical.com.ar\/notas\/wp-json\/wp\/v2\/posts\/142603\/revisions"}],"predecessor-version":[{"id":142605,"href":"https:\/\/www.elsindical.com.ar\/notas\/wp-json\/wp\/v2\/posts\/142603\/revisions\/142605"}],"wp:featuredmedia":[{"embeddable":true,"href":"https:\/\/www.elsindical.com.ar\/notas\/wp-json\/wp\/v2\/media\/142604"}],"wp:attachment":[{"href":"https:\/\/www.elsindical.com.ar\/notas\/wp-json\/wp\/v2\/media?parent=142603"}],"wp:term":[{"taxonomy":"category","embeddable":true,"href":"https:\/\/www.elsindical.com.ar\/notas\/wp-json\/wp\/v2\/categories?post=142603"},{"taxonomy":"post_tag","embeddable":true,"href":"https:\/\/www.elsindical.com.ar\/notas\/wp-json\/wp\/v2\/tags?post=142603"}],"curies":[{"name":"wp","href":"https:\/\/api.w.org\/{rel}","templated":true}]}}