{"id":142572,"date":"2026-01-31T01:18:32","date_gmt":"2026-01-31T04:18:32","guid":{"rendered":"https:\/\/www.elsindical.com.ar\/notas\/?p=142572"},"modified":"2026-01-31T01:50:56","modified_gmt":"2026-01-31T04:50:56","slug":"eeuu-con-bruce-springsteen-al-frente-protesta-masiva-contra-ice-en-minneapolis","status":"publish","type":"post","link":"https:\/\/www.elsindical.com.ar\/notas\/eeuu-con-bruce-springsteen-al-frente-protesta-masiva-contra-ice-en-minneapolis\/","title":{"rendered":"EEUU: Con Bruce Springsteen al frente, protesta masiva contra ICE en Minneapolis"},"content":{"rendered":"<div class=\"wp-block-image\">\n<figure class=\"aligncenter size-large\"><a href=\"https:\/\/www.elsindical.com.ar\/notas\/var\/www\/html\/notas\/wp-content\/uploads\/2026\/01\/protesta-masiva-contra-ICE-en-Minneapolis.webp\"><img loading=\"lazy\" decoding=\"async\" width=\"1024\" height=\"683\" src=\"https:\/\/www.elsindical.com.ar\/notas\/var\/www\/html\/notas\/wp-content\/uploads\/2026\/01\/protesta-masiva-contra-ICE-en-Minneapolis-1024x683.webp\" alt=\"\" class=\"wp-image-142573\" srcset=\"https:\/\/www.elsindical.com.ar\/notas\/var\/www\/html\/notas\/wp-content\/uploads\/2026\/01\/protesta-masiva-contra-ICE-en-Minneapolis-1024x683.webp 1024w, https:\/\/www.elsindical.com.ar\/notas\/var\/www\/html\/notas\/wp-content\/uploads\/2026\/01\/protesta-masiva-contra-ICE-en-Minneapolis-300x200.webp 300w, https:\/\/www.elsindical.com.ar\/notas\/var\/www\/html\/notas\/wp-content\/uploads\/2026\/01\/protesta-masiva-contra-ICE-en-Minneapolis-768x512.webp 768w, https:\/\/www.elsindical.com.ar\/notas\/var\/www\/html\/notas\/wp-content\/uploads\/2026\/01\/protesta-masiva-contra-ICE-en-Minneapolis.webp 1200w\" sizes=\"auto, (max-width: 1024px) 100vw, 1024px\" \/><\/a><\/figure>\n<\/div>\n\n\n<p>USA ya no es lo que fue. Enfermo contra los inmigrantes, Donald Trump envi\u00f3 a ICE y la derrota en Minneapolis se extiende, con mitines en 250 ciudades.<\/p>\n\n\n\n<p>Miles de manifestantes salieron a las calles de <strong>Minneapolis<\/strong> y estudiantes de todo USA, desde California hasta Nueva York, se movilizaron el viernes 30\/01 para exigir el retiro de los agentes federales del Servicio de Inmigraci\u00f3n y Control de Aduanas (<strong>ICE<\/strong>) de Minnesota.<\/p>\n\n\n\n<p>El rockstar <strong>Bruce Springsteen<\/strong> prest\u00f3 su voz a la protesta, subiendo al escenario en un evento de recaudaci\u00f3n de fondos para las familias de los asesinados por ICE y enton\u00f3 su nueva canci\u00f3n <strong>&#8216;Streets of Minneapolis&#8217;<\/strong>.<\/p>\n\n\n\n<p>En protesta contra el aumento de personas y las t\u00e1cticas utilizadas por el ICE, varios miles de personas se reunieron en el centro de Minneapolis pesea las temperaturas bajo cero, incluidas familias con ni\u00f1os peque\u00f1os, parejas de ancianos y j\u00f3venes activistas.<\/p>\n\n\n\n<p>Las protestas se extendieron mucho m\u00e1s all\u00e1 de Minnesota y los organizadores mencionaron 250 manifestaciones en 46 estados y en ciudades importantes como Nueva York, Los \u00c1ngeles, Chicago y Washington bajo el lema: <em>\u00abSin trabajo. Sin escuela. Sin compras. Dejen de financiar a ICE\u00bb.<\/em><\/p>\n\n\n\n<p>El jefe interino de la oficina local del FBI en Minneapolis<strong>, Jarrad Smith<\/strong>, fue destituido de su cargo, seg\u00fan 2 fuentes familiarizadas con la decisi\u00f3n. Smith fue reasignado a la sede del FBI en Washington, seg\u00fan<strong> Reuters.<\/strong><\/p>\n\n\n\n<p>La oficina de campo de Minneapolis ha estado involucrada en el aumento federal de efectivos, as\u00ed como en las investigaciones sobre el asesinato de Alex Pretti y la detenci\u00f3n en una protesta del ex presentador de <strong>CNN, Don Lemon.<\/strong><\/p>\n\n\n\n<p><strong>The New York Times<\/strong>, citando un memorando interno de ICE que revis\u00f3, inform\u00f3 que <strong>a los agentes federales se les dijo que tienen un poder m\u00e1s amplio para arrestar a personas sin una orden judicial, ampliando la capacidad de los agentes de ICE de nivel inferior para realizar redadas para atrapar a los presuntos inmigrantes indocumentados que encuentran<\/strong>.<\/p>\n\n\n\n<p>La reacci\u00f3n contra la pol\u00edtica de inmigraci\u00f3n de la administraci\u00f3n tambi\u00e9n amenaz\u00f3 con provocar un cierre parcial del gobierno de USA, ya que los dem\u00f3cratas en el Congreso se opusieron a la financiaci\u00f3n del Departamento de Seguridad Nacional, que supervisa ICE.<\/p>\n\n\n\n<h2 class=\"wp-block-heading\">Vulnerabilidad de Trump<\/h2>\n\n\n\n<p><strong>Megan Messerly y Myah Ward en Politico.com\/:<\/strong><\/p>\n\n\n\n<p><em>\u00abEl presidente Donald Trump lleg\u00f3 al poder gracias a su agenda migratoria. Ahora, esta amenaza con acorralarlo.<\/em><\/p>\n\n\n\n<p><em>Despu\u00e9s de meses de agresivas acciones de cumplimiento destinadas a mostrar firmeza en uno de los temas emblem\u00e1ticos del Partido Republicano, la Casa Blanca tuvo que dar marcha atr\u00e1s ante la reacci\u00f3n de los estadounidenses a su enfoque, en particular despu\u00e9s de que dos manifestantes fueran asesinados por agentes del orden federal en Minneapolis.<\/em><\/p>\n\n\n\n<p><em>Pero el c\u00e1lculo que oblig\u00f3 a la Administraci\u00f3n Trump a cambiar de rumbo es un arma de doble filo:<strong> si la Administraci\u00f3n parece suavizar su postura maximalista contra la inmigraci\u00f3n ilegal, corre el riesgo de desencantar a su base incondicional del MAGA en un momento en que los republicanos no pueden permitirse perder apoyo. Y si no lo hace, corre el riesgo de alienar a los republicanos moderados<\/strong>, independientes, j\u00f3venes votantes y latinos que apoyan la aplicaci\u00f3n de la ley migratoria de la administraci\u00f3n en teor\u00eda, pero no les gusta c\u00f3mo se est\u00e1 ejecutando.<\/em><\/p>\n\n\n\n<p><em><strong>\u201cMe preocupa porque si perdemos la agenda, estamos perdidos, y la gente no comprende plenamente la magnitud del problema\u201d<\/strong>, dijo Sean Spicer, exsecretario de prensa de Trump. \u201cCuando se tiene una mayor\u00eda de 2 esca\u00f1os en la C\u00e1mara de Representantes o de 2 o 3 esca\u00f1os en el Senado, se est\u00e1 en el filo de la navaja. No reconocerlo es rid\u00edculo\u201d.<\/em><\/p>\n\n\n\n<p><em><strong>El resultado es un inusual momento de vulnerabilidad en el tema m\u00e1s importante de Trump<\/strong>, que ha expuesto las divisiones internas del Partido Republicano, ha agudizado los ataques dem\u00f3cratas y ha obligado a la Casa Blanca a adoptar una postura defensiva que nunca esper\u00f3. Algunos aliados de Trump insisten en que el Partido Republicano no deber\u00eda temerle a su principal tema, culpando a los dem\u00f3cratas de ponerlos a la defensiva.<\/em> (\u2026)\u00bb.<\/p>\n\n\n\n<h2 class=\"wp-block-heading\">El caso Don Lemon<\/h2>\n\n\n\n<p><strong>El ex presentador de CNN, Don Lemon, fue liberado <\/strong>un d\u00eda despu\u00e9s de que oficiales federales lo arrestaran en Los \u00c1ngeles (California), defendi\u00f3 su carrera en el periodismo y dijo que nunca dejar\u00e1 de informar.<\/p>\n\n\n\n<p><strong>La jueza federal de distrito Patricia Donahue orden\u00f3 la liberaci\u00f3n de Lemon sin fianza<\/strong>, seg\u00fan <strong>The Hollywood Reporter.<\/strong><\/p>\n\n\n\n<p>La Administraci\u00f3n Trump intent\u00f3 acusar al periodista independiente y a otras 7 personas por una protesta en una iglesia de St. Paul donde los manifestantes cre\u00edan que el pastor, <strong>David Easterwood<\/strong>, era el jefe de la oficina de campo de Minnesota para el Servicio de Inmigraci\u00f3n y Control de Aduanas (ICE).<\/p>\n\n\n\n<p>Afuera de un juzgado del centro de Los \u00c1ngeles, Lemon agradeci\u00f3 a las personas que lo apoyaban y defendi\u00f3 su trabajo.<\/p>\n\n\n\n<p><em>\u201cNo me detendr\u00e9 ahora. No me detendr\u00e9 nunca\u201d<\/em>, dijo Lemon.<em> \u201cDe hecho, no hay momento m\u00e1s importante que ahora, este mismo instante, para unos medios de comunicaci\u00f3n libres e independientes que arrojen luz sobre la verdad y exijan responsabilidades a quienes ostentan el poder\u201d.<\/em><\/p>\n\n\n\n<p>Lemon dijo que el Departamento de Justicia (DOJ) envi\u00f3 oficiales federales para arrestarlo<em> \u00abpor algo que he estado haciendo durante los \u00faltimos 30 a\u00f1os, y eso es cubrir las noticias\u00bb.<\/em><\/p>\n\n\n\n<p><em>\u201cLa Primera Enmienda de la Constituci\u00f3n protege mi trabajo y el de innumerables periodistas que hacen lo mismo que yo\u201d,<\/em> continu\u00f3. <em>\u201cLos apoyo a todos y no me silenciar\u00e1n. Espero con ansias mi d\u00eda en el tribunal\u201d.<\/em><\/p>\n\n\n\n<p><strong>El fiscal federal Alexander Robbins<\/strong> acus\u00f3 a Lemon, durante su comparecencia ante el tribunal, de unirse a una turba que aterroriz\u00f3 a la gente en un lugar de culto, seg\u00fan<strong> The Hollywood Reporter<\/strong>. Lemon tiene prohibido hablar con testigos, v\u00edctimas o acusados del caso y debe solicitar permiso para salir del pa\u00eds.<\/p>\n\n\n\n<figure class=\"wp-block-embed is-type-video is-provider-youtube wp-block-embed-youtube wp-embed-aspect-16-9 wp-has-aspect-ratio\"><div class=\"wp-block-embed__wrapper\">\n<iframe loading=\"lazy\" title=\"EEUU masiva protesta contra el ICE y Donald Trump\" width=\"700\" height=\"394\" src=\"https:\/\/www.youtube.com\/embed\/2hw1-HKLf-4?feature=oembed\" frameborder=\"0\" allow=\"accelerometer; autoplay; clipboard-write; encrypted-media; gyroscope; picture-in-picture; web-share\" referrerpolicy=\"strict-origin-when-cross-origin\" allowfullscreen><\/iframe>\n<\/div><\/figure>\n","protected":false},"excerpt":{"rendered":"<p>USA ya no es lo que fue. Enfermo contra los inmigrantes, Donald Trump envi\u00f3 a ICE y la derrota en Minneapolis se extiende, con mitines en 250 ciudades. Miles de manifestantes salieron a las calles de Minneapolis y estudiantes de todo USA, desde California hasta Nueva York, se movilizaron el viernes 30\/01 para exigir el&hellip;<\/p>\n","protected":false},"author":1,"featured_media":142573,"comment_status":"open","ping_status":"open","sticky":false,"template":"","format":"standard","meta":{"footnotes":""},"categories":[18],"tags":[46702,9715,2450,24748,141,23254,46671,10056,14339],"class_list":["post-142572","post","type-post","status-publish","format-standard","has-post-thumbnail","hentry","category-internacionales","tag-bruce-springsteen","tag-california","tag-diario-el-sindical","tag-donald-trump","tag-eeuu","tag-ice","tag-minneapolis","tag-nueva-york","tag-usa"],"_links":{"self":[{"href":"https:\/\/www.elsindical.com.ar\/notas\/wp-json\/wp\/v2\/posts\/142572","targetHints":{"allow":["GET"]}}],"collection":[{"href":"https:\/\/www.elsindical.com.ar\/notas\/wp-json\/wp\/v2\/posts"}],"about":[{"href":"https:\/\/www.elsindical.com.ar\/notas\/wp-json\/wp\/v2\/types\/post"}],"author":[{"embeddable":true,"href":"https:\/\/www.elsindical.com.ar\/notas\/wp-json\/wp\/v2\/users\/1"}],"replies":[{"embeddable":true,"href":"https:\/\/www.elsindical.com.ar\/notas\/wp-json\/wp\/v2\/comments?post=142572"}],"version-history":[{"count":2,"href":"https:\/\/www.elsindical.com.ar\/notas\/wp-json\/wp\/v2\/posts\/142572\/revisions"}],"predecessor-version":[{"id":142575,"href":"https:\/\/www.elsindical.com.ar\/notas\/wp-json\/wp\/v2\/posts\/142572\/revisions\/142575"}],"wp:featuredmedia":[{"embeddable":true,"href":"https:\/\/www.elsindical.com.ar\/notas\/wp-json\/wp\/v2\/media\/142573"}],"wp:attachment":[{"href":"https:\/\/www.elsindical.com.ar\/notas\/wp-json\/wp\/v2\/media?parent=142572"}],"wp:term":[{"taxonomy":"category","embeddable":true,"href":"https:\/\/www.elsindical.com.ar\/notas\/wp-json\/wp\/v2\/categories?post=142572"},{"taxonomy":"post_tag","embeddable":true,"href":"https:\/\/www.elsindical.com.ar\/notas\/wp-json\/wp\/v2\/tags?post=142572"}],"curies":[{"name":"wp","href":"https:\/\/api.w.org\/{rel}","templated":true}]}}