{"id":142557,"date":"2026-01-30T17:28:56","date_gmt":"2026-01-30T20:28:56","guid":{"rendered":"https:\/\/www.elsindical.com.ar\/notas\/?p=142557"},"modified":"2026-01-30T17:59:44","modified_gmt":"2026-01-30T20:59:44","slug":"francia-700-bomberos-protestaron-en-lille-por-recortes-y-falta-de-personal","status":"publish","type":"post","link":"https:\/\/www.elsindical.com.ar\/notas\/francia-700-bomberos-protestaron-en-lille-por-recortes-y-falta-de-personal\/","title":{"rendered":"Francia: 700 bomberos protestaron en Lille por recortes y falta de personal"},"content":{"rendered":"<div class=\"wp-block-image\">\n<figure class=\"aligncenter size-full\"><a href=\"https:\/\/www.elsindical.com.ar\/notas\/var\/www\/html\/notas\/wp-content\/uploads\/2026\/01\/protesta-de-bomberos-en-Francia.jpg\"><img loading=\"lazy\" decoding=\"async\" width=\"1000\" height=\"479\" src=\"https:\/\/www.elsindical.com.ar\/notas\/var\/www\/html\/notas\/wp-content\/uploads\/2026\/01\/protesta-de-bomberos-en-Francia.jpg\" alt=\"\" class=\"wp-image-142558\" srcset=\"https:\/\/www.elsindical.com.ar\/notas\/var\/www\/html\/notas\/wp-content\/uploads\/2026\/01\/protesta-de-bomberos-en-Francia.jpg 1000w, https:\/\/www.elsindical.com.ar\/notas\/var\/www\/html\/notas\/wp-content\/uploads\/2026\/01\/protesta-de-bomberos-en-Francia-300x144.jpg 300w, https:\/\/www.elsindical.com.ar\/notas\/var\/www\/html\/notas\/wp-content\/uploads\/2026\/01\/protesta-de-bomberos-en-Francia-768x368.jpg 768w\" sizes=\"auto, (max-width: 1000px) 100vw, 1000px\" \/><\/a><\/figure>\n<\/div>\n\n\n<p>Bloquearon la N356 para denunciar un recorte de 7 millones de euros al servicio, un faltante de m\u00e1s de 160 puestos y el deterioro de sus condiciones de trabajo. La protesta termin\u00f3 con tensi\u00f3n frente al SDIS, el organismo de emergencias local.<\/p>\n\n\n\n<p>La ma\u00f1ana arranc\u00f3 con asamblea en una caserna de Lille y, con el correr de las horas, la columna se traslad\u00f3 a los accesos del anillo vial. <strong>El primer mensaje fue directo: sin recursos, dicen, el servicio se sostiene \u201cal l\u00edmite\u201d en una regi\u00f3n con alta demanda de intervenciones.<\/strong><\/p>\n\n\n\n<p>En el punto m\u00e1s visible de la jornada, los manifestantes cortaron la N356 a la altura de la circunvalaci\u00f3n, con pancartas y banderas sindicales. <strong>El bloqueo provoc\u00f3 interrupciones y desv\u00edos en una de las arterias clave de la ciudad.<\/strong><\/p>\n\n\n\n<h2 class=\"wp-block-heading\"><strong>Presupuesto en rojo<\/strong><\/h2>\n\n\n\n<p>El reclamo apunta a la financiaci\u00f3n del servicio departamental de incendios y rescate. Los sindicatos sostienen que el SDIS 59 arrastra un d\u00e9ficit cercano a los 7 millones de euros y que el recorte impacta en dotaciones, materiales y organizaci\u00f3n operativa.<\/p>\n\n\n\n<p>En paralelo, exigen la apertura de 162 puestos para recomponer planteles. Aseguran que la falta de personal se siente tanto en los turnos como en la respuesta a emergencias, y advierten sobre el desgaste acumulado.<\/p>\n\n\n\n<h2 class=\"wp-block-heading\"><strong>Incidentes frente al SDIS<\/strong><\/h2>\n\n\n\n<p>Tras el corte, la movilizaci\u00f3n se desplaz\u00f3 al centro y termin\u00f3 frente a la sede del SDIS. All\u00ed se vivieron momentos de tensi\u00f3n: hubo un foco de fuego en el exterior y luego incidentes con las fuerzas de seguridad, con gases lacrim\u00f3genos y el uso de matafuegos por parte de los manifestantes.<\/p>\n\n\n\n<p>Los bomberos lograron ingresar al edificio en medio del tumulto, mientras se multiplicaban los registros en video de la secuencia. El escenario dej\u00f3 expuesta una protesta que pas\u00f3 de la denuncia p\u00fablica al choque directo con el dispositivo policial.<\/p>\n\n\n\n<h2 class=\"wp-block-heading\"><strong>La \u201cguerra\u201d por la barba<\/strong><\/h2>\n\n\n\n<p>A las demandas presupuestarias se sum\u00f3 un punto inesperado: el rechazo a una modificaci\u00f3n reglamentaria que proh\u00edbe el uso de barba, vigente desde el 1\u00b0 de enero en el departamento. Los gremios lo incorporaron como s\u00edmbolo de decisiones internas que, afirman, se toman sin consenso.<\/p>\n\n\n\n<p><strong>La protesta cerr\u00f3 con una advertencia que mezcla urgencia y advertencia institucional: la discusi\u00f3n ya no es solo salarial o administrativa. Para los manifestantes, la pelea es por la capacidad real de sostener el servicio en la calle, cuando la pr\u00f3xima emergencia no espera presupuestos.<\/strong><\/p>\n\n\n\n<figure class=\"wp-block-embed is-type-video is-provider-youtube wp-block-embed-youtube wp-embed-aspect-16-9 wp-has-aspect-ratio\"><div class=\"wp-block-embed__wrapper\">\n<iframe loading=\"lazy\" title=\"Francia fuerte y masiva protesta de bomberos\" width=\"700\" height=\"394\" src=\"https:\/\/www.youtube.com\/embed\/665VJmMMGkI?feature=oembed\" frameborder=\"0\" allow=\"accelerometer; autoplay; clipboard-write; encrypted-media; gyroscope; picture-in-picture; web-share\" referrerpolicy=\"strict-origin-when-cross-origin\" allowfullscreen><\/iframe>\n<\/div><\/figure>\n","protected":false},"excerpt":{"rendered":"<p>Bloquearon la N356 para denunciar un recorte de 7 millones de euros al servicio, un faltante de m\u00e1s de 160 puestos y el deterioro de sus condiciones de trabajo. La protesta termin\u00f3 con tensi\u00f3n frente al SDIS, el organismo de emergencias local. La ma\u00f1ana arranc\u00f3 con asamblea en una caserna de Lille y, con el&hellip;<\/p>\n","protected":false},"author":1,"featured_media":142558,"comment_status":"open","ping_status":"open","sticky":false,"template":"","format":"standard","meta":{"footnotes":""},"categories":[18],"tags":[1369,2450,2167,46698,292,23440,46699],"class_list":["post-142557","post","type-post","status-publish","format-standard","has-post-thumbnail","hentry","category-internacionales","tag-bomberos","tag-diario-el-sindical","tag-enfrentamiento","tag-lille","tag-protesta","tag-recortes","tag-sdis"],"_links":{"self":[{"href":"https:\/\/www.elsindical.com.ar\/notas\/wp-json\/wp\/v2\/posts\/142557","targetHints":{"allow":["GET"]}}],"collection":[{"href":"https:\/\/www.elsindical.com.ar\/notas\/wp-json\/wp\/v2\/posts"}],"about":[{"href":"https:\/\/www.elsindical.com.ar\/notas\/wp-json\/wp\/v2\/types\/post"}],"author":[{"embeddable":true,"href":"https:\/\/www.elsindical.com.ar\/notas\/wp-json\/wp\/v2\/users\/1"}],"replies":[{"embeddable":true,"href":"https:\/\/www.elsindical.com.ar\/notas\/wp-json\/wp\/v2\/comments?post=142557"}],"version-history":[{"count":2,"href":"https:\/\/www.elsindical.com.ar\/notas\/wp-json\/wp\/v2\/posts\/142557\/revisions"}],"predecessor-version":[{"id":142560,"href":"https:\/\/www.elsindical.com.ar\/notas\/wp-json\/wp\/v2\/posts\/142557\/revisions\/142560"}],"wp:featuredmedia":[{"embeddable":true,"href":"https:\/\/www.elsindical.com.ar\/notas\/wp-json\/wp\/v2\/media\/142558"}],"wp:attachment":[{"href":"https:\/\/www.elsindical.com.ar\/notas\/wp-json\/wp\/v2\/media?parent=142557"}],"wp:term":[{"taxonomy":"category","embeddable":true,"href":"https:\/\/www.elsindical.com.ar\/notas\/wp-json\/wp\/v2\/categories?post=142557"},{"taxonomy":"post_tag","embeddable":true,"href":"https:\/\/www.elsindical.com.ar\/notas\/wp-json\/wp\/v2\/tags?post=142557"}],"curies":[{"name":"wp","href":"https:\/\/api.w.org\/{rel}","templated":true}]}}