{"id":142554,"date":"2026-01-30T14:22:08","date_gmt":"2026-01-30T17:22:08","guid":{"rendered":"https:\/\/www.elsindical.com.ar\/notas\/?p=142554"},"modified":"2026-01-30T14:22:14","modified_gmt":"2026-01-30T17:22:14","slug":"el-gobierno-nacional-nombro-al-hijo-de-luis-patti-en-la-cnrt","status":"publish","type":"post","link":"https:\/\/www.elsindical.com.ar\/notas\/el-gobierno-nacional-nombro-al-hijo-de-luis-patti-en-la-cnrt\/","title":{"rendered":"El Gobierno nacional nombr\u00f3 al hijo de Luis Patti en la CNRT"},"content":{"rendered":"<div class=\"wp-block-image\">\n<figure class=\"aligncenter size-full is-resized\"><a href=\"https:\/\/www.elsindical.com.ar\/notas\/var\/www\/html\/notas\/wp-content\/uploads\/2026\/01\/Javier-Milei-y-Maximiliano-Patti.jpg\"><img loading=\"lazy\" decoding=\"async\" width=\"500\" height=\"411\" src=\"https:\/\/www.elsindical.com.ar\/notas\/var\/www\/html\/notas\/wp-content\/uploads\/2026\/01\/Javier-Milei-y-Maximiliano-Patti.jpg\" alt=\"\" class=\"wp-image-142555\" style=\"width:594px;height:auto\" srcset=\"https:\/\/www.elsindical.com.ar\/notas\/var\/www\/html\/notas\/wp-content\/uploads\/2026\/01\/Javier-Milei-y-Maximiliano-Patti.jpg 500w, https:\/\/www.elsindical.com.ar\/notas\/var\/www\/html\/notas\/wp-content\/uploads\/2026\/01\/Javier-Milei-y-Maximiliano-Patti-300x247.jpg 300w\" sizes=\"auto, (max-width: 500px) 100vw, 500px\" \/><\/a><\/figure>\n<\/div>\n\n\n<p class=\"wp-block-paragraph\">Maximiliano, referente libertario de Escobar, reemplaza a Carlos Frugoni, secretario Coordinador de Infraestructura. Su padre, ex intendente de ese distrito, est\u00e1 condenado por delitos de lesa humanidad. M\u00e1s cambios oficializados.<\/p>\n\n\n\n<p class=\"wp-block-paragraph\">A trav\u00e9s del decreto 67\/2026, el gobierno de Javier Milei design\u00f3 a Maximiliano Patti al frente de la Comisi\u00f3n Nacional de Regulaci\u00f3n del Transporte (CNRT), ocupando el lugar que dej\u00f3 vacante Carlos Frugoni, actual secretario Coordinador de Infraestructura.<br><br>El flamante funcionario es hijo del ex intendente de Escobar, Luis Abelardo Patti, quien cumple prisi\u00f3n domiciliaria tras ser condenado por delitos de lesa humanidad cometidos durante la \u00faltima dictadura c\u00edvico-militar.<br><br>Patti hijo es el principal referente de La Libertad Avanza en ese distrito del Conurbano, y l\u00edder de la agrupaci\u00f3n \u00abPartido de Unidad Vecinal Escobar\u00bb. Fue candidato a jefe comunal por ese espacio y form\u00f3 parte luego de las listas del ex carapintada Juan Jos\u00e9 G\u00f3mez Centuri\u00f3n y la pol\u00edtica de derecha Cynthia Hotton.<\/p>\n\n\n\n<p class=\"wp-block-paragraph\">Adem\u00e1s, el Gobierno nacional design\u00f3 a Dami\u00e1n Andr\u00e9s Selem como Subdirector Nacional de la Direcci\u00f3n Nacional del Registro Nacional de las Personas (RENAPER) a partir del 1 de febrero, tras la aceptaci\u00f3n de la renuncia de Benito Mario Molver.<br><br>Adem\u00e1s, nombr\u00f3 a Jaquelina Clara Truzzel como una de las directoras del Banco de la Naci\u00f3n Argentina, luego de que Dar\u00edo Wasserman asumiera la conducci\u00f3n de la principal entidad financiera de la Argentina en reemplazo de Daniel Tillard.<\/p>\n\n\n\n<p class=\"wp-block-paragraph\"><\/p>\n","protected":false},"excerpt":{"rendered":"<p>Maximiliano, referente libertario de Escobar, reemplaza a Carlos Frugoni, secretario Coordinador de Infraestructura. Su padre, ex intendente de ese distrito, est\u00e1 condenado por delitos de lesa humanidad. M\u00e1s cambios oficializados. A trav\u00e9s del decreto 67\/2026, el gobierno de Javier Milei design\u00f3 a Maximiliano Patti al frente de la Comisi\u00f3n Nacional de Regulaci\u00f3n del Transporte (CNRT),&hellip;<\/p>\n","protected":false},"author":1,"featured_media":142555,"comment_status":"open","ping_status":"open","sticky":false,"template":"","format":"standard","meta":{"footnotes":""},"categories":[13],"tags":[46697,5249,2450,28812,4759,46696],"class_list":["post-142554","post","type-post","status-publish","format-standard","has-post-thumbnail","hentry","category-politica","tag-carlos-frugoni","tag-cnrt","tag-diario-el-sindical","tag-javier-milei","tag-luis-abelardo-patti","tag-maximiliano-patti"],"_links":{"self":[{"href":"https:\/\/www.elsindical.com.ar\/notas\/wp-json\/wp\/v2\/posts\/142554","targetHints":{"allow":["GET"]}}],"collection":[{"href":"https:\/\/www.elsindical.com.ar\/notas\/wp-json\/wp\/v2\/posts"}],"about":[{"href":"https:\/\/www.elsindical.com.ar\/notas\/wp-json\/wp\/v2\/types\/post"}],"author":[{"embeddable":true,"href":"https:\/\/www.elsindical.com.ar\/notas\/wp-json\/wp\/v2\/users\/1"}],"replies":[{"embeddable":true,"href":"https:\/\/www.elsindical.com.ar\/notas\/wp-json\/wp\/v2\/comments?post=142554"}],"version-history":[{"count":1,"href":"https:\/\/www.elsindical.com.ar\/notas\/wp-json\/wp\/v2\/posts\/142554\/revisions"}],"predecessor-version":[{"id":142556,"href":"https:\/\/www.elsindical.com.ar\/notas\/wp-json\/wp\/v2\/posts\/142554\/revisions\/142556"}],"wp:featuredmedia":[{"embeddable":true,"href":"https:\/\/www.elsindical.com.ar\/notas\/wp-json\/wp\/v2\/media\/142555"}],"wp:attachment":[{"href":"https:\/\/www.elsindical.com.ar\/notas\/wp-json\/wp\/v2\/media?parent=142554"}],"wp:term":[{"taxonomy":"category","embeddable":true,"href":"https:\/\/www.elsindical.com.ar\/notas\/wp-json\/wp\/v2\/categories?post=142554"},{"taxonomy":"post_tag","embeddable":true,"href":"https:\/\/www.elsindical.com.ar\/notas\/wp-json\/wp\/v2\/tags?post=142554"}],"curies":[{"name":"wp","href":"https:\/\/api.w.org\/{rel}","templated":true}]}}