{"id":142540,"date":"2026-01-29T13:22:46","date_gmt":"2026-01-29T16:22:46","guid":{"rendered":"https:\/\/www.elsindical.com.ar\/notas\/?p=142540"},"modified":"2026-01-29T14:00:52","modified_gmt":"2026-01-29T17:00:52","slug":"dr-ahorro-trabajadores-movilizan-nuevamente-contra-despidos-sin-pago-sobrecarga-laboral-y-vaciamiento-de-sucursales","status":"publish","type":"post","link":"https:\/\/www.elsindical.com.ar\/notas\/dr-ahorro-trabajadores-movilizan-nuevamente-contra-despidos-sin-pago-sobrecarga-laboral-y-vaciamiento-de-sucursales\/","title":{"rendered":"Dr. Ahorro: trabajadores movilizan nuevamente contra despidos sin pago, sobrecarga laboral y vaciamiento de sucursales"},"content":{"rendered":"\n<figure class=\"wp-block-image size-full\"><a href=\"https:\/\/www.elsindical.com.ar\/notas\/var\/www\/html\/notas\/wp-content\/uploads\/2026\/01\/despidos-Dr-Ahorro.jpg\"><img loading=\"lazy\" decoding=\"async\" width=\"800\" height=\"533\" src=\"https:\/\/www.elsindical.com.ar\/notas\/var\/www\/html\/notas\/wp-content\/uploads\/2026\/01\/despidos-Dr-Ahorro.jpg\" alt=\"\" class=\"wp-image-142541\" srcset=\"https:\/\/www.elsindical.com.ar\/notas\/var\/www\/html\/notas\/wp-content\/uploads\/2026\/01\/despidos-Dr-Ahorro.jpg 800w, https:\/\/www.elsindical.com.ar\/notas\/var\/www\/html\/notas\/wp-content\/uploads\/2026\/01\/despidos-Dr-Ahorro-300x200.jpg 300w, https:\/\/www.elsindical.com.ar\/notas\/var\/www\/html\/notas\/wp-content\/uploads\/2026\/01\/despidos-Dr-Ahorro-768x512.jpg 768w\" sizes=\"auto, (max-width: 800px) 100vw, 800px\" \/><\/a><\/figure>\n\n\n\n<p class=\"wp-block-paragraph\">Trabajadores y trabajadoras despedidas de la cadena de farmacias Dr. Ahorro anunciaron que volver\u00e1n a movilizar este mi\u00e9rcoles 21 de enero a las 14 a la sucursal ubicada en Cerrito 342, en la Ciudad de Buenos Aires, contra los despidos masivos sin pago, la sobrecarga laboral y el vaciamiento de sucursales que est\u00e1 llevando adelante la empresa<em>. <\/em>Una vez finalizado el reclamo, se trasladar\u00e1n a la movilizaci\u00f3n en apoyo a los jubilados frente al Congreso Nacional. \u00abUnos 90 trabajadores hemos sido despedidos desde mediados de diciembre 2025 en adelante. A ninguno de nosotros nos han pagado ni siquiera el aguinaldo de diciembre ni el \u00faltimo mes trabajado ni las vacaciones no gozadas. La empresa contin\u00faa con el vaciamiento, sin comprar mercader\u00eda\u00bb, denuncian.<\/p>\n\n\n\n<p class=\"wp-block-paragraph\">As\u00ed lo anunciaron trabajadores y trabajadoras de la <strong>cadena de farmacias Dr. Ahorro<\/strong> despedidos de forma masiva: \u00abunos <strong>90 trabajadores de la cadena de Farmacias del Dr. Ahorro hemos sido despedidos desde mediados de diciembre 2025 en adelante<\/strong>. <strong>A ninguno de nosotros nos han pagado ni siquiera el aguinaldo de diciembre ni el \u00faltimo mes trabajado ni las vacaciones no gozadas<\/strong>. <strong>La empresa contin\u00faa con el vaciamiento, sin comprar mercader\u00eda\u00bb<\/strong>, denuncian.<\/p>\n\n\n\n<p class=\"wp-block-paragraph\">Y agregan: \u00ablas estanter\u00edas est\u00e1n cada vez m\u00e1s vac\u00edas, <strong>los trabajadores que quedan a\u00fan en sus puestos deben trabajar horas extras para cubrir los huecos de los despedidos, pero esas horas no se las pagan ni tampoco pueden compensarlas con francos si las sucursales no tienen personal suficiente para cubrir esos huecos<\/strong>. La empresa no responde a los mensajes del personal despedido, quedando los compa\u00f1eros del interior y de CABA sin ning\u00fan tipo de respuesta de la patronal\u00bb, remarcan.<\/p>\n\n\n\n<p class=\"wp-block-paragraph\">Ante esta situaci\u00f3n, anunciaron que <strong>concentrar\u00e1n este mi\u00e9rcoles 21 de enero 2026, frente a la Sucursal ubicada en Cerrito 342, Ciudad de Buenos Aires.<\/strong> \u00abUna vez finalizado el reclamo, nos estaremos dirigiendo a la movilizaci\u00f3n en apoyo a los Jubilados frente al Congreso de la Naci\u00f3n. Convocamos a sumarse a todos los medios de prensa, organizaciones de trabajadores en lucha, asambleas barriales, partidos pol\u00edticos, sindicatos, vecinos y clientes.Contacto para coordinaci\u00f3n y ampliaci\u00f3n de informaci\u00f3n\u00bb, finaliza la convocatoria.<\/p>\n\n\n\n<p class=\"wp-block-paragraph\">En el marco del plan de lucha que est\u00e1n llevando adelante contra el vaciamiento de la empresa, lanzaron una <strong>campa\u00f1a de recolecci\u00f3n de aportes al fondo de lucha de las y los trabajadores: Alias: FONDO.LUCHA.AHORRO<\/strong><\/p>\n\n\n\n<p class=\"wp-block-paragraph\">Las y los trabajadores <strong>ya se hab\u00edan movilizado el pasado viernes 16 de enero al mediod\u00eda frente a la casa central de la empresa<\/strong>, <strong>Energy Vida Argentina S.A.<\/strong>, raz\u00f3n social de la empresa, donde tambi\u00e9n funciona una droguer\u00eda, ubicada en el barrio porte\u00f1o de Villa Ort\u00fazar, para hacer o\u00edr sus reclamos.<\/p>\n\n\n\n<p class=\"wp-block-paragraph\">En ese momento, denunciaron: \u00ab<strong>la empresa nos quiere despedir argumentando una supuesta situaci\u00f3n de crisis y pretende abonarnos solamente el 50% de la indemnizaci\u00f3n<\/strong>\u00ab, explic\u00f3 Federico, uno de los trabajadores afectados. Adem\u00e1s, detall\u00f3 que a\u00fan no se les pag\u00f3 \u201cel \u00faltimo salario trabajado, las vacaciones no gozadas, el aguinaldo y otras cargas\u201d.<\/p>\n\n\n\n<p class=\"wp-block-paragraph\">Para los trabajadores, la situaci\u00f3n forma parte de un proceso m\u00e1s amplio: \u201c<strong>Lo que est\u00e1n haciendo es adelantar la aplicaci\u00f3n de la reforma laboral, aunque todav\u00eda no est\u00e9 aprobada<\/strong>. Vienen por los trabajos de todxs y, sobre todo, por los de mayor antig\u00fcedad, para poder despedir sin pagar un solo centavo\u201d, advirti\u00f3 Federico.<\/p>\n\n\n\n<p class=\"wp-block-paragraph\"><strong>Doctor Ahorro desembarc\u00f3 en la Argentina en septiembre de 2002<\/strong>, en pleno contexto posterior a la crisis de 2001, cuando amplios sectores de la poblaci\u00f3n no pod\u00edan acceder a medicamentos. La empresa creci\u00f3 r\u00e1pidamente aprovech\u00e1ndose de ese escenario, ya que <strong>su modelo de negocios est\u00e1 dise\u00f1ado para obtener altas ganancias en contextos de crisis social y econ\u00f3mica<\/strong>. <strong>La firma es de capitales mexicanos y pertenece a un grupo empresario cuyo presidente y due\u00f1o es Xavier Gonz\u00e1lez Ziri\u00f3n, exdiputado del Partido Revolucionario Institucional (PRI) de M\u00e9xico<\/strong>.<\/p>\n\n\n\n<p class=\"wp-block-paragraph\">Actualmente, la&nbsp;<strong>empresa ya cerr\u00f3 al menos 11 sucursales: cuatro en el interior del pa\u00eds (Salta, C\u00f3rdoba y Mendoza, con dos locales en C\u00f3rdoba) y el resto en la Ciudad de Buenos Aires.<\/strong> Adem\u00e1s, denunciaron que varios locales acumulan deudas de alquiler superiores a tres meses y que algunos ya fueron publicados para alquiler, lo que anticipa nuevos cierres.<\/p>\n\n\n<div class=\"wp-block-image\">\n<figure class=\"aligncenter size-large\"><a href=\"https:\/\/www.elsindical.com.ar\/notas\/var\/www\/html\/notas\/wp-content\/uploads\/2026\/01\/comunicado-trabajadores-Dr-Ahorro.jpg\"><img loading=\"lazy\" decoding=\"async\" width=\"734\" height=\"1024\" src=\"https:\/\/www.elsindical.com.ar\/notas\/var\/www\/html\/notas\/wp-content\/uploads\/2026\/01\/comunicado-trabajadores-Dr-Ahorro-734x1024.jpg\" alt=\"\" class=\"wp-image-142542\" srcset=\"https:\/\/www.elsindical.com.ar\/notas\/var\/www\/html\/notas\/wp-content\/uploads\/2026\/01\/comunicado-trabajadores-Dr-Ahorro-734x1024.jpg 734w, https:\/\/www.elsindical.com.ar\/notas\/var\/www\/html\/notas\/wp-content\/uploads\/2026\/01\/comunicado-trabajadores-Dr-Ahorro-215x300.jpg 215w, https:\/\/www.elsindical.com.ar\/notas\/var\/www\/html\/notas\/wp-content\/uploads\/2026\/01\/comunicado-trabajadores-Dr-Ahorro-768x1072.jpg 768w, https:\/\/www.elsindical.com.ar\/notas\/var\/www\/html\/notas\/wp-content\/uploads\/2026\/01\/comunicado-trabajadores-Dr-Ahorro.jpg 917w\" sizes=\"auto, (max-width: 734px) 100vw, 734px\" \/><\/a><\/figure>\n<\/div>\n\n\n<figure class=\"wp-block-embed is-type-video is-provider-youtube wp-block-embed-youtube wp-embed-aspect-16-9 wp-has-aspect-ratio\"><div class=\"wp-block-embed__wrapper\">\n<iframe loading=\"lazy\" title=\"Despidos y protestas en farmacias del Dr  Ahorro\" width=\"700\" height=\"394\" src=\"https:\/\/www.youtube.com\/embed\/U9S-8Qfi998?feature=oembed\" frameborder=\"0\" allow=\"accelerometer; autoplay; clipboard-write; encrypted-media; gyroscope; picture-in-picture; web-share\" referrerpolicy=\"strict-origin-when-cross-origin\" allowfullscreen><\/iframe>\n<\/div><\/figure>\n\n\n\n<p class=\"wp-block-paragraph\">Fuente: ANRED<\/p>\n","protected":false},"excerpt":{"rendered":"<p>Trabajadores y trabajadoras despedidas de la cadena de farmacias Dr. Ahorro anunciaron que volver\u00e1n a movilizar este mi\u00e9rcoles 21 de enero a las 14 a la sucursal ubicada en Cerrito 342, en la Ciudad de Buenos Aires, contra los despidos masivos sin pago, la sobrecarga laboral y el vaciamiento de sucursales que est\u00e1 llevando adelante&hellip;<\/p>\n","protected":false},"author":1,"featured_media":142541,"comment_status":"open","ping_status":"open","sticky":false,"template":"","format":"standard","meta":{"footnotes":""},"categories":[16],"tags":[53,2450,46689,3854,46688,514,46690],"class_list":["post-142540","post","type-post","status-publish","format-standard","has-post-thumbnail","hentry","category-gremiales","tag-despidos","tag-diario-el-sindical","tag-dr-ahorro","tag-estafa","tag-fondo-de-ahorro","tag-reclamos","tag-vaciamiento-de-sucursales"],"_links":{"self":[{"href":"https:\/\/www.elsindical.com.ar\/notas\/wp-json\/wp\/v2\/posts\/142540","targetHints":{"allow":["GET"]}}],"collection":[{"href":"https:\/\/www.elsindical.com.ar\/notas\/wp-json\/wp\/v2\/posts"}],"about":[{"href":"https:\/\/www.elsindical.com.ar\/notas\/wp-json\/wp\/v2\/types\/post"}],"author":[{"embeddable":true,"href":"https:\/\/www.elsindical.com.ar\/notas\/wp-json\/wp\/v2\/users\/1"}],"replies":[{"embeddable":true,"href":"https:\/\/www.elsindical.com.ar\/notas\/wp-json\/wp\/v2\/comments?post=142540"}],"version-history":[{"count":2,"href":"https:\/\/www.elsindical.com.ar\/notas\/wp-json\/wp\/v2\/posts\/142540\/revisions"}],"predecessor-version":[{"id":142544,"href":"https:\/\/www.elsindical.com.ar\/notas\/wp-json\/wp\/v2\/posts\/142540\/revisions\/142544"}],"wp:featuredmedia":[{"embeddable":true,"href":"https:\/\/www.elsindical.com.ar\/notas\/wp-json\/wp\/v2\/media\/142541"}],"wp:attachment":[{"href":"https:\/\/www.elsindical.com.ar\/notas\/wp-json\/wp\/v2\/media?parent=142540"}],"wp:term":[{"taxonomy":"category","embeddable":true,"href":"https:\/\/www.elsindical.com.ar\/notas\/wp-json\/wp\/v2\/categories?post=142540"},{"taxonomy":"post_tag","embeddable":true,"href":"https:\/\/www.elsindical.com.ar\/notas\/wp-json\/wp\/v2\/tags?post=142540"}],"curies":[{"name":"wp","href":"https:\/\/api.w.org\/{rel}","templated":true}]}}