{"id":142515,"date":"2026-01-28T18:21:15","date_gmt":"2026-01-28T21:21:15","guid":{"rendered":"https:\/\/www.elsindical.com.ar\/notas\/?p=142515"},"modified":"2026-01-28T18:21:24","modified_gmt":"2026-01-28T21:21:24","slug":"aumentos-de-febrero-transporte-alquileres-prepagas-y-tarifas-vuelven-a-presionar-el-bolsillo","status":"publish","type":"post","link":"https:\/\/www.elsindical.com.ar\/notas\/aumentos-de-febrero-transporte-alquileres-prepagas-y-tarifas-vuelven-a-presionar-el-bolsillo\/","title":{"rendered":"Aumentos de febrero: transporte, alquileres, prepagas y tarifas vuelven a presionar el bolsillo"},"content":{"rendered":"<div class=\"wp-block-image\">\n<figure class=\"aligncenter size-full\"><a href=\"https:\/\/www.elsindical.com.ar\/notas\/var\/www\/html\/notas\/wp-content\/uploads\/2026\/01\/pagos-de-servicios-y-tarifas.jpg\"><img loading=\"lazy\" decoding=\"async\" width=\"650\" height=\"396\" src=\"https:\/\/www.elsindical.com.ar\/notas\/var\/www\/html\/notas\/wp-content\/uploads\/2026\/01\/pagos-de-servicios-y-tarifas.jpg\" alt=\"\" class=\"wp-image-142516\" srcset=\"https:\/\/www.elsindical.com.ar\/notas\/var\/www\/html\/notas\/wp-content\/uploads\/2026\/01\/pagos-de-servicios-y-tarifas.jpg 650w, https:\/\/www.elsindical.com.ar\/notas\/var\/www\/html\/notas\/wp-content\/uploads\/2026\/01\/pagos-de-servicios-y-tarifas-300x183.jpg 300w\" sizes=\"auto, (max-width: 650px) 100vw, 650px\" \/><\/a><\/figure>\n<\/div>\n\n\n<p class=\"wp-block-paragraph\">Febrero llegar\u00e1 con una nueva bater\u00eda de aumentos que impactar\u00e1n de lleno en el costo de vida. Transporte p\u00fablico, alquileres, prepagas, servicios de cable y tarifas de luz y gas registrar\u00e1n subas en un contexto inflacionario que, seg\u00fan estimaciones privadas, rondar\u00eda el 2,4%.<\/p>\n\n\n\n<p class=\"wp-block-paragraph\">Los <strong>aumentos <\/strong>de febrero volver\u00e1n a poner a prueba el bolsillo de los argentinos, con ajustes que alcanzar\u00e1n a sectores clave del consumo cotidiano. Entre los rubros m\u00e1s afectados se encuentran el <strong>transporte p\u00fablico, los alquileres, la medicina prepaga y los servicios, en un escenario de inflaci\u00f3n que contin\u00faa desaceler\u00e1ndose pero mantiene presi\u00f3n sobre los ingresos.<\/strong><\/p>\n\n\n\n<p class=\"wp-block-paragraph\">En el caso del transporte, <strong>los boletos de colectivos subir\u00e1n tanto en la Ciudad como en la provincia de Buenos Aires.<\/strong> En CABA, el incremento ser\u00e1 del 2,8% y <strong>el boleto m\u00ednimo pasar\u00e1 de $619,37 a $637,58<\/strong>, mientras que en territorio bonaerense la suba alcanzar\u00e1 el 4,5%, llevando el tramo inicial de 0 a 3 kil\u00f3metros de <strong>$685,11 a $721,08<\/strong>. A su vez, el pasaje de subte aumentar\u00e1 de $1.259 a $1.336 con SUBE registrada, y el premetro costar\u00e1 $467,60.<\/p>\n\n\n\n<p class=\"wp-block-paragraph\">Otro de los aumentos de febrero que impactar\u00e1 con fuerza ser\u00e1 el de los alquileres. Los contratos que a\u00fan se rigen por la derogada <strong>Ley de Alquileres tendr\u00e1n un ajuste anual del 34,6% seg\u00fan el \u00cdndice de Contratos de Locaci\u00f3n (ICL). Por ejemplo, un alquiler inicial de $400.000 pasar\u00e1 a costar $538.400. <\/strong>En tanto, los contratos firmados tras el DNU registrar\u00e1n actualizaciones trimestrales, cuatrimestrales o semestrales, con subas que pueden llevar un alquiler de $500.000 hasta $564.050 en seis meses.<\/p>\n\n\n\n<p class=\"wp-block-paragraph\">Las cuotas de la <strong>medicina prepaga tambi\u00e9n subir\u00e1n hasta un 2,8% en febrero<\/strong>, un incremento que se trasladar\u00e1 adem\u00e1s a los copagos. A esto se sumar\u00e1n ajustes en los servicios de cable, internet y telefon\u00eda, con subas que oscilar\u00e1n entre <strong>el 2,8% y el 3,5%, seg\u00fan la empresa y el tipo de prestaci\u00f3n.<\/strong><\/p>\n\n\n\n<p class=\"wp-block-paragraph\">Finalmente, desde febrero entrar\u00e1 en vigencia el nuevo Registro de Subsidios Energ\u00e9ticos Focalizados (ReSEF) para la luz y el gas, que buscar\u00e1 distribuir el costo de las tarifas de manera m\u00e1s pareja a lo largo del a\u00f1o. Seg\u00fan datos oficiales, con este esquema el 66% de los usuarios de electricidad pagar\u00e1 facturas promedio inferiores a $44.000 en los meses de mayor consumo, mientras que en gas, durante el invierno, el 75% de los hogares tendr\u00e1 boletas por debajo de los $56.000.<\/p>\n","protected":false},"excerpt":{"rendered":"<p>Febrero llegar\u00e1 con una nueva bater\u00eda de aumentos que impactar\u00e1n de lleno en el costo de vida. Transporte p\u00fablico, alquileres, prepagas, servicios de cable y tarifas de luz y gas registrar\u00e1n subas en un contexto inflacionario que, seg\u00fan estimaciones privadas, rondar\u00eda el 2,4%. Los aumentos de febrero volver\u00e1n a poner a prueba el bolsillo de&hellip;<\/p>\n","protected":false},"author":1,"featured_media":142516,"comment_status":"open","ping_status":"open","sticky":false,"template":"","format":"standard","meta":{"footnotes":""},"categories":[9],"tags":[1754,2450,22023,8490,46685],"class_list":["post-142515","post","type-post","status-publish","format-standard","has-post-thumbnail","hentry","category-economia","tag-aumentos","tag-diario-el-sindical","tag-economia","tag-servicios","tag-tarufas"],"_links":{"self":[{"href":"https:\/\/www.elsindical.com.ar\/notas\/wp-json\/wp\/v2\/posts\/142515","targetHints":{"allow":["GET"]}}],"collection":[{"href":"https:\/\/www.elsindical.com.ar\/notas\/wp-json\/wp\/v2\/posts"}],"about":[{"href":"https:\/\/www.elsindical.com.ar\/notas\/wp-json\/wp\/v2\/types\/post"}],"author":[{"embeddable":true,"href":"https:\/\/www.elsindical.com.ar\/notas\/wp-json\/wp\/v2\/users\/1"}],"replies":[{"embeddable":true,"href":"https:\/\/www.elsindical.com.ar\/notas\/wp-json\/wp\/v2\/comments?post=142515"}],"version-history":[{"count":1,"href":"https:\/\/www.elsindical.com.ar\/notas\/wp-json\/wp\/v2\/posts\/142515\/revisions"}],"predecessor-version":[{"id":142517,"href":"https:\/\/www.elsindical.com.ar\/notas\/wp-json\/wp\/v2\/posts\/142515\/revisions\/142517"}],"wp:featuredmedia":[{"embeddable":true,"href":"https:\/\/www.elsindical.com.ar\/notas\/wp-json\/wp\/v2\/media\/142516"}],"wp:attachment":[{"href":"https:\/\/www.elsindical.com.ar\/notas\/wp-json\/wp\/v2\/media?parent=142515"}],"wp:term":[{"taxonomy":"category","embeddable":true,"href":"https:\/\/www.elsindical.com.ar\/notas\/wp-json\/wp\/v2\/categories?post=142515"},{"taxonomy":"post_tag","embeddable":true,"href":"https:\/\/www.elsindical.com.ar\/notas\/wp-json\/wp\/v2\/tags?post=142515"}],"curies":[{"name":"wp","href":"https:\/\/api.w.org\/{rel}","templated":true}]}}