{"id":142510,"date":"2026-01-28T08:16:04","date_gmt":"2026-01-28T11:16:04","guid":{"rendered":"https:\/\/www.elsindical.com.ar\/notas\/?p=142510"},"modified":"2026-01-28T08:44:02","modified_gmt":"2026-01-28T11:44:02","slug":"mar-del-plata-milei-fue-al-teatro-junto-a-karina-a-ver-a-fatima-florez-y-canto-a-duo-se-retiro-insultado","status":"publish","type":"post","link":"https:\/\/www.elsindical.com.ar\/notas\/mar-del-plata-milei-fue-al-teatro-junto-a-karina-a-ver-a-fatima-florez-y-canto-a-duo-se-retiro-insultado\/","title":{"rendered":"Mar del Plata: Milei fue al teatro junto a Karina, a ver a F\u00e1tima Florez y cant\u00f3 a d\u00fao se retir\u00f3 insultado"},"content":{"rendered":"<div class=\"wp-block-image\">\n<figure class=\"aligncenter size-full\"><a href=\"https:\/\/www.elsindical.com.ar\/notas\/var\/www\/html\/notas\/wp-content\/uploads\/2026\/01\/Milei-teatro-Mar-del-Plata-enero-2026.jpg\"><img loading=\"lazy\" decoding=\"async\" width=\"750\" height=\"501\" src=\"https:\/\/www.elsindical.com.ar\/notas\/var\/www\/html\/notas\/wp-content\/uploads\/2026\/01\/Milei-teatro-Mar-del-Plata-enero-2026.jpg\" alt=\"\" class=\"wp-image-142511\" srcset=\"https:\/\/www.elsindical.com.ar\/notas\/var\/www\/html\/notas\/wp-content\/uploads\/2026\/01\/Milei-teatro-Mar-del-Plata-enero-2026.jpg 750w, https:\/\/www.elsindical.com.ar\/notas\/var\/www\/html\/notas\/wp-content\/uploads\/2026\/01\/Milei-teatro-Mar-del-Plata-enero-2026-300x200.jpg 300w\" sizes=\"auto, (max-width: 750px) 100vw, 750px\" \/><\/a><\/figure>\n<\/div>\n\n\n<p>Adem\u00e1s deasistir al espect\u00e1culo de la humorista, tambi\u00e9n cant\u00f3 \u201cEl Rock del gato\u201d sobre el escenario.&nbsp;<\/p>\n\n\n\n<p><strong>Javier Milei empez\u00f3 a cerrar su \u201cgira\u201d por Mar del Plata<\/strong> este martes por la noche con su paso por el <strong>Teatro Roxy<\/strong> aunque no solo para asistir a la obra de <strong>F\u00e1tima Florez<\/strong> -\u201cF\u00e1tima Universal\u201d- sino tambi\u00e9n para <strong>subir al escenario e incluso cantar una canci\u00f3n<\/strong>: <em>El Rock del Gato<\/em>. Calles valladas en el centro, l\u00edmites para el trabajo de la prensa y protestas en las inmediaciones marcaron el contexto de la visita presidencial al complejo teatral.<\/p>\n\n\n\n<p>Tal como estaba previsto en el marco de su \u201cgira\u201d por la ciudad -y mientras no faltan cr\u00edticas a su gesti\u00f3n, por ejemplo, ante la p\u00e9rdida de poder adquisitivo entre asalariados y jubilados <strong>Milei concurri\u00f3 a la obra de teatro de F\u00e1tima Florez<\/strong> como sucedi\u00f3 cuando estaban en pareja, en la temporada 2023\/2024.<\/p>\n\n\n\n<p>A diferencia de aquella oportunidad, donde solo vio la presentaci\u00f3n de la humorista,<strong> en este caso la presencia de Milei incluy\u00f3 una performance<\/strong> del propio presidente: <strong>cant\u00f3 \u201cEl Rock del Gato\u201d<\/strong>, canci\u00f3n de los Ratones Paranoicos que ya hab\u00eda cantado en una de sus presentaciones en el <em>Movistar Arena <\/em>de Buenos Aires.<\/p>\n\n\n<div class=\"wp-block-image\">\n<figure class=\"aligncenter size-full\"><a href=\"https:\/\/www.elsindical.com.ar\/notas\/var\/www\/html\/notas\/wp-content\/uploads\/2026\/01\/Fatima-y-Milei-cantando-enero-2026.jpg\"><img loading=\"lazy\" decoding=\"async\" width=\"700\" height=\"454\" src=\"https:\/\/www.elsindical.com.ar\/notas\/var\/www\/html\/notas\/wp-content\/uploads\/2026\/01\/Fatima-y-Milei-cantando-enero-2026.jpg\" alt=\"\" class=\"wp-image-142512\" srcset=\"https:\/\/www.elsindical.com.ar\/notas\/var\/www\/html\/notas\/wp-content\/uploads\/2026\/01\/Fatima-y-Milei-cantando-enero-2026.jpg 700w, https:\/\/www.elsindical.com.ar\/notas\/var\/www\/html\/notas\/wp-content\/uploads\/2026\/01\/Fatima-y-Milei-cantando-enero-2026-300x195.jpg 300w\" sizes=\"auto, (max-width: 700px) 100vw, 700px\" \/><\/a><\/figure>\n<\/div>\n\n\n<p>Para hacerlo, durante la tarde ya se hab\u00eda montado un operativo en inmediaciones de San Luis y Rivadavia, ya que el propio Milei decidi\u00f3<strong> ir al teatro a ensayar la presentaci\u00f3n<\/strong> que realizar\u00eda durante la noche, lo que motiv\u00f3 un despliegue policial que termin\u00f3 con una persona demorada por golpear la camioneta oficial.<\/p>\n\n\n\n<p>Por la noche, su llegada al teatro fue puntual, minutos antes de las 21 -el horario de inicio de la funci\u00f3n- y<strong> fue recibido por la propia Florez <\/strong>en el acceso principal, quien <strong>ya estaba caracterizada como \u201cLady Gaga<\/strong>\u201c, el primer n\u00famero del espect\u00e1culo musical.<\/p>\n\n\n\n<p>En inmediaciones del teatro, no obstante, volvieron a hacerse presente personas -tal como sucedi\u00f3 por la tarde y al parecer de manera espont\u00e1nea- que <strong>lo insultaron<\/strong> al estar en desacuerdo con distintos aspectos de su gesti\u00f3n, ante la mirada de <strong>quienes hac\u00edan la fila para ingresar a la sala<\/strong>.<\/p>\n\n\n\n<p>De todos modos, algunos de ellos incluso<strong> se quedaron hasta el final<\/strong>, a la espera de que salga el presidente del lugar, ante la mirada del operativo policial que se mont\u00f3 y -junto al p\u00fablico que sal\u00eda de las salas contiguas- <strong>lo insultaron al momento de subirse a la camioneta:<\/strong> recibieron un adem\u00e1n de Milei como respuesta, pero tambi\u00e9n c\u00e1nticos por parte de quienes hab\u00edan asistido a la funci\u00f3n de<em> F\u00e1tima Universal<\/em>.<\/p>\n\n\n\n<p>Tal como hab\u00eda anticipado la propia Florez en declaraciones ante la prensa, la interpretaci\u00f3n de Milei fue sobre el cierre del show y la \u00fanica, considerando que debi\u00f3 irse r\u00e1pidamente hacia la zona del Faro para dar un discurso en el <strong>\u201cDerecha Fest\u201d<\/strong> que organiz\u00f3 La Libertad Avanza en el balneario Horizonte.<\/p>\n\n\n\n<figure class=\"wp-block-embed is-type-video is-provider-youtube wp-block-embed-youtube wp-embed-aspect-16-9 wp-has-aspect-ratio\"><div class=\"wp-block-embed__wrapper\">\n<iframe loading=\"lazy\" title=\"Milei en Mar del Plata cant\u00f3 con F\u00e1tima y gener\u00f3 m\u00e1s insultos que apoyo\" width=\"700\" height=\"394\" src=\"https:\/\/www.youtube.com\/embed\/d__RZmjRcmI?feature=oembed\" frameborder=\"0\" allow=\"accelerometer; autoplay; clipboard-write; encrypted-media; gyroscope; picture-in-picture; web-share\" referrerpolicy=\"strict-origin-when-cross-origin\" allowfullscreen><\/iframe>\n<\/div><\/figure>\n","protected":false},"excerpt":{"rendered":"<p>Adem\u00e1s deasistir al espect\u00e1culo de la humorista, tambi\u00e9n cant\u00f3 \u201cEl Rock del gato\u201d sobre el escenario.&nbsp; Javier Milei empez\u00f3 a cerrar su \u201cgira\u201d por Mar del Plata este martes por la noche con su paso por el Teatro Roxy aunque no solo para asistir a la obra de F\u00e1tima Florez -\u201cF\u00e1tima Universal\u201d- sino tambi\u00e9n para&hellip;<\/p>\n","protected":false},"author":1,"featured_media":142511,"comment_status":"open","ping_status":"open","sticky":false,"template":"","format":"standard","meta":{"footnotes":""},"categories":[13,25],"tags":[2450,40964,322,28812,40428,1673,8801,46684],"class_list":["post-142510","post","type-post","status-publish","format-standard","has-post-thumbnail","hentry","category-politica","category-sociedad","tag-diario-el-sindical","tag-fatima-florez","tag-insultos","tag-javier-milei","tag-karina-milei","tag-mar-del-plata","tag-seguidores","tag-teatro-roxy"],"_links":{"self":[{"href":"https:\/\/www.elsindical.com.ar\/notas\/wp-json\/wp\/v2\/posts\/142510","targetHints":{"allow":["GET"]}}],"collection":[{"href":"https:\/\/www.elsindical.com.ar\/notas\/wp-json\/wp\/v2\/posts"}],"about":[{"href":"https:\/\/www.elsindical.com.ar\/notas\/wp-json\/wp\/v2\/types\/post"}],"author":[{"embeddable":true,"href":"https:\/\/www.elsindical.com.ar\/notas\/wp-json\/wp\/v2\/users\/1"}],"replies":[{"embeddable":true,"href":"https:\/\/www.elsindical.com.ar\/notas\/wp-json\/wp\/v2\/comments?post=142510"}],"version-history":[{"count":2,"href":"https:\/\/www.elsindical.com.ar\/notas\/wp-json\/wp\/v2\/posts\/142510\/revisions"}],"predecessor-version":[{"id":142514,"href":"https:\/\/www.elsindical.com.ar\/notas\/wp-json\/wp\/v2\/posts\/142510\/revisions\/142514"}],"wp:featuredmedia":[{"embeddable":true,"href":"https:\/\/www.elsindical.com.ar\/notas\/wp-json\/wp\/v2\/media\/142511"}],"wp:attachment":[{"href":"https:\/\/www.elsindical.com.ar\/notas\/wp-json\/wp\/v2\/media?parent=142510"}],"wp:term":[{"taxonomy":"category","embeddable":true,"href":"https:\/\/www.elsindical.com.ar\/notas\/wp-json\/wp\/v2\/categories?post=142510"},{"taxonomy":"post_tag","embeddable":true,"href":"https:\/\/www.elsindical.com.ar\/notas\/wp-json\/wp\/v2\/tags?post=142510"}],"curies":[{"name":"wp","href":"https:\/\/api.w.org\/{rel}","templated":true}]}}