{"id":142505,"date":"2026-01-28T02:40:36","date_gmt":"2026-01-28T05:40:36","guid":{"rendered":"https:\/\/www.elsindical.com.ar\/notas\/?p=142505"},"modified":"2026-01-28T07:51:32","modified_gmt":"2026-01-28T10:51:32","slug":"mar-de-ajo-una-moza-denuncio-a-los-gritos-que-hay-ratas-en-el-restaurante","status":"publish","type":"post","link":"https:\/\/www.elsindical.com.ar\/notas\/mar-de-ajo-una-moza-denuncio-a-los-gritos-que-hay-ratas-en-el-restaurante\/","title":{"rendered":"Mar de Aj\u00f3: Una moza denunci\u00f3 a los gritos que hay ratas en el restaurante"},"content":{"rendered":"<div class=\"wp-block-image\">\n<figure class=\"aligncenter size-full\"><a href=\"https:\/\/www.elsindical.com.ar\/notas\/var\/www\/html\/notas\/wp-content\/uploads\/2026\/01\/Terra-Mar-de-Ajo.jpg\"><img loading=\"lazy\" decoding=\"async\" width=\"680\" height=\"382\" src=\"https:\/\/www.elsindical.com.ar\/notas\/var\/www\/html\/notas\/wp-content\/uploads\/2026\/01\/Terra-Mar-de-Ajo.jpg\" alt=\"\" class=\"wp-image-142506\" srcset=\"https:\/\/www.elsindical.com.ar\/notas\/var\/www\/html\/notas\/wp-content\/uploads\/2026\/01\/Terra-Mar-de-Ajo.jpg 680w, https:\/\/www.elsindical.com.ar\/notas\/var\/www\/html\/notas\/wp-content\/uploads\/2026\/01\/Terra-Mar-de-Ajo-300x169.jpg 300w\" sizes=\"auto, (max-width: 680px) 100vw, 680px\" \/><\/a><\/figure>\n<\/div>\n\n\n<p class=\"wp-block-paragraph\">La tensa secuencia fue registrada por un testigo y se viraliz\u00f3 r\u00e1pidamente en las redes sociales; el local gastron\u00f3mico emiti\u00f3 un comunicado para desmentir acusaciones<\/p>\n\n\n\n<p class=\"wp-block-paragraph\">Una moza de un restaurante de la localidad balnearia de<strong> Mar de Aj\u00f3 <\/strong>denunci\u00f3 en los \u00faltimos d\u00edas a los gritos que en el local gastron\u00f3mico <strong>hay ratas y que se sirve comida vencida.<\/strong> La tensa secuencia fue registrada por un testigo y se viraliz\u00f3 r\u00e1pidamente en las redes sociales.<\/p>\n\n\n\n<p class=\"wp-block-paragraph\">El episodio ocurri\u00f3 en <strong>Terra<\/strong>, conocido all\u00ed como un <em>selfie <\/em>bar de la costa atl\u00e1ntica, que est\u00e1 ubicado en la calle Irigoyen al 200. Frente a todos los comensales y en medio del comercio gastron\u00f3mico, la mujer hizo su <strong>denuncia <\/strong>p\u00fablica.<\/p>\n\n\n\n<figure class=\"wp-block-embed is-type-video is-provider-youtube wp-block-embed-youtube wp-embed-aspect-16-9 wp-has-aspect-ratio\"><div class=\"wp-block-embed__wrapper\">\n<iframe loading=\"lazy\" title=\"Mar de Aj\u00f3 moza denunci\u00f3 a los gritos presencia de roedores en rest\u00f3\" width=\"700\" height=\"394\" src=\"https:\/\/www.youtube.com\/embed\/7uRxDaOiSsY?feature=oembed\" frameborder=\"0\" allow=\"accelerometer; autoplay; clipboard-write; encrypted-media; gyroscope; picture-in-picture; web-share\" referrerpolicy=\"strict-origin-when-cross-origin\" allowfullscreen><\/iframe>\n<\/div><\/figure>\n\n\n\n<p class=\"wp-block-paragraph\">\u201cEste lugar es un lugar de explotaci\u00f3n. La comida que est\u00e1n comiendo&#8230; en la cocina van a encontrar cucarachas as\u00ed de grandes, van a encontrar ratas\u201d, advirti\u00f3 la camarera a los turistas que estaban presentes en el lugar. Luego, agreg\u00f3: \u00ab<strong>A las cervezas vencidas nos hacen borrar con alcohol las fechas de vencimiento<\/strong>. La comida es recalentada del mediod\u00eda, las pastas no son del d\u00eda\u201c.<\/p>\n\n\n\n<p class=\"wp-block-paragraph\">Adem\u00e1s, la mujer, cuya identidad se desconoce, habl\u00f3 de una presunta precarizaci\u00f3n laboral por parte del local y asegur\u00f3 que en el fondo del local se acumulan bolsas de basura de la semana. \u00ab<strong>A las mozas se les paga $25.000 las 12 horas.<\/strong> A la cajera le paga $30.000 cuando le maneja todo el efectivo\u201d, sigui\u00f3. Tambi\u00e9n dijo que el due\u00f1o del restaurante estaba observando la secuencia a trav\u00e9s de las c\u00e1maras de seguridad.<\/p>\n\n\n\n<p class=\"wp-block-paragraph\">Finalmente, pidi\u00f3: \u201d<strong>Lev\u00e1ntense y v\u00e1yanse sin pagar, porque el chab\u00f3n no se merece esto<\/strong>\u201c.<\/p>\n\n\n\n<p class=\"wp-block-paragraph\">Luego de la viralizaci\u00f3n del video y la repercusi\u00f3n que tuvo, Terramar difundi\u00f3 en su cuenta de Instagram un comunicado. <strong>\u201cAnte las falsas acusaciones y el material difamatorio que circula, queremos llevar tranquilidad a nuestros clientes.<\/strong> Estamos hace m\u00e1s de 10 a\u00f1os respetando estrictamente todas las normas de higiene, bromatolog\u00eda y legalidad\u201d, indic\u00f3 el bar.<\/p>\n\n\n<div class=\"wp-block-image\">\n<figure class=\"aligncenter size-full\"><a href=\"https:\/\/www.elsindical.com.ar\/notas\/var\/www\/html\/notas\/wp-content\/uploads\/2026\/01\/comunicado-de-Terra.jpg\"><img loading=\"lazy\" decoding=\"async\" width=\"434\" height=\"729\" src=\"https:\/\/www.elsindical.com.ar\/notas\/var\/www\/html\/notas\/wp-content\/uploads\/2026\/01\/comunicado-de-Terra.jpg\" alt=\"\" class=\"wp-image-142507\" srcset=\"https:\/\/www.elsindical.com.ar\/notas\/var\/www\/html\/notas\/wp-content\/uploads\/2026\/01\/comunicado-de-Terra.jpg 434w, https:\/\/www.elsindical.com.ar\/notas\/var\/www\/html\/notas\/wp-content\/uploads\/2026\/01\/comunicado-de-Terra-179x300.jpg 179w\" sizes=\"auto, (max-width: 434px) 100vw, 434px\" \/><\/a><\/figure>\n<\/div>\n\n\n<p class=\"wp-block-paragraph\">Y cerr\u00f3: <strong>\u201cNo s\u00f3lo desmentimos categ\u00f3ricamente estos dichos malintencionados, sino que los mismos ya est\u00e1n en manos de nuestros asesores legales. <\/strong>Nuestro compromiso sigue siendo el de siempre: brindarles la mejor calidad y un ambiente seguro. Gracias por el apoyo de siempre y por no hacerse eco de noticias falsas que solo buscan da\u00f1ar una fuente de trabajo\u201d.<\/p>\n","protected":false},"excerpt":{"rendered":"<p>La tensa secuencia fue registrada por un testigo y se viraliz\u00f3 r\u00e1pidamente en las redes sociales; el local gastron\u00f3mico emiti\u00f3 un comunicado para desmentir acusaciones Una moza de un restaurante de la localidad balnearia de Mar de Aj\u00f3 denunci\u00f3 en los \u00faltimos d\u00edas a los gritos que en el local gastron\u00f3mico hay ratas y que&hellip;<\/p>\n","protected":false},"author":1,"featured_media":142506,"comment_status":"open","ping_status":"open","sticky":false,"template":"","format":"standard","meta":{"footnotes":""},"categories":[6,25],"tags":[46681,46682,175,2450,39207,13897,11595,46683,39554],"class_list":["post-142505","post","type-post","status-publish","format-standard","has-post-thumbnail","hentry","category-denuncias","category-sociedad","tag-bar-terra","tag-bebidas-vencidas","tag-denuncia","tag-diario-el-sindical","tag-mar-de-ajo-2","tag-moza","tag-ratas","tag-terramar","tag-video-viral"],"_links":{"self":[{"href":"https:\/\/www.elsindical.com.ar\/notas\/wp-json\/wp\/v2\/posts\/142505","targetHints":{"allow":["GET"]}}],"collection":[{"href":"https:\/\/www.elsindical.com.ar\/notas\/wp-json\/wp\/v2\/posts"}],"about":[{"href":"https:\/\/www.elsindical.com.ar\/notas\/wp-json\/wp\/v2\/types\/post"}],"author":[{"embeddable":true,"href":"https:\/\/www.elsindical.com.ar\/notas\/wp-json\/wp\/v2\/users\/1"}],"replies":[{"embeddable":true,"href":"https:\/\/www.elsindical.com.ar\/notas\/wp-json\/wp\/v2\/comments?post=142505"}],"version-history":[{"count":2,"href":"https:\/\/www.elsindical.com.ar\/notas\/wp-json\/wp\/v2\/posts\/142505\/revisions"}],"predecessor-version":[{"id":142509,"href":"https:\/\/www.elsindical.com.ar\/notas\/wp-json\/wp\/v2\/posts\/142505\/revisions\/142509"}],"wp:featuredmedia":[{"embeddable":true,"href":"https:\/\/www.elsindical.com.ar\/notas\/wp-json\/wp\/v2\/media\/142506"}],"wp:attachment":[{"href":"https:\/\/www.elsindical.com.ar\/notas\/wp-json\/wp\/v2\/media?parent=142505"}],"wp:term":[{"taxonomy":"category","embeddable":true,"href":"https:\/\/www.elsindical.com.ar\/notas\/wp-json\/wp\/v2\/categories?post=142505"},{"taxonomy":"post_tag","embeddable":true,"href":"https:\/\/www.elsindical.com.ar\/notas\/wp-json\/wp\/v2\/tags?post=142505"}],"curies":[{"name":"wp","href":"https:\/\/api.w.org\/{rel}","templated":true}]}}