{"id":142482,"date":"2026-01-26T22:25:28","date_gmt":"2026-01-27T01:25:28","guid":{"rendered":"https:\/\/www.elsindical.com.ar\/notas\/?p=142482"},"modified":"2026-01-26T22:25:34","modified_gmt":"2026-01-27T01:25:34","slug":"lomas-de-zamora-empleados-de-comercio-denuncian-irregularidades-en-dia","status":"publish","type":"post","link":"https:\/\/www.elsindical.com.ar\/notas\/lomas-de-zamora-empleados-de-comercio-denuncian-irregularidades-en-dia\/","title":{"rendered":"Lomas de Zamora: Empleados de Comercio denuncian irregularidades en D\u00eda%"},"content":{"rendered":"<div class=\"wp-block-image\">\n<figure class=\"aligncenter size-full\"><a href=\"https:\/\/www.elsindical.com.ar\/notas\/var\/www\/html\/notas\/wp-content\/uploads\/2026\/01\/Dia-Lomas-de-Zamora.jpg\"><img loading=\"lazy\" decoding=\"async\" width=\"768\" height=\"428\" src=\"https:\/\/www.elsindical.com.ar\/notas\/var\/www\/html\/notas\/wp-content\/uploads\/2026\/01\/Dia-Lomas-de-Zamora.jpg\" alt=\"\" class=\"wp-image-142483\" srcset=\"https:\/\/www.elsindical.com.ar\/notas\/var\/www\/html\/notas\/wp-content\/uploads\/2026\/01\/Dia-Lomas-de-Zamora.jpg 768w, https:\/\/www.elsindical.com.ar\/notas\/var\/www\/html\/notas\/wp-content\/uploads\/2026\/01\/Dia-Lomas-de-Zamora-300x167.jpg 300w\" sizes=\"auto, (max-width: 768px) 100vw, 768px\" \/><\/a><\/figure>\n<\/div>\n\n\n<p>El secretario general del Sindicato de Empleados de Comercio de Lomas de Zamora, Rub\u00e9n Crosta, denunci\u00f3 graves <strong>irregularidades laborales detectadas en dos sucursales del supermercado D\u00eda%<\/strong> del distrito lomense, donde se constat\u00f3 la existencia de trabajadoras sometidas a condiciones de extrema precarizaci\u00f3n.<\/p>\n\n\n\n<p>Las anomal\u00edas fueron verificadas durante un<strong> operativo de inspecci\u00f3n realizado por el gremio mercantil en conjunto con funcionarios del Ministerio de Trabajo de la provincia de Buenos Aires.<\/strong> Seg\u00fan se inform\u00f3, se detectaron empleadas no registradas que cumpl\u00edan<strong> jornadas de hasta 12 horas diarias <\/strong>y percib\u00edan salarios muy por debajo de la escala m\u00ednima establecida por el convenio colectivo del sector.<\/p>\n\n\n\n<h2 class=\"wp-block-heading\">Fraude laboral para encubrir la relaci\u00f3n de dependencia<\/h2>\n\n\n\n<p>Durante el relevamiento tambi\u00e9n se constat\u00f3 que,<strong> los fines de semana, las trabajadoras eran reemplazadas por personal contratado bajo la figura de monotributistas<\/strong>, una maniobra que desde el sindicato calificaron como un claro caso de fraude laboral destinado a encubrir una relaci\u00f3n de dependencia.<\/p>\n\n\n\n<p>Desde la organizaci\u00f3n sindical advirtieron que este tipo de pr\u00e1cticas no solo vulneran la legislaci\u00f3n vigente, sino que forman parte de un <strong>esquema sistem\u00e1tico de precarizaci\u00f3n que se repite en distintos puntos del pa\u00eds.<\/strong><\/p>\n\n\n\n<h2 class=\"wp-block-heading\">El aviso de la pol\u00e9mica<\/h2>\n\n\n\n<p>Un local de la franquicia de supermercados D\u00eda public\u00f3 un aviso con una oferta laboral que gener\u00f3 pol\u00e9mica al proponer <strong>un sueldo de 407 mil pesos mensuales por 12 horas de trabajo de lunes a viernes<\/strong>. El salario cubre exactamente el costo de la Canasta B\u00e1sica Total de noviembre, seg\u00fan el \u00faltimo reporte del Indec, pero ya no alcanzar\u00eda ni siquiera para ello desde este mes.<\/p>\n\n\n\n<p>La CBT determina la l\u00ednea de ingresos indispensable para que una persona pueda cubrir sus gastos elementales y no ser considerada pobre. <strong>El sueldo que ofrece el local de Lomas de Zamora de la cadena D\u00eda obliga al trabajador a dedicar medio d\u00eda para escapar apenas de la condici\u00f3n de pobre <\/strong>por ingresos.<\/p>\n\n\n\n<p>De acuerdo al aviso, cumpliendo con un horario de 12 horas por d\u00eda (de 9 a 21), con una hora de almuerzo, <strong>el salario b\u00e1sico parte de los 407 mil pesos. A ese monto se le suma el presentismo, de 20 mil pesos<\/strong>, m\u00e1s premios por objetivos de venta.<\/p>\n\n\n\n<p>Lo cierto es que<strong> el sueldo mensual que ofrece el supermercado D\u00eda queda a tan solo 66 mil pesos del salario m\u00ednimo.<\/strong><\/p>\n\n\n\n<p><\/p>\n","protected":false},"excerpt":{"rendered":"<p>El secretario general del Sindicato de Empleados de Comercio de Lomas de Zamora, Rub\u00e9n Crosta, denunci\u00f3 graves irregularidades laborales detectadas en dos sucursales del supermercado D\u00eda% del distrito lomense, donde se constat\u00f3 la existencia de trabajadoras sometidas a condiciones de extrema precarizaci\u00f3n. Las anomal\u00edas fueron verificadas durante un operativo de inspecci\u00f3n realizado por el gremio&hellip;<\/p>\n","protected":false},"author":1,"featured_media":142483,"comment_status":"open","ping_status":"open","sticky":false,"template":"","format":"standard","meta":{"footnotes":""},"categories":[16],"tags":[2450,30009,1455,46256,46257,18091],"class_list":["post-142482","post","type-post","status-publish","format-standard","has-post-thumbnail","hentry","category-gremiales","tag-diario-el-sindical","tag-lomas-de-zamor","tag-noticias","tag-ruben-crosta","tag-sindicato-de-empleados-de-comercio-de-lomas-de-zamora","tag-supermercado-dia"],"_links":{"self":[{"href":"https:\/\/www.elsindical.com.ar\/notas\/wp-json\/wp\/v2\/posts\/142482","targetHints":{"allow":["GET"]}}],"collection":[{"href":"https:\/\/www.elsindical.com.ar\/notas\/wp-json\/wp\/v2\/posts"}],"about":[{"href":"https:\/\/www.elsindical.com.ar\/notas\/wp-json\/wp\/v2\/types\/post"}],"author":[{"embeddable":true,"href":"https:\/\/www.elsindical.com.ar\/notas\/wp-json\/wp\/v2\/users\/1"}],"replies":[{"embeddable":true,"href":"https:\/\/www.elsindical.com.ar\/notas\/wp-json\/wp\/v2\/comments?post=142482"}],"version-history":[{"count":1,"href":"https:\/\/www.elsindical.com.ar\/notas\/wp-json\/wp\/v2\/posts\/142482\/revisions"}],"predecessor-version":[{"id":142484,"href":"https:\/\/www.elsindical.com.ar\/notas\/wp-json\/wp\/v2\/posts\/142482\/revisions\/142484"}],"wp:featuredmedia":[{"embeddable":true,"href":"https:\/\/www.elsindical.com.ar\/notas\/wp-json\/wp\/v2\/media\/142483"}],"wp:attachment":[{"href":"https:\/\/www.elsindical.com.ar\/notas\/wp-json\/wp\/v2\/media?parent=142482"}],"wp:term":[{"taxonomy":"category","embeddable":true,"href":"https:\/\/www.elsindical.com.ar\/notas\/wp-json\/wp\/v2\/categories?post=142482"},{"taxonomy":"post_tag","embeddable":true,"href":"https:\/\/www.elsindical.com.ar\/notas\/wp-json\/wp\/v2\/tags?post=142482"}],"curies":[{"name":"wp","href":"https:\/\/api.w.org\/{rel}","templated":true}]}}