{"id":142462,"date":"2026-01-26T01:24:07","date_gmt":"2026-01-26T04:24:07","guid":{"rendered":"https:\/\/www.elsindical.com.ar\/notas\/?p=142462"},"modified":"2026-01-26T02:37:55","modified_gmt":"2026-01-26T05:37:55","slug":"pinamar-sirenazo-99-justicia-por-fausto-y-el-poder-corrupto-de-fiesta-en-fiesta","status":"publish","type":"post","link":"https:\/\/www.elsindical.com.ar\/notas\/pinamar-sirenazo-99-justicia-por-fausto-y-el-poder-corrupto-de-fiesta-en-fiesta\/","title":{"rendered":"Pinamar: Sirenazo 99 Justicia por Fausto y el poder corrupto de fiesta en fiesta"},"content":{"rendered":"<div class=\"wp-block-image\">\n<figure class=\"aligncenter size-full\"><a href=\"https:\/\/www.elsindical.com.ar\/notas\/var\/www\/html\/notas\/wp-content\/uploads\/2026\/01\/Ibarguren-presentaciones-en-la-playa.jpg\"><img loading=\"lazy\" decoding=\"async\" width=\"412\" height=\"648\" src=\"https:\/\/www.elsindical.com.ar\/notas\/var\/www\/html\/notas\/wp-content\/uploads\/2026\/01\/Ibarguren-presentaciones-en-la-playa.jpg\" alt=\"\" class=\"wp-image-142465\" srcset=\"https:\/\/www.elsindical.com.ar\/notas\/var\/www\/html\/notas\/wp-content\/uploads\/2026\/01\/Ibarguren-presentaciones-en-la-playa.jpg 412w, https:\/\/www.elsindical.com.ar\/notas\/var\/www\/html\/notas\/wp-content\/uploads\/2026\/01\/Ibarguren-presentaciones-en-la-playa-191x300.jpg 191w\" sizes=\"auto, (max-width: 412px) 100vw, 412px\" \/><\/a><\/figure>\n<\/div>\n\n\n<p>   A pesar de que los n\u00fameros ubican a Pinamar como uno de los municipios con la tasa m\u00e1s alta de obreros de la construcci\u00f3n heridos o muertos, todo sigue igual, parecer\u00eda que a nadie sorprende o indigna la inacci\u00f3n del Municipio de Pinamar, que donde hay poder no controla y s\u00ed persigue a los d\u00e9biles, vendedores ambulantes por ejemplo donde son implacables, la realidad es que si est\u00e1 mal una acci\u00f3n, debe ser sancionada de igual forma.<\/p>\n\n\n\n<p>Con la \u00faltima muerte del obrero de la construcci\u00f3n en Pinamar en una sucursal de la cadena de supermercados <strong>La Proveeduria<\/strong>, de la empresa <strong>Menor Coste<\/strong> de la familia <strong>Hern\u00e1ndez Coste<\/strong>, due\u00f1os de <strong>Hergo<\/strong> un supermercado mayorista de Mar del Plata, controlado por Daniel Omar Hern\u00e1ndez.<\/p>\n\n\n\n<p>Pero los v\u00ednculos entre los Hern\u00e1ndez Coste y el municipio de Pinamar son varios en lo que a negocios se refiere ya que opera en Pinamar desde hace a\u00f1os <strong>CARINORTE S.A<\/strong> cuyo nombre comercial es <strong>LA PROVEEDUR\u00cdA DE CARIL\u00d3<\/strong>, ubicada en la calle <strong>Boyero 1551<\/strong>, localidad de <strong>Caril\u00f3<\/strong>, la empresa tiene como presidente a <strong>Hern\u00e1ndez Coste Felipe<\/strong>,<strong>CUIT 20-37719483-<\/strong>8<strong> <\/strong>, quien adem\u00e1s representa a la empresa DANODIS S.A junto a <strong>Daniel Omar Hern\u00e1ndez<\/strong>, <strong>CUIT 20-16249209-9<\/strong> que entre otras caracter\u00edsticas se ha beneficiado de empleados con bajo costo por un convenio de pasant\u00edas con la <strong>Universidad Nacional de Mar del Plata<\/strong>.<\/p>\n\n\n\n<p>La obra en cuesti\u00f3n parece que ven\u00eda floja de controles municipales y el <strong><a href=\"https:\/\/www.elsindical.com.ar\/notas\/gustavo-schulz-ya-tiene-su-primer-muerto\/\">Arquitecto Gustavo Schulz<\/a><\/strong> el mismo que se burlo de Carina Zabala en un video afirmando no tengo ning\u00fan muerto ahora enfrenta una que lo tiene junto a otros profesionales como responsables de la obra, al igual que quienes los contrataron, as\u00ed que es de esperar que la familia del fallecido reclame justicia y las indemnizaciones que correspondan a los privados y al municipio.<\/p>\n\n\n\n<p>La soberbia de Gustavo Schulz incluso es poco inteligente, porque el mismo en una exposici\u00f3n entre arquitecto cuenta su v\u00ednculo con otra empresa que ha pasado a estar mencionada en las muertes que ocurren en Pinamar, sea en la construcci\u00f3n o en La Frontera, <strong>PINAMAR S.A.F.A.I.C. E I.<\/strong> <strong>CUIT 30-52676215-7<\/strong>, presidida por <strong>Jorge Enrique Shaw<\/strong>, con domicilio social en la calle Avda.<br>C\u00f3rdoba 1345, piso 14, Oficina \u201cA\u201d, Ciudad Aut\u00f3noma de Buenos Aires.<\/p>\n\n\n\n<p>Mientras esta pasaba, el intendente Juan Manuel Ibarguren, \u00abamigo\u00bb de la familia Schulz, segu\u00eda con sus presentaciones art\u00edsticas como si nada, eso s\u00ed, la orden en el municipio fue la de buscar la forma de que los responsables de la obra tengan los menores problemas administrativos, de la causa judicial se encargar\u00e1n los abogados que respiran aliviados al tener como Fiscal a Juan Pablo Calder\u00f3n, que parece tener una actitud benevolente con los responsables de muertes culposas por negligencia o impericia.<\/p>\n\n\n\n<p>Curiosamente los medios locales nunca en sus entrevistas a este Fiscal le han preguntado por la orfandad de pruebas y acusaci\u00f3n en este tipo de causas, que flotan en un Limbo judicial.<\/p>\n\n\n\n<h2 class=\"wp-block-heading\">El municipio solo persigue a los m\u00e1s d\u00e9biles<\/h2>\n\n\n<div class=\"wp-block-image\">\n<figure class=\"aligncenter size-full\"><a href=\"https:\/\/www.elsindical.com.ar\/notas\/var\/www\/html\/notas\/wp-content\/uploads\/2026\/01\/Pinamar-vendedor-de-lentes.jpg\"><img loading=\"lazy\" decoding=\"async\" width=\"559\" height=\"844\" src=\"https:\/\/www.elsindical.com.ar\/notas\/var\/www\/html\/notas\/wp-content\/uploads\/2026\/01\/Pinamar-vendedor-de-lentes.jpg\" alt=\"\" class=\"wp-image-142466\" srcset=\"https:\/\/www.elsindical.com.ar\/notas\/var\/www\/html\/notas\/wp-content\/uploads\/2026\/01\/Pinamar-vendedor-de-lentes.jpg 559w, https:\/\/www.elsindical.com.ar\/notas\/var\/www\/html\/notas\/wp-content\/uploads\/2026\/01\/Pinamar-vendedor-de-lentes-199x300.jpg 199w\" sizes=\"auto, (max-width: 559px) 100vw, 559px\" \/><\/a><\/figure>\n<\/div>\n\n\n<p>   Las excusas que el municipio a dado para justificar las faltas de controles a las obras millonarias, as\u00ed como al espacio de \u00abjuego\u00bb para ricos en La Frontera, contrasta con la persecuci\u00f3n a vendedores ambulantes o buscas que llegaron con la esperanza de vender algo a los turistas.<\/p>\n\n\n\n<p>Para que se entienda, no se intenta justificar lo que est\u00e1 mal, pero s\u00ed, a Ibarguren le falta coherencia u honestidad, ya que es m\u00e1s grave exponer la integridad f\u00edsica de otros que la venta ambulante.<\/p>\n\n\n\n<p>Un ejemplo es las publicaciones que desde Pinamar ha realizado el \u00abinfluencer\u00bb o est\u00fapido como prefiero llamarlo Tano Cresce o <strong>\u00abEl Cheto\u00bb<\/strong>, nadie con un aspecto m\u00e1s grasa podr\u00eda titularse as\u00ed, pero las redes sociales con una especie de cloaca que permiten a mediocres e irresponsables tener unos minutos de fama.<\/p>\n\n\n\n<p><strong>Tano Cresce<\/strong>, se convirti\u00f3 en uno de los personajes m\u00e1s virales del verano con contenido grabado desde Pinamar que termin\u00f3 replic\u00e1ndose en noticieros de todo el pa\u00eds. Con un estilo propio, basado en acrobacias y maniobras vinculadas al mundo de los veh\u00edculos, el influencer explic\u00f3 por qu\u00e9 cree que su material atraviesa plataformas y llega a la televisi\u00f3n.<\/p>\n\n\n\n<p>Al ser consultado sobre su presencia en distintos medios, fue directo: para \u00e9l su rol es \u201cmuy importante\u201d, ya que se dedica a hacer acrobacias y, adem\u00e1s, asegura que sabe de veh\u00edculos, un combo que lo diferencia del resto y lo posiciona como un personaje llamativo para el p\u00fablico y para los programas que buscan contenido viral.<\/p>\n\n\n\n<p>Al parecer en el municipio y la polic\u00eda no se enteraron NUNCA de las acrobacias que el irresponsable sube a sus redes y si tenemos en cuenta que dicen se trata de propiedad privada, los Fiscales de Pinamar, no aprendieron lo que es actuar de oficio.<\/p>\n\n\n<div class=\"wp-block-image\">\n<figure class=\"aligncenter size-full\"><a href=\"https:\/\/www.elsindical.com.ar\/notas\/var\/www\/html\/notas\/wp-content\/uploads\/2026\/01\/Tano-Cresce-publicaciones.jpg\"><img loading=\"lazy\" decoding=\"async\" width=\"650\" height=\"787\" src=\"https:\/\/www.elsindical.com.ar\/notas\/var\/www\/html\/notas\/wp-content\/uploads\/2026\/01\/Tano-Cresce-publicaciones.jpg\" alt=\"\" class=\"wp-image-142463\" srcset=\"https:\/\/www.elsindical.com.ar\/notas\/var\/www\/html\/notas\/wp-content\/uploads\/2026\/01\/Tano-Cresce-publicaciones.jpg 650w, https:\/\/www.elsindical.com.ar\/notas\/var\/www\/html\/notas\/wp-content\/uploads\/2026\/01\/Tano-Cresce-publicaciones-248x300.jpg 248w\" sizes=\"auto, (max-width: 650px) 100vw, 650px\" \/><\/a><\/figure>\n<\/div>\n\n\n<p>   Distinta suerte corri\u00f3 este vendedor ambulante que fue inspeccionado y al que se le secuestro toda su mercader\u00eda adem\u00e1s de labrarle un acta de infracci\u00f3n municipal, el principio de igualdad ante la Ley del Art.16 de la Constituci\u00f3n no rige en Pinamar.<\/p>\n\n\n\n<figure class=\"wp-block-embed is-type-video is-provider-youtube wp-block-embed-youtube wp-embed-aspect-16-9 wp-has-aspect-ratio\"><div class=\"wp-block-embed__wrapper\">\n<iframe loading=\"lazy\" title=\"Pinamar no todos son iguales ante la Ley\" width=\"700\" height=\"394\" src=\"https:\/\/www.youtube.com\/embed\/6rFdAvp7dYg?feature=oembed\" frameborder=\"0\" allow=\"accelerometer; autoplay; clipboard-write; encrypted-media; gyroscope; picture-in-picture; web-share\" referrerpolicy=\"strict-origin-when-cross-origin\" allowfullscreen><\/iframe>\n<\/div><\/figure>\n\n\n\n<h2 class=\"wp-block-heading\">Iv\u00e1n Renkine el buf\u00f3n de los negocios inmobiliarios<\/h2>\n\n\n<div class=\"wp-block-image\">\n<figure class=\"aligncenter size-full\"><a href=\"https:\/\/www.elsindical.com.ar\/notas\/var\/www\/html\/notas\/wp-content\/uploads\/2026\/01\/Renkine-cata-de-vinos.jpg\"><img loading=\"lazy\" decoding=\"async\" width=\"500\" height=\"861\" src=\"https:\/\/www.elsindical.com.ar\/notas\/var\/www\/html\/notas\/wp-content\/uploads\/2026\/01\/Renkine-cata-de-vinos.jpg\" alt=\"\" class=\"wp-image-142464\" srcset=\"https:\/\/www.elsindical.com.ar\/notas\/var\/www\/html\/notas\/wp-content\/uploads\/2026\/01\/Renkine-cata-de-vinos.jpg 500w, https:\/\/www.elsindical.com.ar\/notas\/var\/www\/html\/notas\/wp-content\/uploads\/2026\/01\/Renkine-cata-de-vinos-174x300.jpg 174w\" sizes=\"auto, (max-width: 500px) 100vw, 500px\" \/><\/a><\/figure>\n<\/div>\n\n\n<p>   Y si de impunidad, corrupci\u00f3n y contactos hablamos, no se puede dejar en el olvido los motivos por los que Carina Zabala comenz\u00f3 la lucha de pedir justicia por su hijo  Fausto Maldonado, muerto en una obra que ten\u00eda serias evidencias de irregularidades especialmente en lo que a medidas de seguridad se refiere y con fuertes v\u00ednculos con la <strong>UOCRA<\/strong>.<\/p>\n\n\n\n<p>Mientras un nuevo obrero de la construcci\u00f3n mor\u00eda en un hecho que se pod\u00eda haber evitado si el municipio cumpliera con su funci\u00f3n de fiscalizar y controlar, el obrero estar\u00eda vivo, ya que en el mismo lugar Carina Zabala grabo un video en noviembre del 2025 y el intendente ignor\u00f3 todos los reclamos a la fecha, es evidente que la responsabilidad existe de incumplir con los deberes de funcionario p\u00fablico.<\/p>\n\n\n\n<p>Ahora buscando remontar su imagen de emprendedor, Renkine organiz\u00f3 una cata de vinos, agradeciendo a <strong>Carlos Lasagno CUIT: 20-13789561-8<\/strong> (Vinoteca Citybell) y <strong>WiWo<\/strong> una comercializadora de bodegas directo, destacando productos boutique de la Familia Catena Zapata, la raz\u00f3n social es <strong><em>PROYECTO<\/em> <em>WIWO<\/em> <em>S.R.L<\/em>.<\/strong>, con domicilio en la calle Acevedo 674 de Lomas de Zamora, conformada por <strong>Leandro Javier Mutuverria<\/strong>, <strong>Fernando Gabriel Lugones<\/strong>, <strong>Lucas Adolfo Mutuverria<\/strong>,todos empresarios y con domicilio en Lomas de Zamora.<\/p>\n\n\n\n<p>Sabr\u00e1n estas personas con qui\u00e9n se relacionan, o es un caso de dime con qui\u00e9n andas y te dir\u00e9 qui\u00e9n eres.<\/p>\n\n\n\n<h2 class=\"wp-block-heading\">Carina Zabala lo advirti\u00f3 y no la escucharon<\/h2>\n\n\n<div class=\"wp-block-image\">\n<figure class=\"aligncenter size-full\"><a href=\"https:\/\/www.elsindical.com.ar\/notas\/var\/www\/html\/notas\/wp-content\/uploads\/2026\/01\/sirenazo-99-Carina-Zabala.jpg\"><img loading=\"lazy\" decoding=\"async\" width=\"524\" height=\"921\" src=\"https:\/\/www.elsindical.com.ar\/notas\/var\/www\/html\/notas\/wp-content\/uploads\/2026\/01\/sirenazo-99-Carina-Zabala.jpg\" alt=\"\" class=\"wp-image-142467\" srcset=\"https:\/\/www.elsindical.com.ar\/notas\/var\/www\/html\/notas\/wp-content\/uploads\/2026\/01\/sirenazo-99-Carina-Zabala.jpg 524w, https:\/\/www.elsindical.com.ar\/notas\/var\/www\/html\/notas\/wp-content\/uploads\/2026\/01\/sirenazo-99-Carina-Zabala-171x300.jpg 171w\" sizes=\"auto, (max-width: 524px) 100vw, 524px\" \/><\/a><\/figure>\n<\/div>\n\n\n<p>   No hay mucho para agregar sobre Carina Zabala, en un pa\u00eds normal tendr\u00eda justicia para la muerte de su hijo desde la justicia y desde la pol\u00edtica local deber\u00eda ser reconocida como personalidad de Pinamar, porque te podr\u00e1 caer bien o no, pero su lucha es digna, coherente y hasta ha realizado el trabajo que no hicieron los de la UOCRA, los funcionarios municipales y provinciales, deber\u00eda ser un llamado de atenci\u00f3n para Juan Manuel Ibarguren y Axel Kicillof que no han tomado medidas con sus funcionarios expuestos.<\/p>\n\n\n\n<p>Sigue con su pedido de justicia que ahora vuelve a tener a efectivos policiales que van a pedir los datos que ya tienen, a preguntar lo que ya saben, en una conducta que no es de prevenci\u00f3n sino de acoso, pero parece que a los jefes policiales eso no les preocupa y a los fiscales tampoco porque iniciaron una investigaci\u00f3n judicial por el arresto ilegal de Zabala que a la fecha no ha tenido ning\u00fan avance.<\/p>\n\n\n\n<figure class=\"wp-block-embed is-type-video is-provider-youtube wp-block-embed-youtube wp-embed-aspect-16-9 wp-has-aspect-ratio\"><div class=\"wp-block-embed__wrapper\">\n<iframe loading=\"lazy\" title=\"Pinamar sirenazo 99 justicia por Fausto y el poder corrupto de fiesta en fiesta\" width=\"700\" height=\"394\" src=\"https:\/\/www.youtube.com\/embed\/3brzVv2KfyU?feature=oembed\" frameborder=\"0\" allow=\"accelerometer; autoplay; clipboard-write; encrypted-media; gyroscope; picture-in-picture; web-share\" referrerpolicy=\"strict-origin-when-cross-origin\" allowfullscreen><\/iframe>\n<\/div><\/figure>\n\n\n\n<p>Por Marcelo Ricardo Hawrylciw<\/p>\n","protected":false},"excerpt":{"rendered":"<p>A pesar de que los n\u00fameros ubican a Pinamar como uno de los municipios con la tasa m\u00e1s alta de obreros de la construcci\u00f3n heridos o muertos, todo sigue igual, parecer\u00eda que a nadie sorprende o indigna la inacci\u00f3n del Municipio de Pinamar, que donde hay poder no controla y s\u00ed persigue a los d\u00e9biles,&hellip;<\/p>\n","protected":false},"author":1,"featured_media":142465,"comment_status":"open","ping_status":"open","sticky":false,"template":"","format":"standard","meta":{"footnotes":""},"categories":[10],"tags":[44666,46665,46668,39169,46664,2450,44665,46663,46647,44667,45260,44811,23966,46662,1516,46461,46666,46667],"class_list":["post-142462","post","type-post","status-publish","format-standard","has-post-thumbnail","hentry","category-editorial","tag-carina-zabala","tag-carinorte-sa","tag-carlos-lasagno","tag-corrupcioin","tag-daniel-omar-hernandez","tag-diario-el-sindical","tag-fausto-maldonado","tag-felipe-hernandez-coste","tag-gustavo-schulz","tag-ivan-renkine","tag-jorge-enrique-shaw","tag-juan-manuel-ibarguren","tag-martin-yeza","tag-menor-coste","tag-pinamar","tag-pinamar-sa","tag-tano-cresce","tag-wiwo"],"_links":{"self":[{"href":"https:\/\/www.elsindical.com.ar\/notas\/wp-json\/wp\/v2\/posts\/142462","targetHints":{"allow":["GET"]}}],"collection":[{"href":"https:\/\/www.elsindical.com.ar\/notas\/wp-json\/wp\/v2\/posts"}],"about":[{"href":"https:\/\/www.elsindical.com.ar\/notas\/wp-json\/wp\/v2\/types\/post"}],"author":[{"embeddable":true,"href":"https:\/\/www.elsindical.com.ar\/notas\/wp-json\/wp\/v2\/users\/1"}],"replies":[{"embeddable":true,"href":"https:\/\/www.elsindical.com.ar\/notas\/wp-json\/wp\/v2\/comments?post=142462"}],"version-history":[{"count":4,"href":"https:\/\/www.elsindical.com.ar\/notas\/wp-json\/wp\/v2\/posts\/142462\/revisions"}],"predecessor-version":[{"id":142471,"href":"https:\/\/www.elsindical.com.ar\/notas\/wp-json\/wp\/v2\/posts\/142462\/revisions\/142471"}],"wp:featuredmedia":[{"embeddable":true,"href":"https:\/\/www.elsindical.com.ar\/notas\/wp-json\/wp\/v2\/media\/142465"}],"wp:attachment":[{"href":"https:\/\/www.elsindical.com.ar\/notas\/wp-json\/wp\/v2\/media?parent=142462"}],"wp:term":[{"taxonomy":"category","embeddable":true,"href":"https:\/\/www.elsindical.com.ar\/notas\/wp-json\/wp\/v2\/categories?post=142462"},{"taxonomy":"post_tag","embeddable":true,"href":"https:\/\/www.elsindical.com.ar\/notas\/wp-json\/wp\/v2\/tags?post=142462"}],"curies":[{"name":"wp","href":"https:\/\/api.w.org\/{rel}","templated":true}]}}