{"id":142429,"date":"2026-01-23T21:23:24","date_gmt":"2026-01-24T00:23:24","guid":{"rendered":"https:\/\/www.elsindical.com.ar\/notas\/?p=142429"},"modified":"2026-01-23T23:26:03","modified_gmt":"2026-01-24T02:26:03","slug":"c5n-despide-a-una-corresponsal-internacional-por-denunciar-el-genocidio-en-gaza","status":"publish","type":"post","link":"https:\/\/www.elsindical.com.ar\/notas\/c5n-despide-a-una-corresponsal-internacional-por-denunciar-el-genocidio-en-gaza\/","title":{"rendered":"C5N despide a una corresponsal internacional por denunciar el genocidio en Gaza"},"content":{"rendered":"<div class=\"wp-block-image\">\n<figure class=\"aligncenter size-full\"><a href=\"https:\/\/www.elsindical.com.ar\/notas\/var\/www\/html\/notas\/wp-content\/uploads\/2026\/01\/Silvina-Sterin-Pensel.jpg\"><img loading=\"lazy\" decoding=\"async\" width=\"500\" height=\"621\" src=\"https:\/\/www.elsindical.com.ar\/notas\/var\/www\/html\/notas\/wp-content\/uploads\/2026\/01\/Silvina-Sterin-Pensel.jpg\" alt=\"\" class=\"wp-image-142430\" srcset=\"https:\/\/www.elsindical.com.ar\/notas\/var\/www\/html\/notas\/wp-content\/uploads\/2026\/01\/Silvina-Sterin-Pensel.jpg 500w, https:\/\/www.elsindical.com.ar\/notas\/var\/www\/html\/notas\/wp-content\/uploads\/2026\/01\/Silvina-Sterin-Pensel-242x300.jpg 242w\" sizes=\"auto, (max-width: 500px) 100vw, 500px\" \/><\/a><\/figure>\n<\/div>\n\n\n<p class=\"wp-block-paragraph\">Tras una serie de ataques p\u00fablicos encabezados por la senadora Patricia Bullrich, el operador medi\u00e1tico Eduardo Feinmann, la diputada nacional Sabrina Ajmechet, el legislador de CABA Waldo Wolff y otros referentes sionistas, el canal de noticias C5N desvincul\u00f3 a Silvina Sterin Pensel, una corresponsal de larga trayectoria que hizo p\u00fablica su posici\u00f3n tanto en vivo como a trav\u00e9s de sus redes sociales, repudiando los cr\u00edmenes israel\u00edes y denunciando el asesinato de periodistas. Tambi\u00e9n fueron parte del operativo de presiones para este despido verdaderos antisemitas como Alejandro Fargosi (que encabez\u00f3 la lista oficialista de diputados en CABA en las \u00faltimas elecciones) y hasta los supuestos \u00abprogresistas\u00bb de Meretz Argentina, una filial hu\u00e9rfana de un partido que se disolvi\u00f3 en Israel.<br><br>Desde el canal, que adopta en general posturas opositoras al gobierno pero que continuamente le da aire a mileistas como la panelista Mariana Brey y Antonio Aracre, expresaron: \u00abNos dej\u00f3 muy expuestos, porque esa no es nuestra posici\u00f3n editorial, as\u00ed que decidimos separarla y que no salga m\u00e1s al aire\u00bb (<em>Border Periodismo, <\/em>23\/1). Sterin Pensel hizo una denuncia implacable del genocidio cometido por el Estado de Israel y tambi\u00e9n llam\u00f3 a rechazar la visita de israel\u00edes reci\u00e9n salidos del servicio militar obligatorio en las \u00abFuerzas de Defensa de Israel\u00bb, part\u00edcipes del genocidio. Nuevamente aparece la pretensi\u00f3n de asociar la cr\u00edtica al sionismo con un ataque al juda\u00edsmo, pero como hemos explicado infinitas veces, antisionismo no es antisemitismo.<\/p>\n\n\n\n<p class=\"wp-block-paragraph\">En su descargo, Silvina mostr\u00f3 su firmeza: \u00ablos trabajos van y vienen, pero mis convicciones, mis principios, mi decencia, mi humanidad son inclaudicables\u00bb. Denunci\u00f3 que \u00abesta cruzada por darle el \u00faltimo sablazo a la libertad de expresi\u00f3n me trasciende, y el objetivos es callar a todos los que estamos convencidos de que nada justifica el exterminio de chicos y civiles\u00bb. En respuesta a los ataques de Wolff y Ajmechet, dijo: \u00abme parece lamentable que legisladores que debieran estar trabajando por nuestro pa\u00eds en cambio se den a la tarea de ser polic\u00edas del pensamiento y la opini\u00f3n, en favor de otro pa\u00eds. Cuando la violencia viene de arriba, le abre la puerta a la violencia de todas partes\u00bb, en referencia a las agresiones y amenazas que recibi\u00f3 ella y su familia.<\/p>\n\n\n\n<p class=\"wp-block-paragraph\">Desde diversos agrupamientos pol\u00edticos y referentes se expres\u00f3 una solidaridad inmediata y se exige su reincorporaci\u00f3n. Vanina Biasi, legisladora porte\u00f1a del Frente de Izquierda y del Partido Obrero (perseguida judicialmente por los mismos motivos que fue despedida Silvina), Christian Castillo, dirigente del PTS en el FIT, la agrupaci\u00f3n Naranja de trabajadores de prensa, la agrupaci\u00f3n jud\u00eda antisionista Jud\u00edes x Palestina, Alicia Castro (ex diputada nacional y ex embajadora en Venezuela y Reino Unido) y muchos m\u00e1s se expresaron en este sentido. El movimiento de solidaridad con Palestina no va a dejar de combatir las atrocidades del imperialismo y el sionismo en toda la regi\u00f3n. Contrariamente a sus pretensiones, el sionismo no hace m\u00e1s que amplificar el mensaje que pretende censurar: sigue expandi\u00e9ndose por todo el mundo la denuncia del genocidio y queda en evidencia la vocaci\u00f3n de censura por parte de Israel y sus defensores.<\/p>\n\n\n\n<figure class=\"wp-block-embed is-type-rich is-provider-twitter wp-block-embed-twitter\"><div class=\"wp-block-embed__wrapper\">\n<blockquote class=\"twitter-tweet\" data-width=\"550\" data-dnt=\"true\"><p lang=\"es\" dir=\"ltr\">Mi mensaje para todos ustedes \ud83e\udd17 <a href=\"https:\/\/t.co\/V0R8kP3y3t\">pic.twitter.com\/V0R8kP3y3t<\/a><\/p>&mdash; SilvinaSterinPensel (@SilSterinPensel) <a href=\"https:\/\/x.com\/SilSterinPensel\/status\/2014732324726792483?ref_src=twsrc%5Etfw\">January 23, 2026<\/a><\/blockquote><script async src=\"https:\/\/platform.x.com\/widgets.js\" charset=\"utf-8\"><\/script>\n<\/div><\/figure>\n\n\n\n<figure class=\"wp-block-embed is-type-video is-provider-youtube wp-block-embed-youtube wp-embed-aspect-16-9 wp-has-aspect-ratio\"><div class=\"wp-block-embed__wrapper\">\n<iframe loading=\"lazy\" title=\"C5N despide a periodista por criticar el genocidio de Israel a Palestina\" width=\"700\" height=\"394\" src=\"https:\/\/www.youtube.com\/embed\/Ri0EB_wC8OI?feature=oembed\" frameborder=\"0\" allow=\"accelerometer; autoplay; clipboard-write; encrypted-media; gyroscope; picture-in-picture; web-share\" referrerpolicy=\"strict-origin-when-cross-origin\" allowfullscreen><\/iframe>\n<\/div><\/figure>\n","protected":false},"excerpt":{"rendered":"<p>Tras una serie de ataques p\u00fablicos encabezados por la senadora Patricia Bullrich, el operador medi\u00e1tico Eduardo Feinmann, la diputada nacional Sabrina Ajmechet, el legislador de CABA Waldo Wolff y otros referentes sionistas, el canal de noticias C5N desvincul\u00f3 a Silvina Sterin Pensel, una corresponsal de larga trayectoria que hizo p\u00fablica su posici\u00f3n tanto en vivo&hellip;<\/p>\n","protected":false},"author":1,"featured_media":142430,"comment_status":"open","ping_status":"open","sticky":false,"template":"","format":"standard","meta":{"footnotes":""},"categories":[25],"tags":[3720,4284,2450,3529,30712,3528,1241,46651],"class_list":["post-142429","post","type-post","status-publish","format-standard","has-post-thumbnail","hentry","category-sociedad","tag-c5n","tag-caba","tag-diario-el-sindical","tag-gaza","tag-genocidio","tag-israel","tag-patricia-bullrich","tag-silvina-sterin-pensel"],"_links":{"self":[{"href":"https:\/\/www.elsindical.com.ar\/notas\/wp-json\/wp\/v2\/posts\/142429","targetHints":{"allow":["GET"]}}],"collection":[{"href":"https:\/\/www.elsindical.com.ar\/notas\/wp-json\/wp\/v2\/posts"}],"about":[{"href":"https:\/\/www.elsindical.com.ar\/notas\/wp-json\/wp\/v2\/types\/post"}],"author":[{"embeddable":true,"href":"https:\/\/www.elsindical.com.ar\/notas\/wp-json\/wp\/v2\/users\/1"}],"replies":[{"embeddable":true,"href":"https:\/\/www.elsindical.com.ar\/notas\/wp-json\/wp\/v2\/comments?post=142429"}],"version-history":[{"count":2,"href":"https:\/\/www.elsindical.com.ar\/notas\/wp-json\/wp\/v2\/posts\/142429\/revisions"}],"predecessor-version":[{"id":142432,"href":"https:\/\/www.elsindical.com.ar\/notas\/wp-json\/wp\/v2\/posts\/142429\/revisions\/142432"}],"wp:featuredmedia":[{"embeddable":true,"href":"https:\/\/www.elsindical.com.ar\/notas\/wp-json\/wp\/v2\/media\/142430"}],"wp:attachment":[{"href":"https:\/\/www.elsindical.com.ar\/notas\/wp-json\/wp\/v2\/media?parent=142429"}],"wp:term":[{"taxonomy":"category","embeddable":true,"href":"https:\/\/www.elsindical.com.ar\/notas\/wp-json\/wp\/v2\/categories?post=142429"},{"taxonomy":"post_tag","embeddable":true,"href":"https:\/\/www.elsindical.com.ar\/notas\/wp-json\/wp\/v2\/tags?post=142429"}],"curies":[{"name":"wp","href":"https:\/\/api.w.org\/{rel}","templated":true}]}}