{"id":142400,"date":"2026-01-22T12:38:45","date_gmt":"2026-01-22T15:38:45","guid":{"rendered":"https:\/\/www.elsindical.com.ar\/notas\/?p=142400"},"modified":"2026-01-22T12:38:52","modified_gmt":"2026-01-22T15:38:52","slug":"aumentos-del-salario-minimo-vital-y-movil-a-partir-de-febrero","status":"publish","type":"post","link":"https:\/\/www.elsindical.com.ar\/notas\/aumentos-del-salario-minimo-vital-y-movil-a-partir-de-febrero\/","title":{"rendered":"Aumentos del salario m\u00ednimo vital y m\u00f3vil a partir de febrero"},"content":{"rendered":"<div class=\"wp-block-image\">\n<figure class=\"aligncenter size-full\"><a href=\"https:\/\/www.elsindical.com.ar\/notas\/var\/www\/html\/notas\/wp-content\/uploads\/2026\/01\/salario-minimo-2026.jpg\"><img loading=\"lazy\" decoding=\"async\" width=\"700\" height=\"875\" src=\"https:\/\/www.elsindical.com.ar\/notas\/var\/www\/html\/notas\/wp-content\/uploads\/2026\/01\/salario-minimo-2026.jpg\" alt=\"\" class=\"wp-image-142401\" srcset=\"https:\/\/www.elsindical.com.ar\/notas\/var\/www\/html\/notas\/wp-content\/uploads\/2026\/01\/salario-minimo-2026.jpg 700w, https:\/\/www.elsindical.com.ar\/notas\/var\/www\/html\/notas\/wp-content\/uploads\/2026\/01\/salario-minimo-2026-240x300.jpg 240w\" sizes=\"auto, (max-width: 700px) 100vw, 700px\" \/><\/a><\/figure>\n<\/div>\n\n\n<p>El Consejo Nacional del Empleo, la Productividad y el Salario M\u00ednimo, Vital y M\u00f3vil (SMVM) determin\u00f3 una nueva escala de actualizaciones para todo el pa\u00eds, con aumentos escalonados desde noviembre de 2025 hasta agosto de 2026. De esta manera, en febrero alcanzar\u00e1 los <strong>$346.800<\/strong>.<\/p>\n\n\n\n<p>La resoluci\u00f3n, firmada por la presidente alterna del Consejo, Claudia Silvana Testa, se dict\u00f3 despu\u00e9s del fracaso de las negociaciones entre los representantes sindicales y empleadores. En enero 2026, el m\u00ednimo fue de <strong>$341.000<\/strong>.<\/p>\n","protected":false},"excerpt":{"rendered":"<p>El Consejo Nacional del Empleo, la Productividad y el Salario M\u00ednimo, Vital y M\u00f3vil (SMVM) determin\u00f3 una nueva escala de actualizaciones para todo el pa\u00eds, con aumentos escalonados desde noviembre de 2025 hasta agosto de 2026. De esta manera, en febrero alcanzar\u00e1 los $346.800. La resoluci\u00f3n, firmada por la presidente alterna del Consejo, Claudia Silvana&hellip;<\/p>\n","protected":false},"author":1,"featured_media":142401,"comment_status":"open","ping_status":"open","sticky":false,"template":"","format":"standard","meta":{"footnotes":""},"categories":[9],"tags":[46644,2450,22023,17807],"class_list":["post-142400","post","type-post","status-publish","format-standard","has-post-thumbnail","hentry","category-economia","tag-consejo-nacional-del-empleo-la-productividad-y-el-salario-minimo-vital-y-movil","tag-diario-el-sindical","tag-economia","tag-smvm"],"_links":{"self":[{"href":"https:\/\/www.elsindical.com.ar\/notas\/wp-json\/wp\/v2\/posts\/142400","targetHints":{"allow":["GET"]}}],"collection":[{"href":"https:\/\/www.elsindical.com.ar\/notas\/wp-json\/wp\/v2\/posts"}],"about":[{"href":"https:\/\/www.elsindical.com.ar\/notas\/wp-json\/wp\/v2\/types\/post"}],"author":[{"embeddable":true,"href":"https:\/\/www.elsindical.com.ar\/notas\/wp-json\/wp\/v2\/users\/1"}],"replies":[{"embeddable":true,"href":"https:\/\/www.elsindical.com.ar\/notas\/wp-json\/wp\/v2\/comments?post=142400"}],"version-history":[{"count":1,"href":"https:\/\/www.elsindical.com.ar\/notas\/wp-json\/wp\/v2\/posts\/142400\/revisions"}],"predecessor-version":[{"id":142402,"href":"https:\/\/www.elsindical.com.ar\/notas\/wp-json\/wp\/v2\/posts\/142400\/revisions\/142402"}],"wp:featuredmedia":[{"embeddable":true,"href":"https:\/\/www.elsindical.com.ar\/notas\/wp-json\/wp\/v2\/media\/142401"}],"wp:attachment":[{"href":"https:\/\/www.elsindical.com.ar\/notas\/wp-json\/wp\/v2\/media?parent=142400"}],"wp:term":[{"taxonomy":"category","embeddable":true,"href":"https:\/\/www.elsindical.com.ar\/notas\/wp-json\/wp\/v2\/categories?post=142400"},{"taxonomy":"post_tag","embeddable":true,"href":"https:\/\/www.elsindical.com.ar\/notas\/wp-json\/wp\/v2\/tags?post=142400"}],"curies":[{"name":"wp","href":"https:\/\/api.w.org\/{rel}","templated":true}]}}