{"id":142397,"date":"2026-01-22T11:29:16","date_gmt":"2026-01-22T14:29:16","guid":{"rendered":"https:\/\/www.elsindical.com.ar\/notas\/?p=142397"},"modified":"2026-01-22T11:29:22","modified_gmt":"2026-01-22T14:29:22","slug":"renuncio-el-secretario-de-transporte-de-nacion","status":"publish","type":"post","link":"https:\/\/www.elsindical.com.ar\/notas\/renuncio-el-secretario-de-transporte-de-nacion\/","title":{"rendered":"Renunci\u00f3 el secretario de Transporte de Naci\u00f3n"},"content":{"rendered":"<div class=\"wp-block-image\">\n<figure class=\"aligncenter size-full\"><a href=\"https:\/\/www.elsindical.com.ar\/notas\/var\/www\/html\/notas\/wp-content\/uploads\/2026\/01\/Luis-Pierrini-y-Fernando-Herrmann.jpg\"><img loading=\"lazy\" decoding=\"async\" width=\"768\" height=\"464\" src=\"https:\/\/www.elsindical.com.ar\/notas\/var\/www\/html\/notas\/wp-content\/uploads\/2026\/01\/Luis-Pierrini-y-Fernando-Herrmann.jpg\" alt=\"\" class=\"wp-image-142398\" srcset=\"https:\/\/www.elsindical.com.ar\/notas\/var\/www\/html\/notas\/wp-content\/uploads\/2026\/01\/Luis-Pierrini-y-Fernando-Herrmann.jpg 768w, https:\/\/www.elsindical.com.ar\/notas\/var\/www\/html\/notas\/wp-content\/uploads\/2026\/01\/Luis-Pierrini-y-Fernando-Herrmann-300x181.jpg 300w\" sizes=\"auto, (max-width: 768px) 100vw, 768px\" \/><\/a><\/figure>\n<\/div>\n\n\n<p>Luis Pierrini dej\u00f3 su cargo por motivos personales y el Ministerio de Econom\u00eda confirm\u00f3 que el arquitecto Fernando Herrmann ser\u00e1 el nuevo secretario de Transporte de la Naci\u00f3n.<\/p>\n\n\n\n<p>El <strong>secretario de Transporte de la Naci\u00f3n, Luis Pierrini,<\/strong> present\u00f3 este martes su renuncia al cargo por motivos personales, seg\u00fan confirmaron fuentes oficiales. La salida se da en el marco de una reorganizaci\u00f3n del \u00e1rea dependiente del <strong>Ministerio de Econom\u00eda, que conduce Luis Caputo<\/strong>, y no estuvo vinculada a cuestionamientos sobre su gesti\u00f3n.<\/p>\n\n\n\n<p>Tras conocerse la decisi\u00f3n, el ministro<strong> Luis Caputo agradeci\u00f3 p\u00fablicamente el compromiso y la labor desarrollada por Pierrini<\/strong> durante su paso por la Secretar\u00eda de Transporte, destacando el trabajo realizado en un contexto de fuerte ajuste del gasto p\u00fablico y revisi\u00f3n de contratos vinculados al sistema de transporte.<\/p>\n\n\n\n<p>En reemplazo de Pierrini, el Gobierno design\u00f3 como nuevo titular de la Secretar\u00eda de Transporte al arquitecto Fernando Herrmann, un profesional con trayectoria en obras de infraestructura y gesti\u00f3n del sector. La designaci\u00f3n apunta a reforzar el perfil t\u00e9cnico del \u00e1rea, clave para la pol\u00edtica de obras y servicios en todo el pa\u00eds.<\/p>\n\n\n\n<p>Herrmann es arquitecto egresado de la Universidad de Belgrano, con orientaci\u00f3n en sistemas constructivos especiales, y cuenta con un <strong>Executive Master en Administraci\u00f3n de Empresas (EMBA) del IAE. Adem\u00e1s, desarroll\u00f3 una extensa carrera acad\u00e9mica como docente en instituciones como la FADU, el CPAU, la UNSAM y la FAUP<\/strong>, lo que refuerza su perfil t\u00e9cnico y de gesti\u00f3n para la nueva etapa en Transporte.<\/p>\n","protected":false},"excerpt":{"rendered":"<p>Luis Pierrini dej\u00f3 su cargo por motivos personales y el Ministerio de Econom\u00eda confirm\u00f3 que el arquitecto Fernando Herrmann ser\u00e1 el nuevo secretario de Transporte de la Naci\u00f3n. El secretario de Transporte de la Naci\u00f3n, Luis Pierrini, present\u00f3 este martes su renuncia al cargo por motivos personales, seg\u00fan confirmaron fuentes oficiales. La salida se da&hellip;<\/p>\n","protected":false},"author":1,"featured_media":142398,"comment_status":"open","ping_status":"open","sticky":false,"template":"","format":"standard","meta":{"footnotes":""},"categories":[13],"tags":[2450,46643,24979,46642,10478],"class_list":["post-142397","post","type-post","status-publish","format-standard","has-post-thumbnail","hentry","category-politica","tag-diario-el-sindical","tag-fernando-herrmann","tag-luis-caputo","tag-luis-pierrini","tag-secretario-de-transporte-de-la-nacion"],"_links":{"self":[{"href":"https:\/\/www.elsindical.com.ar\/notas\/wp-json\/wp\/v2\/posts\/142397","targetHints":{"allow":["GET"]}}],"collection":[{"href":"https:\/\/www.elsindical.com.ar\/notas\/wp-json\/wp\/v2\/posts"}],"about":[{"href":"https:\/\/www.elsindical.com.ar\/notas\/wp-json\/wp\/v2\/types\/post"}],"author":[{"embeddable":true,"href":"https:\/\/www.elsindical.com.ar\/notas\/wp-json\/wp\/v2\/users\/1"}],"replies":[{"embeddable":true,"href":"https:\/\/www.elsindical.com.ar\/notas\/wp-json\/wp\/v2\/comments?post=142397"}],"version-history":[{"count":1,"href":"https:\/\/www.elsindical.com.ar\/notas\/wp-json\/wp\/v2\/posts\/142397\/revisions"}],"predecessor-version":[{"id":142399,"href":"https:\/\/www.elsindical.com.ar\/notas\/wp-json\/wp\/v2\/posts\/142397\/revisions\/142399"}],"wp:featuredmedia":[{"embeddable":true,"href":"https:\/\/www.elsindical.com.ar\/notas\/wp-json\/wp\/v2\/media\/142398"}],"wp:attachment":[{"href":"https:\/\/www.elsindical.com.ar\/notas\/wp-json\/wp\/v2\/media?parent=142397"}],"wp:term":[{"taxonomy":"category","embeddable":true,"href":"https:\/\/www.elsindical.com.ar\/notas\/wp-json\/wp\/v2\/categories?post=142397"},{"taxonomy":"post_tag","embeddable":true,"href":"https:\/\/www.elsindical.com.ar\/notas\/wp-json\/wp\/v2\/tags?post=142397"}],"curies":[{"name":"wp","href":"https:\/\/api.w.org\/{rel}","templated":true}]}}