{"id":142371,"date":"2026-01-21T17:04:51","date_gmt":"2026-01-21T20:04:51","guid":{"rendered":"https:\/\/www.elsindical.com.ar\/notas\/?p=142371"},"modified":"2026-01-21T17:04:56","modified_gmt":"2026-01-21T20:04:56","slug":"pinamar-la-hipocresia-del-municipio-al-recordar-a-jose-luis-cabezas","status":"publish","type":"post","link":"https:\/\/www.elsindical.com.ar\/notas\/pinamar-la-hipocresia-del-municipio-al-recordar-a-jose-luis-cabezas\/","title":{"rendered":"Pinamar la hipocres\u00eda del municipio al recordar a Jos\u00e9 Luis Cabezas"},"content":{"rendered":"<div class=\"wp-block-image\">\n<figure class=\"aligncenter size-full\"><a href=\"https:\/\/www.elsindical.com.ar\/notas\/var\/www\/html\/notas\/wp-content\/uploads\/2026\/01\/Jose-Luis-Cabezas-Pinamar.jpg\"><img loading=\"lazy\" decoding=\"async\" width=\"750\" height=\"938\" src=\"https:\/\/www.elsindical.com.ar\/notas\/var\/www\/html\/notas\/wp-content\/uploads\/2026\/01\/Jose-Luis-Cabezas-Pinamar.jpg\" alt=\"\" class=\"wp-image-142372\" srcset=\"https:\/\/www.elsindical.com.ar\/notas\/var\/www\/html\/notas\/wp-content\/uploads\/2026\/01\/Jose-Luis-Cabezas-Pinamar.jpg 750w, https:\/\/www.elsindical.com.ar\/notas\/var\/www\/html\/notas\/wp-content\/uploads\/2026\/01\/Jose-Luis-Cabezas-Pinamar-240x300.jpg 240w\" sizes=\"auto, (max-width: 750px) 100vw, 750px\" \/><\/a><\/figure>\n<\/div>\n\n\n<p>   Si algo le faltaba a la gesti\u00f3n de Juan Manuel Ibarguren, era el organizar un supuesto homenaje a Jos\u00e9 Luis Cabezas, el fot\u00f3grafo period\u00edstico asesinado por polic\u00edas de Pinamar, algunos de los cuales al recuperar la libertad se vincularon con parte de los empresarios locales y hasta ten\u00edan v\u00ednculos con el municipio.<\/p>\n\n\n\n<p>La publicaci\u00f3n del municipio:<\/p>\n\n\n\n<p><strong>A 29 a\u00f1os de su crimen, conmemoramos su vida, pidiendo justicia y la necesidad de defender la libertad de expresi\u00f3n.<br><\/strong><br><strong>Es por eso que hoy, y todos los d\u00edas, no nos olvidamos de Jos\u00e9 Luis y repetimos la frase \u201c\u00a1Cabezas, presente!\u201d.<br><\/strong><br><strong>Acto conmemorativo: 25 de enero, 11 hs.<br><\/strong><br><strong>Monumento a Cabezas, Avenida Bunge 2100, <a href=\"https:\/\/www.facebook.com\/hashtag\/pinamar?__cft__[0]=AZYCXEvklEIf2k9-W7T0DOFxOwoIiRcFp_zCzgnLAXQsAP9V4skhM2DCOY6gkRjGhEfJ4f-04hvQo8Lol7LvNx_N6llegwpaOLbogyk1AZL4bfhc_mqVrPctCfKitJyguxJMrwlmUyCIf2yVYM0MvKStgQnG3XM4jlpgLgV3X9fa2Voh72b57-7R1ZoFi_ub6NmPOBllritOrZD1kV6X-cpV&amp;__tn__=*NK*F\">#Pinamar<\/a>.<br><\/strong><br><strong>En caso de lluvia, se realizar\u00e1 en el Centro Cultural de Ostende (Gaona y Mons).<\/strong><\/p>\n\n\n\n<h2 class=\"wp-block-heading\">Un poco de memoria<\/h2>\n\n\n\n<p>   Jos\u00e9 Luis Cabezas, periodista y reportero gr\u00e1fico de Revista Noticias <strong>fue secuestrado y asesinado el 25 de enero de 1997 en General Madariaga, mientras cubr\u00eda la temporada de verano para ese medio en Pinamar<\/strong>.<\/p>\n\n\n\n<p>El homicidio de Cabezas fue cometido el 25 de enero de 1997 tras una fiesta de cumplea\u00f1os en la casa del empresario postal <strong>Oscar Andreani<\/strong>, en Pinamar.<br><br>Para la Justicia, la v\u00edctima fue capturada en un operativo clandestino supervisado por los polic\u00edas<strong> An\u00edbal Luna<\/strong> y <strong>Sergio Camaratta<\/strong>, y luego llevada hasta una cava de un camino rural de General Madariaga, donde Prellezo lo asesin\u00f3 de dos disparos en la cabeza e incendi\u00f3 su cuerpo dentro del auto que utilizaba para la cobertura period\u00edstica de la temporada de verano.<br><br>Tras una compleja investigaci\u00f3n criminal, el juez de Dolores que instruy\u00f3 la causa,<strong> Jos\u00e9 Luis Macchi<\/strong>, determin\u00f3 que el empresario fallecido <strong>Alfredo Yabr\u00e1n<\/strong> fue el autor intelectual \u00abmediato\u00bb del crimen de Cabezas y su jefe de custodia, el ex Sargento del Ej\u00e9rcito, Gregorio R\u00edos, el inmediato. Por lo menos esa fue la l\u00ednea m\u00e1s conveniente para cerrar en solo estos cualquier otra l\u00ednea de investigaci\u00f3n m\u00e1s comprometedora de poderosos empresarios y pol\u00edticos, en medio de una pelea entre el presidente <strong>Carlos Sa\u00fal Menem<\/strong> y el gobernador de la provincia de Buenos Aires <strong>Eduardo Duhalde<\/strong>. Donde Pinamar era un lugar pujante para todo tipo de negocios y negociados.<\/p>\n\n\n\n<p>El 2 de febrero de 2000, los horneros <strong>Auge, Braga, H\u00e9ctor Retana y Sergio Gonz\u00e1lez <\/strong>fueron condenados a<strong>prisi\u00f3n perpetua por sustracci\u00f3n de persona agravada por la muerte de la v\u00edctima<\/strong> en concurso ideal con homicidio simple, mientras que R\u00edos recibi\u00f3 la misma pena por instigador del mismo delito.<br><br>En tanto, los expolic\u00edas <strong>Gustavo Prellezo<\/strong>, <strong>An\u00edbal Luna<\/strong> y <strong>Sergio Camaratta<\/strong>, fueron sentenciados a reclusi\u00f3n perpetua, y en segundo juicio fue condenado a la misma pena el ex comisario <strong>Alberto G\u00f3mez<\/strong>.\u00a0<\/p>\n\n\n\n<p>En el a\u00f1o<strong> 2011<\/strong> Perfil publica <\/p>\n\n\n\n<p>Mientras miles de turistas disfrutan del sol y la playa en el partido de Pinamar, su casa es cuidada por el <strong>Servicio Organizado de Seguridad <\/strong>(SOS). Esta empresa de seguridad privada es una de las m\u00e1s importantes del distrito y opera principalmente en Pinamar, Caril\u00f3 y Valeria del Mar. La agencia, propiedad de los due\u00f1os de la Constructora del Bosque, est\u00e1 a nombre de <strong>Silvia Rosana Melgarejo<\/strong>, mujer conocida del ex polic\u00eda bonaerense Sergio Cammaratta.<\/p>\n\n\n\n<p>Cammaratta fue condenado a prisi\u00f3n perpetua en 2000 por <a target=\"_blank\" rel=\"noreferrer noopener\">el asesinato del fot\u00f3grafo de <em>Noticias<\/em>, Jos\u00e9 Luis Cabezas<\/a>. Sin embargo, en la actualidad, el ex polic\u00eda recorre el distrito como cualquier vecino, beneficiado por la ley del \u201cdos por uno\u201d y, seg\u00fan pudo reconstruir PERFIL, estar\u00eda trabajando en SOS, bregando, parad\u00f3jicamente, por la seguridad de los habitantes.<\/p>\n\n\n\n<p>Por ese entonces a pesar de que Cammaratta dec\u00eda ser un desempleado, conduc\u00eda una costosa camioneta 4&#215;4 y no ocultaba su amistad con el ex intendente <strong>Blas Altieri<\/strong>, quien hasta su muerte siempre defendi\u00f3 la inocencia del empresario Alfredo Yabr\u00e1n y del ex Comisario Alberto G\u00f3mez. Lo de Altieri merece un cap\u00edtulo aparte, fue amigo de Jorge Bunge uno de los fundadores de Pinamar, se relacion\u00f3 con Mauricio Macri desde que este era joven, por una amistad con Franco Macri con quien casi lleg\u00f3 a ser socio, fue \u00edntimo de <strong>Daniel Scioli<\/strong>.<\/p>\n\n\n\n<p>4 a\u00f1os despu\u00e9s Cammaratta muri\u00f3 en la prisi\u00f3n de Dolores, donde regres\u00f3 luego de que la Corte Bonaerense revocara el fallo de Casaci\u00f3n que lo dej\u00f3 en libertad.<\/p>\n\n\n\n<p>Este fue el caso m\u00e1s resonante, pero no el \u00fanico, ya que hubo m\u00e1s involucrados de los que llegaron a juicio.<\/p>\n\n\n\n<p>Hoy <strong>Silvia Rosana Melgarejo<\/strong> es una exitosa empresaria en Pinamar, premiada incluso en los <strong>Pinamar Awards <\/strong>donde fue elegida en el 2024 como empresaria del a\u00f1o. Para muchos de los que la conocen en sus inicios, es una inc\u00f3gnita el progreso econ\u00f3mico de Melgarejo ya que la recuerdan como una mujer de clase baja que incluso realizaba tareas dom\u00e9sticas.<\/p>\n\n\n\n<figure class=\"wp-block-image size-large\"><a href=\"https:\/\/www.elsindical.com.ar\/notas\/var\/www\/html\/notas\/wp-content\/uploads\/2026\/01\/Silvia-Melgarejo-premiada.jpeg\"><img loading=\"lazy\" decoding=\"async\" width=\"1024\" height=\"1024\" src=\"https:\/\/www.elsindical.com.ar\/notas\/var\/www\/html\/notas\/wp-content\/uploads\/2026\/01\/Silvia-Melgarejo-premiada-1024x1024.jpeg\" alt=\"\" class=\"wp-image-142373\" srcset=\"https:\/\/www.elsindical.com.ar\/notas\/var\/www\/html\/notas\/wp-content\/uploads\/2026\/01\/Silvia-Melgarejo-premiada-1024x1024.jpeg 1024w, https:\/\/www.elsindical.com.ar\/notas\/var\/www\/html\/notas\/wp-content\/uploads\/2026\/01\/Silvia-Melgarejo-premiada-300x300.jpeg 300w, https:\/\/www.elsindical.com.ar\/notas\/var\/www\/html\/notas\/wp-content\/uploads\/2026\/01\/Silvia-Melgarejo-premiada-150x150.jpeg 150w, https:\/\/www.elsindical.com.ar\/notas\/var\/www\/html\/notas\/wp-content\/uploads\/2026\/01\/Silvia-Melgarejo-premiada-768x768.jpeg 768w, https:\/\/www.elsindical.com.ar\/notas\/var\/www\/html\/notas\/wp-content\/uploads\/2026\/01\/Silvia-Melgarejo-premiada-50x50.jpeg 50w, https:\/\/www.elsindical.com.ar\/notas\/var\/www\/html\/notas\/wp-content\/uploads\/2026\/01\/Silvia-Melgarejo-premiada.jpeg 1440w\" sizes=\"auto, (max-width: 1024px) 100vw, 1024px\" \/><\/a><\/figure>\n\n\n\n<p>Como sea, hoy preside la <strong>Constructora del Bosque S.A CUIT: 30-64850876-6<\/strong>, junto a <strong>Mar\u00eda Silvina Lamorte Fij\u00e1n<\/strong>, una exitosa empresa del rubro inmobiliario que adem\u00e1s posee otras unidades de negocios y que cuenta entre su equipo de trabajo con <strong>Catalina Meilke<\/strong>, esposa del intendente de Pinamar Juan Manuel Ibarguren.<\/p>\n\n\n\n<figure class=\"wp-block-image size-large\"><a href=\"https:\/\/www.elsindical.com.ar\/notas\/var\/www\/html\/notas\/wp-content\/uploads\/2026\/01\/Catalina-y-Constructoria-del-Bosque.jpg\"><img loading=\"lazy\" decoding=\"async\" width=\"1024\" height=\"1024\" src=\"https:\/\/www.elsindical.com.ar\/notas\/var\/www\/html\/notas\/wp-content\/uploads\/2026\/01\/Catalina-y-Constructoria-del-Bosque-1024x1024.jpg\" alt=\"\" class=\"wp-image-142374\" srcset=\"https:\/\/www.elsindical.com.ar\/notas\/var\/www\/html\/notas\/wp-content\/uploads\/2026\/01\/Catalina-y-Constructoria-del-Bosque-1024x1024.jpg 1024w, https:\/\/www.elsindical.com.ar\/notas\/var\/www\/html\/notas\/wp-content\/uploads\/2026\/01\/Catalina-y-Constructoria-del-Bosque-300x300.jpg 300w, https:\/\/www.elsindical.com.ar\/notas\/var\/www\/html\/notas\/wp-content\/uploads\/2026\/01\/Catalina-y-Constructoria-del-Bosque-150x150.jpg 150w, https:\/\/www.elsindical.com.ar\/notas\/var\/www\/html\/notas\/wp-content\/uploads\/2026\/01\/Catalina-y-Constructoria-del-Bosque-768x768.jpg 768w, https:\/\/www.elsindical.com.ar\/notas\/var\/www\/html\/notas\/wp-content\/uploads\/2026\/01\/Catalina-y-Constructoria-del-Bosque-50x50.jpg 50w, https:\/\/www.elsindical.com.ar\/notas\/var\/www\/html\/notas\/wp-content\/uploads\/2026\/01\/Catalina-y-Constructoria-del-Bosque.jpg 1400w\" sizes=\"auto, (max-width: 1024px) 100vw, 1024px\" \/><\/a><\/figure>\n\n\n\n<p>Entonces Pinamar sigue siendo un lugar donde algunos exitosos no necesitan dar explicaciones, porque todo se olvida, entre fiestas y una fuerte publicidad, se termina instalando una imagen y eso es lo que importa. El caso de Cabezas no es la \u00fanica muerte pisoteada por la impunidad y la falta de memoria, de hecho los premios <strong>Pinamar Awords<\/strong>, convocan, ternan y premian a varios empresarios con muertos sobre sus hombros.<\/p>\n\n\n\n<p>Los pol\u00edticos m\u00e1s relevantes han pasado por Pinamar, han comenzado y cerrado negocios, las fiestas m\u00e1s exclusivas donde los excesos eran el atractivo eran la atracci\u00f3n de reporteros gr\u00e1ficos como Cabezas que buscaban las fotos comprometedoras de famosos, que se sent\u00edan c\u00f3modos para dar rienda suelta a sus fantas\u00edas, podr\u00edamos resumir los 90 de Pinamar como sexo, drogas y pol\u00edtica, hoy \u00bfalguien puede afirmar que algo haya cambiado?.<\/p>\n\n\n\n<p>Por Marcelo Ricardo Hawrylciw<\/p>\n","protected":false},"excerpt":{"rendered":"<p>Si algo le faltaba a la gesti\u00f3n de Juan Manuel Ibarguren, era el organizar un supuesto homenaje a Jos\u00e9 Luis Cabezas, el fot\u00f3grafo period\u00edstico asesinado por polic\u00edas de Pinamar, algunos de los cuales al recuperar la libertad se vincularon con parte de los empresarios locales y hasta ten\u00edan v\u00ednculos con el municipio. La publicaci\u00f3n del&hellip;<\/p>\n","protected":false},"author":1,"featured_media":142372,"comment_status":"open","ping_status":"open","sticky":false,"template":"","format":"standard","meta":{"footnotes":""},"categories":[10],"tags":[46636,6879,46428,46635,2450,1703,3751,44811,46637,1516,46633,46634],"class_list":["post-142371","post","type-post","status-publish","format-standard","has-post-thumbnail","hentry","category-editorial","tag-blas-altieri","tag-carlos-menem","tag-catalina-mielke","tag-constructora-del-bosque-sa","tag-diario-el-sindical","tag-eduardo-duhalde","tag-jose-luis-cabezas","tag-juan-manuel-ibarguren","tag-oscar-andrani","tag-pinamar","tag-sergio-cammaratta","tag-silvia-rosana-melgarejo"],"_links":{"self":[{"href":"https:\/\/www.elsindical.com.ar\/notas\/wp-json\/wp\/v2\/posts\/142371","targetHints":{"allow":["GET"]}}],"collection":[{"href":"https:\/\/www.elsindical.com.ar\/notas\/wp-json\/wp\/v2\/posts"}],"about":[{"href":"https:\/\/www.elsindical.com.ar\/notas\/wp-json\/wp\/v2\/types\/post"}],"author":[{"embeddable":true,"href":"https:\/\/www.elsindical.com.ar\/notas\/wp-json\/wp\/v2\/users\/1"}],"replies":[{"embeddable":true,"href":"https:\/\/www.elsindical.com.ar\/notas\/wp-json\/wp\/v2\/comments?post=142371"}],"version-history":[{"count":1,"href":"https:\/\/www.elsindical.com.ar\/notas\/wp-json\/wp\/v2\/posts\/142371\/revisions"}],"predecessor-version":[{"id":142375,"href":"https:\/\/www.elsindical.com.ar\/notas\/wp-json\/wp\/v2\/posts\/142371\/revisions\/142375"}],"wp:featuredmedia":[{"embeddable":true,"href":"https:\/\/www.elsindical.com.ar\/notas\/wp-json\/wp\/v2\/media\/142372"}],"wp:attachment":[{"href":"https:\/\/www.elsindical.com.ar\/notas\/wp-json\/wp\/v2\/media?parent=142371"}],"wp:term":[{"taxonomy":"category","embeddable":true,"href":"https:\/\/www.elsindical.com.ar\/notas\/wp-json\/wp\/v2\/categories?post=142371"},{"taxonomy":"post_tag","embeddable":true,"href":"https:\/\/www.elsindical.com.ar\/notas\/wp-json\/wp\/v2\/tags?post=142371"}],"curies":[{"name":"wp","href":"https:\/\/api.w.org\/{rel}","templated":true}]}}