{"id":142352,"date":"2026-01-20T10:02:57","date_gmt":"2026-01-20T13:02:57","guid":{"rendered":"https:\/\/www.elsindical.com.ar\/notas\/?p=142352"},"modified":"2026-01-20T11:02:43","modified_gmt":"2026-01-20T14:02:43","slug":"escandalo-en-la-policia-federal-subcomisario-dio-positivo-en-alcoholemia-mientras-viajaba-de-vacaciones-en-un-movil-oficial","status":"publish","type":"post","link":"https:\/\/www.elsindical.com.ar\/notas\/escandalo-en-la-policia-federal-subcomisario-dio-positivo-en-alcoholemia-mientras-viajaba-de-vacaciones-en-un-movil-oficial\/","title":{"rendered":"Esc\u00e1ndalo en la Polic\u00eda Federal: Subcomisario dio positivo en alcoholemia mientras viajaba de vacaciones en un m\u00f3vil oficial"},"content":{"rendered":"<div class=\"wp-block-image\">\n<figure class=\"aligncenter size-full is-resized\"><a href=\"https:\/\/www.elsindical.com.ar\/notas\/var\/www\/html\/notas\/wp-content\/uploads\/2026\/01\/Subcomisario-Ignacio-Adolfo-Garcia-Acosta-PFA.png\"><img loading=\"lazy\" decoding=\"async\" width=\"345\" height=\"292\" src=\"https:\/\/www.elsindical.com.ar\/notas\/var\/www\/html\/notas\/wp-content\/uploads\/2026\/01\/Subcomisario-Ignacio-Adolfo-Garcia-Acosta-PFA.png\" alt=\"\" class=\"wp-image-142353\" style=\"aspect-ratio:1.1815213131884879;width:532px;height:auto\" srcset=\"https:\/\/www.elsindical.com.ar\/notas\/var\/www\/html\/notas\/wp-content\/uploads\/2026\/01\/Subcomisario-Ignacio-Adolfo-Garcia-Acosta-PFA.png 345w, https:\/\/www.elsindical.com.ar\/notas\/var\/www\/html\/notas\/wp-content\/uploads\/2026\/01\/Subcomisario-Ignacio-Adolfo-Garcia-Acosta-PFA-300x254.png 300w\" sizes=\"auto, (max-width: 345px) 100vw, 345px\" \/><\/a><\/figure>\n<\/div>\n\n\n<p>Un nuevo episodio vuelve a dejar a la Polic\u00eda Federal Argentina en el centro de la pol\u00e9mica. En las \u00faltimas horas se viraliz\u00f3 en redes sociales un video que muestra a un funcionario de la fuerza viajando de vacaciones junto a su familia en un m\u00f3vil oficial, quien adem\u00e1s habr\u00eda dado positivo en un control de alcoholemia.<\/p>\n\n\n\n<p>El veh\u00edculo involucrado es un rodado oficial dominio <strong>OKJ 786<\/strong>, perteneciente a la <strong>Polic\u00eda Federal Argentina<\/strong>. El hombre que aparece en las im\u00e1genes fue identificado como el <strong>Subcomisario Ignacio Adolfo Garc\u00eda Acosta, DNI N\u00ba 30.324.911, Legajo Personal N\u00ba 5.154<\/strong>, quien se encontraba destinado en la <strong>Divisi\u00f3n Delitos Tecnol\u00f3gicos, dependiente del Departamento Ciberdelitos de la Superintendencia de Investigaciones en Buenos Aires.<\/strong><\/p>\n\n\n\n<p>El hecho genera una fuerte repercusi\u00f3n no solo por el resultado positivo del control de alcoholemia, sino tambi\u00e9n por el uso indebido de un m\u00f3vil oficial para fines personales, una pr\u00e1ctica que desde distintos sectores se viene cuestionando desde hace tiempo.<\/p>\n\n\n\n<p>De acuerdo a lo confirmado por fuentes policiales, el funcionario fue pasado a situaci\u00f3n de disponibilidad y ya se le inici\u00f3 un sumario administrativo, mientras se eval\u00faan las sanciones correspondientes.<\/p>\n\n\n\n<p>Este episodio se suma a otros hechos recientes que golpearon la imagen institucional de la fuerza. D\u00edas atr\u00e1s, se inform\u00f3 sobre un grave esc\u00e1ndalo ocurrido en la ciudad de<strong> Crespo, Entre R\u00edos<\/strong>, donde un funcionario fue acusado de abuso sexual con acceso carnal, profundizando el malestar social y el cuestionamiento hacia algunos integrantes de la instituci\u00f3n.<\/p>\n\n\n\n<p>Desde distintos \u00e1mbitos remarcaron que situaciones como esta perjudican seriamente a la Polic\u00eda Federal, desprestigiando el uniforme y da\u00f1ando la confianza p\u00fablica. Asimismo, se subray\u00f3 que este tipo de conductas individuales terminan afectando a la totalidad de los efectivos, muchos de los cuales cumplen su tarea con responsabilidad y compromiso.<\/p>\n\n\n\n<p>Mientras avanza la investigaci\u00f3n administrativa, se aguarda que las autoridades adopten medidas ejemplificadoras para evitar la repetici\u00f3n de hechos que ponen en tela de juicio la conducta de quienes deben hacer cumplir la ley.<\/p>\n\n\n\n<figure class=\"wp-block-embed is-type-video is-provider-youtube wp-block-embed-youtube wp-embed-aspect-16-9 wp-has-aspect-ratio\"><div class=\"wp-block-embed__wrapper\">\n<iframe loading=\"lazy\" title=\"Subcomisario de la PFA conduc\u00eda enrio en auto oficial con toda su familia\" width=\"700\" height=\"394\" src=\"https:\/\/www.youtube.com\/embed\/3djMJAO4Qa4?feature=oembed\" frameborder=\"0\" allow=\"accelerometer; autoplay; clipboard-write; encrypted-media; gyroscope; picture-in-picture; web-share\" referrerpolicy=\"strict-origin-when-cross-origin\" allowfullscreen><\/iframe>\n<\/div><\/figure>\n","protected":false},"excerpt":{"rendered":"<p>Un nuevo episodio vuelve a dejar a la Polic\u00eda Federal Argentina en el centro de la pol\u00e9mica. En las \u00faltimas horas se viraliz\u00f3 en redes sociales un video que muestra a un funcionario de la fuerza viajando de vacaciones junto a su familia en un m\u00f3vil oficial, quien adem\u00e1s habr\u00eda dado positivo en un control&hellip;<\/p>\n","protected":false},"author":1,"featured_media":142353,"comment_status":"open","ping_status":"open","sticky":false,"template":"","format":"standard","meta":{"footnotes":""},"categories":[22],"tags":[11709,2992,2450,16528,698,46622,46623],"class_list":["post-142352","post","type-post","status-publish","format-standard","has-post-thumbnail","hentry","category-policiales","tag-alcoholemia","tag-borracho","tag-diario-el-sindical","tag-division-delitos-tecnologicos","tag-pfa","tag-subcomisario-ignacio-adolfo-garcia-acosta","tag-vehiculo-oficial"],"_links":{"self":[{"href":"https:\/\/www.elsindical.com.ar\/notas\/wp-json\/wp\/v2\/posts\/142352","targetHints":{"allow":["GET"]}}],"collection":[{"href":"https:\/\/www.elsindical.com.ar\/notas\/wp-json\/wp\/v2\/posts"}],"about":[{"href":"https:\/\/www.elsindical.com.ar\/notas\/wp-json\/wp\/v2\/types\/post"}],"author":[{"embeddable":true,"href":"https:\/\/www.elsindical.com.ar\/notas\/wp-json\/wp\/v2\/users\/1"}],"replies":[{"embeddable":true,"href":"https:\/\/www.elsindical.com.ar\/notas\/wp-json\/wp\/v2\/comments?post=142352"}],"version-history":[{"count":2,"href":"https:\/\/www.elsindical.com.ar\/notas\/wp-json\/wp\/v2\/posts\/142352\/revisions"}],"predecessor-version":[{"id":142355,"href":"https:\/\/www.elsindical.com.ar\/notas\/wp-json\/wp\/v2\/posts\/142352\/revisions\/142355"}],"wp:featuredmedia":[{"embeddable":true,"href":"https:\/\/www.elsindical.com.ar\/notas\/wp-json\/wp\/v2\/media\/142353"}],"wp:attachment":[{"href":"https:\/\/www.elsindical.com.ar\/notas\/wp-json\/wp\/v2\/media?parent=142352"}],"wp:term":[{"taxonomy":"category","embeddable":true,"href":"https:\/\/www.elsindical.com.ar\/notas\/wp-json\/wp\/v2\/categories?post=142352"},{"taxonomy":"post_tag","embeddable":true,"href":"https:\/\/www.elsindical.com.ar\/notas\/wp-json\/wp\/v2\/tags?post=142352"}],"curies":[{"name":"wp","href":"https:\/\/api.w.org\/{rel}","templated":true}]}}