{"id":142329,"date":"2026-01-19T21:14:39","date_gmt":"2026-01-20T00:14:39","guid":{"rendered":"https:\/\/www.elsindical.com.ar\/notas\/?p=142329"},"modified":"2026-01-19T21:20:56","modified_gmt":"2026-01-20T00:20:56","slug":"pinamar-sobran-policias-falta-justicia","status":"publish","type":"post","link":"https:\/\/www.elsindical.com.ar\/notas\/pinamar-sobran-policias-falta-justicia\/","title":{"rendered":"Pinamar: Sobran polic\u00edas, falta justicia"},"content":{"rendered":"\n<figure class=\"wp-block-image size-large\"><a href=\"https:\/\/www.elsindical.com.ar\/notas\/var\/www\/html\/notas\/wp-content\/uploads\/2026\/01\/Policias-Pinamar.jpg\"><img loading=\"lazy\" decoding=\"async\" width=\"1024\" height=\"576\" src=\"https:\/\/www.elsindical.com.ar\/notas\/var\/www\/html\/notas\/wp-content\/uploads\/2026\/01\/Policias-Pinamar-1024x576.jpg\" alt=\"\" class=\"wp-image-142330\" srcset=\"https:\/\/www.elsindical.com.ar\/notas\/var\/www\/html\/notas\/wp-content\/uploads\/2026\/01\/Policias-Pinamar-1024x576.jpg 1024w, https:\/\/www.elsindical.com.ar\/notas\/var\/www\/html\/notas\/wp-content\/uploads\/2026\/01\/Policias-Pinamar-300x169.jpg 300w, https:\/\/www.elsindical.com.ar\/notas\/var\/www\/html\/notas\/wp-content\/uploads\/2026\/01\/Policias-Pinamar-768x432.jpg 768w, https:\/\/www.elsindical.com.ar\/notas\/var\/www\/html\/notas\/wp-content\/uploads\/2026\/01\/Policias-Pinamar-1536x864.jpg 1536w, https:\/\/www.elsindical.com.ar\/notas\/var\/www\/html\/notas\/wp-content\/uploads\/2026\/01\/Policias-Pinamar-460x260.jpg 460w, https:\/\/www.elsindical.com.ar\/notas\/var\/www\/html\/notas\/wp-content\/uploads\/2026\/01\/Policias-Pinamar.jpg 1920w\" sizes=\"auto, (max-width: 1024px) 100vw, 1024px\" \/><\/a><\/figure>\n\n\n\n<p>   Juan Manuel Ibarguren, el intendente de Pinamar, parece haber tomado la decisi\u00f3n de pasar a ser recordado como un pol\u00edtico in\u00fatil para un cargo ejecutivo, ya que d\u00eda a d\u00eda demuestra que lo suyo no es gestionar y que es mejor empleado que jefe.<\/p>\n\n\n\n<p>Su gesti\u00f3n de gobierno no solo es mala, esta manchada por hechos graves de corrupci\u00f3n no solo en el pueblo, sino dentro del mismo municipio sin que a la fecha los culpables hayan sido descubiertos, en parte por la complicidad judicial que existe con los pol\u00edticos en general.<\/p>\n\n\n\n<p>En plena temporada, con la presencia policial reforzada, si hay algo que ahora le sobra a Pinamar es la presencia policial, a\u00fan cuando esa presencia sea mal organizada por superiores que deben tener otros intereses distintos al bien com\u00fan, solo as\u00ed se entiende que algunos delitos sigan sin tener consecuencias.<\/p>\n\n\n\n<p>Pero s\u00ed parece que dentro de las prioridades en la seguridad p\u00fablica, el municipio y el responsable de la polic\u00eda en Pinamar consideran relevante que al menos 8 polic\u00edas se acerquen a identificar a una madre que lleva a\u00f1os reclamando justicia por la muerte de su hijo Fausto, y cuando esto ocurre indigna, porque no es necesario intimidar y mucho menos alejar de la prevenci\u00f3n a varios polic\u00edas con la excusa de identificar a una mujer, una madre que desde el dolor reclama justicia, sin violencia pero con tenacidad.<\/p>\n\n\n\n<p>La incoherencia en Pinamar es total, para custodiar un espacio de playa con cientos de personas, env\u00edan 2 polic\u00edas, pero para intimidar a una madre sola, con una bandera y su meg\u00e1fono, van 8 con moto y m\u00f3viles.<\/p>\n\n\n\n<figure class=\"wp-block-image size-large\"><a href=\"https:\/\/www.elsindical.com.ar\/notas\/var\/www\/html\/notas\/wp-content\/uploads\/2026\/01\/Policias-playa-Pinamar.jpg\"><img loading=\"lazy\" decoding=\"async\" width=\"1024\" height=\"505\" src=\"https:\/\/www.elsindical.com.ar\/notas\/var\/www\/html\/notas\/wp-content\/uploads\/2026\/01\/Policias-playa-Pinamar-1024x505.jpg\" alt=\"\" class=\"wp-image-142331\" srcset=\"https:\/\/www.elsindical.com.ar\/notas\/var\/www\/html\/notas\/wp-content\/uploads\/2026\/01\/Policias-playa-Pinamar-1024x505.jpg 1024w, https:\/\/www.elsindical.com.ar\/notas\/var\/www\/html\/notas\/wp-content\/uploads\/2026\/01\/Policias-playa-Pinamar-300x148.jpg 300w, https:\/\/www.elsindical.com.ar\/notas\/var\/www\/html\/notas\/wp-content\/uploads\/2026\/01\/Policias-playa-Pinamar-768x379.jpg 768w, https:\/\/www.elsindical.com.ar\/notas\/var\/www\/html\/notas\/wp-content\/uploads\/2026\/01\/Policias-playa-Pinamar.jpg 1256w\" sizes=\"auto, (max-width: 1024px) 100vw, 1024px\" \/><\/a><figcaption class=\"wp-element-caption\">01-01 Pinamar Comienzo de a\u00f1o en las playas cerca del muelle de Pinamar. La polic\u00eda dispers\u00f3 a algunos j\u00f3venes por no respetar la distancia social. Protocolos COVID. Coronavirus argentina. Foto: Andr\u00e9s D\u2019Elia<\/figcaption><\/figure>\n\n\n\n<p>Justicia por Fausto, es un antes y un despu\u00e9s en la historia de Pinamar en los medios, porque no todos los periodistas son lo mismo y hasta el momento de la detenci\u00f3n de Carina Zabala ten\u00edan la protecci\u00f3n medi\u00e1tica de los medios locales y de los medios hegem\u00f3nicos.<\/p>\n\n\n\n<p>La investigaci\u00f3n period\u00edstica para comprender la impunidad va desnudando un entramado de corrupci\u00f3n judicial y pol\u00edtica que va a tener un gran costo para muchos.<\/p>\n\n\n\n<h2 class=\"wp-block-heading\">Public\u00f3 Carina Zabala: <\/h2>\n\n\n\n<p>Pinamar!<\/p>\n\n\n\n<p>8 agentes para ir a pedirle los datos a una madre que busca justicia por su hijo.<\/p>\n\n\n\n<p><a><\/a>Desde abril del 2024 que cada viernes estoy en esa esquina, a derecho y de manera pac\u00edfica. Algunos de esos polic\u00edas me conocen.<\/p>\n\n\n\n<p>A\u00fan as\u00ed , alguien orden\u00f3 que fueran a rodearme con motos como si fuera la peor de las delincuentes.<\/p>\n\n\n\n<p>Mientras tanto en la frontera, veh\u00edculos sin control, calles sin seguridad &#8230;<\/p>\n\n\n\n<p>Se nota que molesta que el turismo sepa sobre mi lucha.<\/p>\n\n\n\n<p><a href=\"https:\/\/www.facebook.com\/watch\/hashtag\/justiciaporfausto\/?__cft__[0]=AZa-PVyatvYUCyJEBay_cNbcxtR1yYWciK9MAlHmU8lcwIh-6CbMCwtHHvqiZVEoj3nRZQCb_csUQnY8Qi9EFrnWOIEI0io4gT98rQuwjsPU882n-5p87DqYRavQV14S5DpOdHTS6eocdy0SAx54M0lZdqMQwCxyr52-Z4cMFlSCbkENfnCGNe0a5Lsys8izkteQifPnkPEO21d0NyZNo3yK&amp;__tn__=*NK-R\">#JusticiaPorFausto<\/a><\/p>\n\n\n\n<p><a href=\"https:\/\/www.facebook.com\/watch\/hashtag\/ordenanzafausto\/?__cft__[0]=AZa-PVyatvYUCyJEBay_cNbcxtR1yYWciK9MAlHmU8lcwIh-6CbMCwtHHvqiZVEoj3nRZQCb_csUQnY8Qi9EFrnWOIEI0io4gT98rQuwjsPU882n-5p87DqYRavQV14S5DpOdHTS6eocdy0SAx54M0lZdqMQwCxyr52-Z4cMFlSCbkENfnCGNe0a5Lsys8izkteQifPnkPEO21d0NyZNo3yK&amp;__tn__=*NK-R\">#OrdenanzaFausto<\/a><\/p>\n\n\n\n<p><a href=\"https:\/\/www.facebook.com\/watch\/hashtag\/seguridadobrasenconstruccion\/?__cft__[0]=AZa-PVyatvYUCyJEBay_cNbcxtR1yYWciK9MAlHmU8lcwIh-6CbMCwtHHvqiZVEoj3nRZQCb_csUQnY8Qi9EFrnWOIEI0io4gT98rQuwjsPU882n-5p87DqYRavQV14S5DpOdHTS6eocdy0SAx54M0lZdqMQwCxyr52-Z4cMFlSCbkENfnCGNe0a5Lsys8izkteQifPnkPEO21d0NyZNo3yK&amp;__tn__=*NK-R\">#seguridadobrasenconstruccion<\/a><\/p>\n\n\n\n<figure class=\"wp-block-embed is-type-video is-provider-youtube wp-block-embed-youtube wp-embed-aspect-16-9 wp-has-aspect-ratio\"><div class=\"wp-block-embed__wrapper\">\n<iframe loading=\"lazy\" title=\"Pinamar sobran polic\u00edas falta justicia\" width=\"700\" height=\"394\" src=\"https:\/\/www.youtube.com\/embed\/6SHSFMmeNDw?feature=oembed\" frameborder=\"0\" allow=\"accelerometer; autoplay; clipboard-write; encrypted-media; gyroscope; picture-in-picture; web-share\" referrerpolicy=\"strict-origin-when-cross-origin\" allowfullscreen><\/iframe>\n<\/div><\/figure>\n\n\n\n<p>Por Marcelo Ricardo Hawrylciw<\/p>\n","protected":false},"excerpt":{"rendered":"<p>Juan Manuel Ibarguren, el intendente de Pinamar, parece haber tomado la decisi\u00f3n de pasar a ser recordado como un pol\u00edtico in\u00fatil para un cargo ejecutivo, ya que d\u00eda a d\u00eda demuestra que lo suyo no es gestionar y que es mejor empleado que jefe. Su gesti\u00f3n de gobierno no solo es mala, esta manchada por&hellip;<\/p>\n","protected":false},"author":1,"featured_media":142330,"comment_status":"open","ping_status":"open","sticky":false,"template":"","format":"standard","meta":{"footnotes":""},"categories":[10],"tags":[44666,1451,2450,46167,15001,44667,44811,41,44708,23966,45023,1516,30,1228],"class_list":["post-142329","post","type-post","status-publish","format-standard","has-post-thumbnail","hentry","category-editorial","tag-carina-zabala","tag-corrupcion","tag-diario-el-sindical","tag-fiscal-general-diego-escoda","tag-fiscal-juan-pablo-calderon","tag-ivan-renkine","tag-juan-manuel-ibarguren","tag-justicia","tag-justicia-por-fausto","tag-martin-yeza","tag-nicolas-villalba","tag-pinamar","tag-policia","tag-uocra"],"_links":{"self":[{"href":"https:\/\/www.elsindical.com.ar\/notas\/wp-json\/wp\/v2\/posts\/142329","targetHints":{"allow":["GET"]}}],"collection":[{"href":"https:\/\/www.elsindical.com.ar\/notas\/wp-json\/wp\/v2\/posts"}],"about":[{"href":"https:\/\/www.elsindical.com.ar\/notas\/wp-json\/wp\/v2\/types\/post"}],"author":[{"embeddable":true,"href":"https:\/\/www.elsindical.com.ar\/notas\/wp-json\/wp\/v2\/users\/1"}],"replies":[{"embeddable":true,"href":"https:\/\/www.elsindical.com.ar\/notas\/wp-json\/wp\/v2\/comments?post=142329"}],"version-history":[{"count":2,"href":"https:\/\/www.elsindical.com.ar\/notas\/wp-json\/wp\/v2\/posts\/142329\/revisions"}],"predecessor-version":[{"id":142333,"href":"https:\/\/www.elsindical.com.ar\/notas\/wp-json\/wp\/v2\/posts\/142329\/revisions\/142333"}],"wp:featuredmedia":[{"embeddable":true,"href":"https:\/\/www.elsindical.com.ar\/notas\/wp-json\/wp\/v2\/media\/142330"}],"wp:attachment":[{"href":"https:\/\/www.elsindical.com.ar\/notas\/wp-json\/wp\/v2\/media?parent=142329"}],"wp:term":[{"taxonomy":"category","embeddable":true,"href":"https:\/\/www.elsindical.com.ar\/notas\/wp-json\/wp\/v2\/categories?post=142329"},{"taxonomy":"post_tag","embeddable":true,"href":"https:\/\/www.elsindical.com.ar\/notas\/wp-json\/wp\/v2\/tags?post=142329"}],"curies":[{"name":"wp","href":"https:\/\/api.w.org\/{rel}","templated":true}]}}