{"id":142327,"date":"2026-01-19T20:24:21","date_gmt":"2026-01-19T23:24:21","guid":{"rendered":"https:\/\/www.elsindical.com.ar\/notas\/?p=142327"},"modified":"2026-01-19T20:24:27","modified_gmt":"2026-01-19T23:24:27","slug":"lomas-de-zamora-rechazan-la-excarcelacion-de-los-asesinos-de-lara-fernandez","status":"publish","type":"post","link":"https:\/\/www.elsindical.com.ar\/notas\/lomas-de-zamora-rechazan-la-excarcelacion-de-los-asesinos-de-lara-fernandez\/","title":{"rendered":"Lomas de Zamora: rechazan la excarcelaci\u00f3n de los asesinos de Lara Fern\u00e1ndez"},"content":{"rendered":"<div class=\"wp-block-image\">\n<figure class=\"aligncenter size-full\"><a href=\"https:\/\/www.elsindical.com.ar\/notas\/var\/www\/html\/notas\/wp-content\/uploads\/2022\/01\/Lara-Fernandez-asesinada-en-Lomas.jpeg\"><img loading=\"lazy\" decoding=\"async\" width=\"720\" height=\"533\" src=\"https:\/\/www.elsindical.com.ar\/notas\/var\/www\/html\/notas\/wp-content\/uploads\/2022\/01\/Lara-Fernandez-asesinada-en-Lomas.jpeg\" alt=\"\" class=\"wp-image-110489\" srcset=\"https:\/\/www.elsindical.com.ar\/notas\/var\/www\/html\/notas\/wp-content\/uploads\/2022\/01\/Lara-Fernandez-asesinada-en-Lomas.jpeg 720w, https:\/\/www.elsindical.com.ar\/notas\/var\/www\/html\/notas\/wp-content\/uploads\/2022\/01\/Lara-Fernandez-asesinada-en-Lomas-300x222.jpeg 300w, https:\/\/www.elsindical.com.ar\/notas\/var\/www\/html\/notas\/wp-content\/uploads\/2022\/01\/Lara-Fernandez-asesinada-en-Lomas-405x300.jpeg 405w\" sizes=\"auto, (max-width: 720px) 100vw, 720px\" \/><\/a><\/figure>\n<\/div>\n\n\n<p>La Justicia rechaz\u00f3 los pedidos de excarcelaci\u00f3n a los tres ladrones condenados por el crimen de Lara Fern\u00e1ndez, la <strong>adolescente de 17 a\u00f1os asesinada el 1 de enero de 2022 durante un intento de robo<\/strong> en Ingeniero Budge, partido de Lomas de Zamora.<\/p>\n\n\n\n<p>La madre de la v\u00edctima, Laura Fern\u00e1ndez, confirm\u00f3 que el Tribunal Oral en lo Criminal (TOC) N\u00b05 del Departamento Judicial de Lomas de Zamora <strong>desestim\u00f3 las presentaciones efectuadas por las defensas de Alan Benjam\u00edn Gonz\u00e1lez \u00c1valos, Cristian Maidana y Nicol\u00e1s Strassera.<\/strong><\/p>\n\n\n\n<p>El 25 de noviembre de 2024, <strong>Maidana fue sentenciado a la pena de 20 a\u00f1os, Gonz\u00e1lez (tambi\u00e9n declarado culpable por matar al jubilado Hugo Domato) a 24 a\u00f1os y Strassera recibi\u00f3 21 a\u00f1os de c\u00e1rcel <\/strong>por el delito de homicidio en ocasi\u00f3n de robo agravado por el uso de arma de fuego y la intervenci\u00f3n de un menor de edad, pero la querella apel\u00f3 al considerar que se trat\u00f3 de un homicidio <em>criminis causa <\/em>y solicit\u00f3 que se imponga la prisi\u00f3n perpetua.<\/p>\n\n\n\n<p>A su vez, <strong>Strassera fue hallado responsable por hurto agravado <\/strong>por escalamiento en grado de tentativa y por la participaci\u00f3n de un menor y robo agravado por su comisi\u00f3n en poblado y en banda.<\/p>\n\n\n\n<p>\u201cCon esta decisi\u00f3n, <strong>se deber\u00e1 dejar sin efecto la audiencia fijada para el 5 de febrero de 2025 en virtud del programa de \u2018revisi\u00f3n peri\u00f3dica de medidas de coerci\u00f3n\u2019, <\/strong>que fuera aprobado por la Suprema Corte bonaerense mediante resoluci\u00f3n 2298\/23\u201d, sostiene el escrito.<\/p>\n\n\n\n<p>Los magistrados se\u00f1alaron que <strong>el peligro de fuga aumenta considerablemente <\/strong>y \u201cla libertad opera en favor de la posibilidad de la frustraci\u00f3n de la aplicaci\u00f3n de la medida impuesta\u201d.<\/p>\n\n\n\n<p>Laura expres\u00f3 su alivio aunque manifest\u00f3 su bronca: \u201cNo puede ser que soliciten estos beneficios. Si bien la condena no est\u00e1 firme, <strong>ellos est\u00e1n presos por homicidio, no deber\u00eda existir beneficio alguno <\/strong>para este tipo de delitos\u201d.<\/p>\n\n\n\n<p>En tanto, hay un cuarto detenido conocido como <strong>\u2018Martincito\u2019, que cumpli\u00f3 19 a\u00f1os en mayo pasado, pero, como al momento del robo ten\u00eda 15 a\u00f1os, <\/strong>su proceso penal se encuentra en la Justicia de Responsabilidad Juvenil.<\/p>\n","protected":false},"excerpt":{"rendered":"<p>La Justicia rechaz\u00f3 los pedidos de excarcelaci\u00f3n a los tres ladrones condenados por el crimen de Lara Fern\u00e1ndez, la adolescente de 17 a\u00f1os asesinada el 1 de enero de 2022 durante un intento de robo en Ingeniero Budge, partido de Lomas de Zamora. La madre de la v\u00edctima, Laura Fern\u00e1ndez, confirm\u00f3 que el Tribunal Oral&hellip;<\/p>\n","protected":false},"author":1,"featured_media":110489,"comment_status":"open","ping_status":"open","sticky":false,"template":"","format":"standard","meta":{"footnotes":""},"categories":[20],"tags":[46606,1964,46607,2450,36294,46608,46605],"class_list":["post-142327","post","type-post","status-publish","format-standard","has-post-thumbnail","hentry","category-judiciales","tag-alan-benjamin-gonzalez-avalos","tag-asesinos","tag-cristian-maidana","tag-diario-el-sindical","tag-lara-fernandez","tag-nicolas-strassera","tag-toc-5-lz"],"_links":{"self":[{"href":"https:\/\/www.elsindical.com.ar\/notas\/wp-json\/wp\/v2\/posts\/142327","targetHints":{"allow":["GET"]}}],"collection":[{"href":"https:\/\/www.elsindical.com.ar\/notas\/wp-json\/wp\/v2\/posts"}],"about":[{"href":"https:\/\/www.elsindical.com.ar\/notas\/wp-json\/wp\/v2\/types\/post"}],"author":[{"embeddable":true,"href":"https:\/\/www.elsindical.com.ar\/notas\/wp-json\/wp\/v2\/users\/1"}],"replies":[{"embeddable":true,"href":"https:\/\/www.elsindical.com.ar\/notas\/wp-json\/wp\/v2\/comments?post=142327"}],"version-history":[{"count":1,"href":"https:\/\/www.elsindical.com.ar\/notas\/wp-json\/wp\/v2\/posts\/142327\/revisions"}],"predecessor-version":[{"id":142328,"href":"https:\/\/www.elsindical.com.ar\/notas\/wp-json\/wp\/v2\/posts\/142327\/revisions\/142328"}],"wp:featuredmedia":[{"embeddable":true,"href":"https:\/\/www.elsindical.com.ar\/notas\/wp-json\/wp\/v2\/media\/110489"}],"wp:attachment":[{"href":"https:\/\/www.elsindical.com.ar\/notas\/wp-json\/wp\/v2\/media?parent=142327"}],"wp:term":[{"taxonomy":"category","embeddable":true,"href":"https:\/\/www.elsindical.com.ar\/notas\/wp-json\/wp\/v2\/categories?post=142327"},{"taxonomy":"post_tag","embeddable":true,"href":"https:\/\/www.elsindical.com.ar\/notas\/wp-json\/wp\/v2\/tags?post=142327"}],"curies":[{"name":"wp","href":"https:\/\/api.w.org\/{rel}","templated":true}]}}