{"id":142269,"date":"2026-01-16T18:46:47","date_gmt":"2026-01-16T21:46:47","guid":{"rendered":"https:\/\/www.elsindical.com.ar\/notas\/?p=142269"},"modified":"2026-01-16T18:46:53","modified_gmt":"2026-01-16T21:46:53","slug":"pinamar-quejas-por-la-mala-atencion-en-la-guardia-del-hospital-vecinal","status":"publish","type":"post","link":"https:\/\/www.elsindical.com.ar\/notas\/pinamar-quejas-por-la-mala-atencion-en-la-guardia-del-hospital-vecinal\/","title":{"rendered":"Pinamar: Quejas por la mala atenci\u00f3n en la guardia del hospital vecinal"},"content":{"rendered":"<div class=\"wp-block-image\">\n<figure class=\"aligncenter size-large is-resized\"><a href=\"https:\/\/www.elsindical.com.ar\/notas\/var\/www\/html\/notas\/wp-content\/uploads\/2026\/01\/Pinamar-denuncia-mala-atencion-hispital-1.jpg\"><img loading=\"lazy\" decoding=\"async\" width=\"576\" height=\"1024\" src=\"https:\/\/www.elsindical.com.ar\/notas\/var\/www\/html\/notas\/wp-content\/uploads\/2026\/01\/Pinamar-denuncia-mala-atencion-hispital-1-576x1024.jpg\" alt=\"\" class=\"wp-image-142270\" style=\"width:414px;height:auto\" srcset=\"https:\/\/www.elsindical.com.ar\/notas\/var\/www\/html\/notas\/wp-content\/uploads\/2026\/01\/Pinamar-denuncia-mala-atencion-hispital-1-576x1024.jpg 576w, https:\/\/www.elsindical.com.ar\/notas\/var\/www\/html\/notas\/wp-content\/uploads\/2026\/01\/Pinamar-denuncia-mala-atencion-hispital-1-169x300.jpg 169w, https:\/\/www.elsindical.com.ar\/notas\/var\/www\/html\/notas\/wp-content\/uploads\/2026\/01\/Pinamar-denuncia-mala-atencion-hispital-1-768x1365.jpg 768w, https:\/\/www.elsindical.com.ar\/notas\/var\/www\/html\/notas\/wp-content\/uploads\/2026\/01\/Pinamar-denuncia-mala-atencion-hispital-1-864x1536.jpg 864w, https:\/\/www.elsindical.com.ar\/notas\/var\/www\/html\/notas\/wp-content\/uploads\/2026\/01\/Pinamar-denuncia-mala-atencion-hispital-1.jpg 1080w\" sizes=\"auto, (max-width: 576px) 100vw, 576px\" \/><\/a><\/figure>\n<\/div>\n\n\n<p>   Una usuaria identificada en la red social Facebook como Malena Bel\u00e9n, public\u00f3 un reclamo por mala atenci\u00f3n de parte de una enfermera del hospital de Pinamar que la atendi\u00f3 a ella y la paciente que acompa\u00f1aba a atenderse por un fuerte dolor de ri\u00f1\u00f3n.<\/p>\n\n\n\n<p>La publicaci\u00f3n de la situaci\u00f3n dispar\u00f3 cientos de comentarios de vecinos y turistas que contaban experiencias similares de mal trato y mala atenci\u00f3n en la guardia donde deben esperar para ser evaluados en un consultorio de triage atendido por personal de enfermer\u00eda y luego ser derivado o no con el m\u00e9dico de guardia.<\/p>\n\n\n\n<p>Public\u00f3 la denunciante:<\/p>\n\n\n\n<p><em>Estoy en el hospital de Pinamar Centro y est\u00e1 Persona Que es enfermera trata Mal alas personas Est\u00e1 noche venimos al hospital Por Un dolor De ri\u00f1ones Que tiene La se\u00f1ora de mi alquiler que la traje al hospital y es jubilada y la trato como el orto El dec\u00eda que se deje de fingir cuando la se\u00f1ora lloraba del Dolor Que ten\u00eda Tard\u00f3 como 3 horas para atenderla Una verg\u00fcenza total Y Asco Como Personas como est\u00e1s que son enfermeras que Te traten Como una basura porque Uno no tiene la culpa de estar enferm\u00f3 y Cuando se supone que ellos Tiene q estar Para ayudar Y no para q te traten como Una porquer\u00eda &#8230;.<\/em><\/p>\n\n\n<div class=\"wp-block-image\">\n<figure class=\"aligncenter size-full\"><a href=\"https:\/\/www.elsindical.com.ar\/notas\/var\/www\/html\/notas\/wp-content\/uploads\/2026\/01\/quejas-hospital-de-Pinamar.jpg\"><img loading=\"lazy\" decoding=\"async\" width=\"697\" height=\"539\" src=\"https:\/\/www.elsindical.com.ar\/notas\/var\/www\/html\/notas\/wp-content\/uploads\/2026\/01\/quejas-hospital-de-Pinamar.jpg\" alt=\"\" class=\"wp-image-142271\" srcset=\"https:\/\/www.elsindical.com.ar\/notas\/var\/www\/html\/notas\/wp-content\/uploads\/2026\/01\/quejas-hospital-de-Pinamar.jpg 697w, https:\/\/www.elsindical.com.ar\/notas\/var\/www\/html\/notas\/wp-content\/uploads\/2026\/01\/quejas-hospital-de-Pinamar-300x232.jpg 300w\" sizes=\"auto, (max-width: 697px) 100vw, 697px\" \/><\/a><\/figure>\n<\/div>","protected":false},"excerpt":{"rendered":"<p>Una usuaria identificada en la red social Facebook como Malena Bel\u00e9n, public\u00f3 un reclamo por mala atenci\u00f3n de parte de una enfermera del hospital de Pinamar que la atendi\u00f3 a ella y la paciente que acompa\u00f1aba a atenderse por un fuerte dolor de ri\u00f1\u00f3n. La publicaci\u00f3n de la situaci\u00f3n dispar\u00f3 cientos de comentarios de vecinos&hellip;<\/p>\n","protected":false},"author":1,"featured_media":142270,"comment_status":"open","ping_status":"open","sticky":false,"template":"","format":"standard","meta":{"footnotes":""},"categories":[6],"tags":[2450,25038,45274,44811,3193,553,1516],"class_list":["post-142269","post","type-post","status-publish","format-standard","has-post-thumbnail","hentry","category-denuncias","tag-diario-el-sindical","tag-guardia-medica","tag-hospital-comunitario-de-pinamar","tag-juan-manuel-ibarguren","tag-mala-atencion","tag-pacientes","tag-pinamar"],"_links":{"self":[{"href":"https:\/\/www.elsindical.com.ar\/notas\/wp-json\/wp\/v2\/posts\/142269","targetHints":{"allow":["GET"]}}],"collection":[{"href":"https:\/\/www.elsindical.com.ar\/notas\/wp-json\/wp\/v2\/posts"}],"about":[{"href":"https:\/\/www.elsindical.com.ar\/notas\/wp-json\/wp\/v2\/types\/post"}],"author":[{"embeddable":true,"href":"https:\/\/www.elsindical.com.ar\/notas\/wp-json\/wp\/v2\/users\/1"}],"replies":[{"embeddable":true,"href":"https:\/\/www.elsindical.com.ar\/notas\/wp-json\/wp\/v2\/comments?post=142269"}],"version-history":[{"count":1,"href":"https:\/\/www.elsindical.com.ar\/notas\/wp-json\/wp\/v2\/posts\/142269\/revisions"}],"predecessor-version":[{"id":142272,"href":"https:\/\/www.elsindical.com.ar\/notas\/wp-json\/wp\/v2\/posts\/142269\/revisions\/142272"}],"wp:featuredmedia":[{"embeddable":true,"href":"https:\/\/www.elsindical.com.ar\/notas\/wp-json\/wp\/v2\/media\/142270"}],"wp:attachment":[{"href":"https:\/\/www.elsindical.com.ar\/notas\/wp-json\/wp\/v2\/media?parent=142269"}],"wp:term":[{"taxonomy":"category","embeddable":true,"href":"https:\/\/www.elsindical.com.ar\/notas\/wp-json\/wp\/v2\/categories?post=142269"},{"taxonomy":"post_tag","embeddable":true,"href":"https:\/\/www.elsindical.com.ar\/notas\/wp-json\/wp\/v2\/tags?post=142269"}],"curies":[{"name":"wp","href":"https:\/\/api.w.org\/{rel}","templated":true}]}}