{"id":142254,"date":"2026-01-15T12:39:50","date_gmt":"2026-01-15T15:39:50","guid":{"rendered":"https:\/\/www.elsindical.com.ar\/notas\/?p=142254"},"modified":"2026-01-15T12:39:56","modified_gmt":"2026-01-15T15:39:56","slug":"anmat-prohibio-cosmeticos-ilegitimos-por-falta-de-inscripcion-sanitaria","status":"publish","type":"post","link":"https:\/\/www.elsindical.com.ar\/notas\/anmat-prohibio-cosmeticos-ilegitimos-por-falta-de-inscripcion-sanitaria\/","title":{"rendered":"ANMAT prohibi\u00f3 cosm\u00e9ticos ileg\u00edtimos por falta de inscripci\u00f3n sanitaria"},"content":{"rendered":"<div class=\"wp-block-image\">\n<figure class=\"aligncenter size-full\"><a href=\"https:\/\/www.elsindical.com.ar\/notas\/var\/www\/html\/notas\/wp-content\/uploads\/2026\/01\/gel-neutro-VEPO.jpg\"><img loading=\"lazy\" decoding=\"async\" width=\"700\" height=\"394\" src=\"https:\/\/www.elsindical.com.ar\/notas\/var\/www\/html\/notas\/wp-content\/uploads\/2026\/01\/gel-neutro-VEPO.jpg\" alt=\"\" class=\"wp-image-142255\" srcset=\"https:\/\/www.elsindical.com.ar\/notas\/var\/www\/html\/notas\/wp-content\/uploads\/2026\/01\/gel-neutro-VEPO.jpg 700w, https:\/\/www.elsindical.com.ar\/notas\/var\/www\/html\/notas\/wp-content\/uploads\/2026\/01\/gel-neutro-VEPO-300x169.jpg 300w, https:\/\/www.elsindical.com.ar\/notas\/var\/www\/html\/notas\/wp-content\/uploads\/2026\/01\/gel-neutro-VEPO-460x260.jpg 460w\" sizes=\"auto, (max-width: 700px) 100vw, 700px\" \/><\/a><\/figure>\n<\/div>\n\n\n<p>La Administraci\u00f3n Nacional de Medicamentos, Alimentos y Tecnolog\u00eda M\u00e9dica orden\u00f3 la prohibici\u00f3n total del uso, comercializaci\u00f3n y publicidad de geles neutros y cremas bases de varias marcas, tras detectar que no contaban con registro sanitario y se vend\u00edan de manera irregular, incluso a trav\u00e9s de plataformas online.<\/p>\n\n\n\n<p>La ANMAT prohibi\u00f3 cosm\u00e9ticos ileg\u00edtimos luego de comprobar que varios productos no contaban con los datos de inscripci\u00f3n sanitaria obligatorios en su rotulado. La medida alcanza a geles neutros y cremas bases cosm\u00e9ticas que se comercializaban sin autorizaci\u00f3n en el territorio nacional, lo que representa un riesgo para la salud de los consumidores.<\/p>\n\n\n\n<p>Seg\u00fan inform\u00f3 el organismo, a trav\u00e9s del \u00e1rea de Cosmetovigilancia del Servicio de Productos Cosm\u00e9ticos e Higiene Personal, se recibieron m\u00faltiples denuncias por correo electr\u00f3nico sobre la venta indebida de productos denominados <strong>\u201cGeles neutros\u201d y \u201cCremas bases cosm\u00e9ticas\u201d bajo las marcas Quifam, Vepo, Ecotidy, Activa Lab y Nameco, los cuales no estaban inscriptos ante la ANMAT al momento de la denuncia.<\/strong><\/p>\n\n\n\n<p>A partir de esas presentaciones, se inici\u00f3 una investigaci\u00f3n que permiti\u00f3 identificar los productos alertados. <strong>El listado completo incluye: Gel Neutro para todo tipo de aparatolog\u00eda y Crema Base neutra hidrosoluble (marca QUIFAM); Gel Neutro multifunci\u00f3n (marcas ECOTIDY y VEPO); Crema Base sin acci\u00f3n terap\u00e9utica (marca VEPO); Gel Neutro (marcas ACTIVA LAB y NAMECO); y Crema Base Neutra (marca NAMECO). Adem\u00e1s, se constat\u00f3 que estos productos eran ofrecidos a la venta en Mercado Libre, sin figurar en la base de datos oficial de cosm\u00e9ticos inscriptos.<\/strong><\/p>\n\n\n\n<p>Desde el organismo sanitario advirtieron que <strong>\u201cesta falta de inscripci\u00f3n implica que no se conoce el establecimiento a cargo de su elaboraci\u00f3n, por lo que resulta imposible brindar garant\u00edas sobre su seguridad y eficacia\u201d<\/strong>, seg\u00fan se desprende en el comunicado.<\/p>\n\n\n\n<p>Frente a estas irregularidades, el titular de la ANMAT, Luis Eduardo Fontana, <strong>dispuso la prohibici\u00f3n del uso, comercializaci\u00f3n, publicidad, publicaci\u00f3n en plataformas de venta en l\u00ednea y distribuci\u00f3n de los productos mencionados en todo el pa\u00eds. <\/strong>La resoluci\u00f3n alcanza a todas las presentaciones, lotes, vencimientos y contenidos netos, ya que, al no estar inscriptos, se trata de productos ileg\u00edtimos.<\/p>\n","protected":false},"excerpt":{"rendered":"<p>La Administraci\u00f3n Nacional de Medicamentos, Alimentos y Tecnolog\u00eda M\u00e9dica orden\u00f3 la prohibici\u00f3n total del uso, comercializaci\u00f3n y publicidad de geles neutros y cremas bases de varias marcas, tras detectar que no contaban con registro sanitario y se vend\u00edan de manera irregular, incluso a trav\u00e9s de plataformas online. La ANMAT prohibi\u00f3 cosm\u00e9ticos ileg\u00edtimos luego de comprobar&hellip;<\/p>\n","protected":false},"author":1,"featured_media":142255,"comment_status":"open","ping_status":"open","sticky":false,"template":"","format":"standard","meta":{"footnotes":""},"categories":[23,25],"tags":[1394,2450,46587,46585,46588,22031,46586],"class_list":["post-142254","post","type-post","status-publish","format-standard","has-post-thumbnail","hentry","category-salud","category-sociedad","tag-anmat","tag-diario-el-sindical","tag-ecotidy","tag-geles-neutros","tag-quifam","tag-salud","tag-vepo"],"_links":{"self":[{"href":"https:\/\/www.elsindical.com.ar\/notas\/wp-json\/wp\/v2\/posts\/142254","targetHints":{"allow":["GET"]}}],"collection":[{"href":"https:\/\/www.elsindical.com.ar\/notas\/wp-json\/wp\/v2\/posts"}],"about":[{"href":"https:\/\/www.elsindical.com.ar\/notas\/wp-json\/wp\/v2\/types\/post"}],"author":[{"embeddable":true,"href":"https:\/\/www.elsindical.com.ar\/notas\/wp-json\/wp\/v2\/users\/1"}],"replies":[{"embeddable":true,"href":"https:\/\/www.elsindical.com.ar\/notas\/wp-json\/wp\/v2\/comments?post=142254"}],"version-history":[{"count":1,"href":"https:\/\/www.elsindical.com.ar\/notas\/wp-json\/wp\/v2\/posts\/142254\/revisions"}],"predecessor-version":[{"id":142256,"href":"https:\/\/www.elsindical.com.ar\/notas\/wp-json\/wp\/v2\/posts\/142254\/revisions\/142256"}],"wp:featuredmedia":[{"embeddable":true,"href":"https:\/\/www.elsindical.com.ar\/notas\/wp-json\/wp\/v2\/media\/142255"}],"wp:attachment":[{"href":"https:\/\/www.elsindical.com.ar\/notas\/wp-json\/wp\/v2\/media?parent=142254"}],"wp:term":[{"taxonomy":"category","embeddable":true,"href":"https:\/\/www.elsindical.com.ar\/notas\/wp-json\/wp\/v2\/categories?post=142254"},{"taxonomy":"post_tag","embeddable":true,"href":"https:\/\/www.elsindical.com.ar\/notas\/wp-json\/wp\/v2\/tags?post=142254"}],"curies":[{"name":"wp","href":"https:\/\/api.w.org\/{rel}","templated":true}]}}