{"id":142246,"date":"2026-01-15T02:23:27","date_gmt":"2026-01-15T05:23:27","guid":{"rendered":"https:\/\/www.elsindical.com.ar\/notas\/?p=142246"},"modified":"2026-01-15T02:23:32","modified_gmt":"2026-01-15T05:23:32","slug":"estados-unidos-suspendio-el-procesamiento-de-visas-de-inmigrante-para-75-paises-la-lista-incluye-a-tres-sudamericanos","status":"publish","type":"post","link":"https:\/\/www.elsindical.com.ar\/notas\/estados-unidos-suspendio-el-procesamiento-de-visas-de-inmigrante-para-75-paises-la-lista-incluye-a-tres-sudamericanos\/","title":{"rendered":"Estados Unidos suspendi\u00f3 el procesamiento de visas de inmigrante para 75 pa\u00edses: la lista incluye a tres sudamericanos"},"content":{"rendered":"<div class=\"wp-block-image\">\n<figure class=\"aligncenter size-full\"><a href=\"https:\/\/www.elsindical.com.ar\/notas\/var\/www\/html\/notas\/wp-content\/uploads\/2026\/01\/Visa-EEUU.jpg\"><img loading=\"lazy\" decoding=\"async\" width=\"700\" height=\"387\" src=\"https:\/\/www.elsindical.com.ar\/notas\/var\/www\/html\/notas\/wp-content\/uploads\/2026\/01\/Visa-EEUU.jpg\" alt=\"\" class=\"wp-image-142247\" srcset=\"https:\/\/www.elsindical.com.ar\/notas\/var\/www\/html\/notas\/wp-content\/uploads\/2026\/01\/Visa-EEUU.jpg 700w, https:\/\/www.elsindical.com.ar\/notas\/var\/www\/html\/notas\/wp-content\/uploads\/2026\/01\/Visa-EEUU-300x166.jpg 300w\" sizes=\"auto, (max-width: 700px) 100vw, 700px\" \/><\/a><\/figure>\n<\/div>\n\n\n<p>El Departamento de Estado afirm\u00f3 que est\u00e1 \u201ctrabajando para garantizar que la generosidad del pueblo estadounidense ya no sea abusada\u201d. La medida va en contra de los solicitantes que podr\u00edan convertirse en una \u201ccarga p\u00fablica\u201d<\/p>\n\n\n\n<p>El <strong>Departamento de Estado de Estados Unidos<\/strong> pausar\u00e1 el procesamiento de <a href=\"https:\/\/www.canal26.com\/internacionales\/2025\/12\/11\/trump-oficializo-la-gold-card-quienes-pueden-acceder-la-ciudadania-de-estados-unidos-por-un-millon-de-dolares\/\" target=\"_blank\" rel=\"noreferrer noopener\">visas<\/a> de inmigrante para <strong>75 pa\u00edses<\/strong>, en una medida clave contra los solicitantes que podr\u00edan convertirse en una <strong>\u201ccarga p\u00fablica\u201d.<\/strong><\/p>\n\n\n\n<p>Seg\u00fan indic\u00f3 <em>Fox News Digital<\/em>, un memorando del departamento liderado por <strong>Marco Rubio<\/strong> ordena a los funcionarios consulares a rechazar visas seg\u00fan la ley vigente mientras el se reeval\u00faan los procedimientos de selecci\u00f3n y verificaci\u00f3n.<\/p>\n\n\n\n<p>Entre los pa\u00edses afectados se encuentran tres sudamericanos: <strong>Brasil<\/strong>, <strong>Uruguay <\/strong>y <strong>Colombia<\/strong>. Adem\u00e1s, aparecen naciones de renombre como Rusia, Ir\u00e1n, Irak, Egipto, Nigeria, Tailandia y Yemen, entre otras.<\/p>\n\n\n\n<p>Seg\u00fan trascendi\u00f3, la pausa <strong>comenzar\u00e1 el 21 de enero <\/strong>y continuar\u00e1 de manera indefinida hasta que el departamento lleve a cabo la reevaluaci\u00f3n del procesamiento de visas.<\/p>\n\n\n\n<p>Cabe recordar que el pasado noviembre, el Departamento de Estado orden\u00f3 a los funcionarios consulares aplicar nuevas y amplias normas de control en virtud de la denominada disposici\u00f3n de <strong>\u201ccarga p\u00fablica\u201d <\/strong>de la ley de inmigraci\u00f3n.<\/p>\n\n\n\n<p>La gu\u00eda insta a negar visas a los solicitantes que se considere que probablemente depender\u00e1n de beneficios p\u00fablicos, evaluando una amplia gama de factores como la salud, la edad, el dominio del ingl\u00e9s, las finanzas e incluso la posible necesidad de atenci\u00f3n m\u00e9dica a largo plazo.<\/p>\n\n\n\n<p>\u201cEl Departamento de Estado utilizar\u00e1 su autoridad de larga data para considerar no elegibles a inmigrantes potenciales que se convertir\u00edan en una carga p\u00fablica para Estados Unidos y explotar\u00edan la generosidad del pueblo estadounidense\u201d, afirma un reciente comunicado del Departamento.<\/p>\n\n\n\n<p>Y a\u00f1ade: \u201cLa pausa afecta a decenas de pa\u00edses, incluidos Somalia, Hait\u00ed, Ir\u00e1n y Eritrea, cuyos inmigrantes a menudo se convierten en cargas p\u00fablicas para Estados Unidos al llegar. Estamos trabajando para <strong>garantizar que la generosidad del pueblo estadounidense ya no sea abusada<\/strong>\u201d.<\/p>\n\n\n\n<p>\u201cLa administraci\u00f3n Trump siempre pondr\u00e1 a Estados Unidos primero\u201d, cierra el texto.<\/p>\n\n\n\n<h2 class=\"wp-block-heading\">Cu\u00e1les son los pa\u00edses afectados por la suspensi\u00f3n de visas de inmigrante<\/h2>\n\n\n\n<p>La lista completa de pa\u00edses incluye a:<\/p>\n\n\n\n<ol class=\"wp-block-list\">\n<li>Afganist\u00e1n<\/li>\n\n\n\n<li>Albania<\/li>\n\n\n\n<li>Argelia<\/li>\n\n\n\n<li>Antigua y Barbuda<\/li>\n\n\n\n<li>Armenia<\/li>\n\n\n\n<li>Azerbaiy\u00e1n<\/li>\n\n\n\n<li>Bahamas<\/li>\n\n\n\n<li>Bangladesh<\/li>\n\n\n\n<li>Barbados<\/li>\n\n\n\n<li>Bielorrusia<\/li>\n\n\n\n<li>Belice<\/li>\n\n\n\n<li>But\u00e1n<\/li>\n\n\n\n<li>Bosnia<\/li>\n\n\n\n<li>Brasil<\/li>\n\n\n\n<li>Birmania<\/li>\n\n\n\n<li>Camboya<\/li>\n\n\n\n<li>Camer\u00fan<\/li>\n\n\n\n<li>Cabo Verde<\/li>\n\n\n\n<li>Colombia<\/li>\n\n\n\n<li>Costa de Marfil<\/li>\n\n\n\n<li>Cuba<\/li>\n\n\n\n<li>Rep\u00fablica Democr\u00e1tica del Congo<\/li>\n\n\n\n<li>Dominica<\/li>\n\n\n\n<li>Egipto<\/li>\n\n\n\n<li>Eritrea<\/li>\n\n\n\n<li>Etiop\u00eda<\/li>\n\n\n\n<li>Fiji<\/li>\n\n\n\n<li>Gambia<\/li>\n\n\n\n<li>Georgia<\/li>\n\n\n\n<li>Ghana<\/li>\n\n\n\n<li>Granada<\/li>\n\n\n\n<li>Guatemala<\/li>\n\n\n\n<li>Guinea<\/li>\n\n\n\n<li>Hait\u00ed<\/li>\n\n\n\n<li>Ir\u00e1n<\/li>\n\n\n\n<li>Irak<\/li>\n\n\n\n<li>Jamaica<\/li>\n\n\n\n<li>Jordania<\/li>\n\n\n\n<li>Kazajist\u00e1n<\/li>\n\n\n\n<li>Kosovo<\/li>\n\n\n\n<li>Kuwait<\/li>\n\n\n\n<li>Kirguist\u00e1n<\/li>\n\n\n\n<li>Laos<\/li>\n\n\n\n<li>L\u00edbano<\/li>\n\n\n\n<li>Liberia<\/li>\n\n\n\n<li>Libia<\/li>\n\n\n\n<li>Macedonia del Norte<\/li>\n\n\n\n<li>Moldavia<\/li>\n\n\n\n<li>Mongolia<\/li>\n\n\n\n<li>Montenegro<\/li>\n\n\n\n<li>Marruecos<\/li>\n\n\n\n<li>Nepal<\/li>\n\n\n\n<li>Nicaragua<\/li>\n\n\n\n<li>Nigeria<\/li>\n\n\n\n<li>Pakist\u00e1n<\/li>\n\n\n\n<li>Rep\u00fablica del Congo<\/li>\n\n\n\n<li>Rusia<\/li>\n\n\n\n<li>Ruanda<\/li>\n\n\n\n<li>San Crist\u00f3bal y Nieves<\/li>\n\n\n\n<li>Santa Luc\u00eda<\/li>\n\n\n\n<li>San Vicente y las Granadinas<\/li>\n\n\n\n<li>Senegal<\/li>\n\n\n\n<li>Sierra Leona<\/li>\n\n\n\n<li>Somalia<\/li>\n\n\n\n<li>Sud\u00e1n del Sur<\/li>\n\n\n\n<li>Sud\u00e1n<\/li>\n\n\n\n<li>Siria<\/li>\n\n\n\n<li>Tanzania<\/li>\n\n\n\n<li>Tailandia<\/li>\n\n\n\n<li>Togo<\/li>\n\n\n\n<li>T\u00fanez<\/li>\n\n\n\n<li>Uganda<\/li>\n\n\n\n<li>Uruguay<\/li>\n\n\n\n<li>Uzbekist\u00e1n<\/li>\n\n\n\n<li>Yemen<\/li>\n<\/ol>\n","protected":false},"excerpt":{"rendered":"<p>El Departamento de Estado afirm\u00f3 que est\u00e1 \u201ctrabajando para garantizar que la generosidad del pueblo estadounidense ya no sea abusada\u201d. La medida va en contra de los solicitantes que podr\u00edan convertirse en una \u201ccarga p\u00fablica\u201d El Departamento de Estado de Estados Unidos pausar\u00e1 el procesamiento de visas de inmigrante para 75 pa\u00edses, en una medida&hellip;<\/p>\n","protected":false},"author":1,"featured_media":142247,"comment_status":"open","ping_status":"open","sticky":false,"template":"","format":"standard","meta":{"footnotes":""},"categories":[13],"tags":[2450,45837,45840,7664],"class_list":["post-142246","post","type-post","status-publish","format-standard","has-post-thumbnail","hentry","category-politica","tag-diario-el-sindical","tag-eeiuu","tag-marco-rubio","tag-visa"],"_links":{"self":[{"href":"https:\/\/www.elsindical.com.ar\/notas\/wp-json\/wp\/v2\/posts\/142246","targetHints":{"allow":["GET"]}}],"collection":[{"href":"https:\/\/www.elsindical.com.ar\/notas\/wp-json\/wp\/v2\/posts"}],"about":[{"href":"https:\/\/www.elsindical.com.ar\/notas\/wp-json\/wp\/v2\/types\/post"}],"author":[{"embeddable":true,"href":"https:\/\/www.elsindical.com.ar\/notas\/wp-json\/wp\/v2\/users\/1"}],"replies":[{"embeddable":true,"href":"https:\/\/www.elsindical.com.ar\/notas\/wp-json\/wp\/v2\/comments?post=142246"}],"version-history":[{"count":1,"href":"https:\/\/www.elsindical.com.ar\/notas\/wp-json\/wp\/v2\/posts\/142246\/revisions"}],"predecessor-version":[{"id":142248,"href":"https:\/\/www.elsindical.com.ar\/notas\/wp-json\/wp\/v2\/posts\/142246\/revisions\/142248"}],"wp:featuredmedia":[{"embeddable":true,"href":"https:\/\/www.elsindical.com.ar\/notas\/wp-json\/wp\/v2\/media\/142247"}],"wp:attachment":[{"href":"https:\/\/www.elsindical.com.ar\/notas\/wp-json\/wp\/v2\/media?parent=142246"}],"wp:term":[{"taxonomy":"category","embeddable":true,"href":"https:\/\/www.elsindical.com.ar\/notas\/wp-json\/wp\/v2\/categories?post=142246"},{"taxonomy":"post_tag","embeddable":true,"href":"https:\/\/www.elsindical.com.ar\/notas\/wp-json\/wp\/v2\/tags?post=142246"}],"curies":[{"name":"wp","href":"https:\/\/api.w.org\/{rel}","templated":true}]}}