{"id":142163,"date":"2026-01-10T22:04:06","date_gmt":"2026-01-11T01:04:06","guid":{"rendered":"https:\/\/www.elsindical.com.ar\/notas\/?p=142163"},"modified":"2026-01-10T22:34:09","modified_gmt":"2026-01-11T01:34:09","slug":"mar-del-plata-tension-por-un-escrache-y-repudio-a-la-presencia-de-patricia-bullrich","status":"publish","type":"post","link":"https:\/\/www.elsindical.com.ar\/notas\/mar-del-plata-tension-por-un-escrache-y-repudio-a-la-presencia-de-patricia-bullrich\/","title":{"rendered":"Mar del Plata: Tensi\u00f3n por un escrache y repudio a la presencia de Patricia Bullrich"},"content":{"rendered":"<div class=\"wp-block-image\">\n<figure class=\"aligncenter size-full\"><a href=\"https:\/\/www.elsindical.com.ar\/notas\/var\/www\/html\/notas\/wp-content\/uploads\/2026\/01\/Mar-del-Plata-repudio-a-Bullrich-enero-2026.jpg\"><img loading=\"lazy\" decoding=\"async\" width=\"700\" height=\"447\" src=\"https:\/\/www.elsindical.com.ar\/notas\/var\/www\/html\/notas\/wp-content\/uploads\/2026\/01\/Mar-del-Plata-repudio-a-Bullrich-enero-2026.jpg\" alt=\"\" class=\"wp-image-142164\" srcset=\"https:\/\/www.elsindical.com.ar\/notas\/var\/www\/html\/notas\/wp-content\/uploads\/2026\/01\/Mar-del-Plata-repudio-a-Bullrich-enero-2026.jpg 700w, https:\/\/www.elsindical.com.ar\/notas\/var\/www\/html\/notas\/wp-content\/uploads\/2026\/01\/Mar-del-Plata-repudio-a-Bullrich-enero-2026-300x192.jpg 300w\" sizes=\"auto, (max-width: 700px) 100vw, 700px\" \/><\/a><\/figure>\n<\/div>\n\n\n<p>   En Mar del Plata, numerosas organizaciones sociales, pol\u00edticas y de jubilados repudiaron la visita de Patricia Bullrich que lleg\u00f3 para defender la reforma laboral impulsada por el gobierno. El hecho logr\u00f3 repercusi\u00f3n de medios locales y nacionales.<\/p>\n\n\n\n<p>Este viernes lleg\u00f3 a la ciudad la ex ministra de Seguridad, Patricia Bullrich, para participar de un \u201cConversatorio sobre la Modernizaci\u00f3n Laboral\u201d, junto al exintendente Guillermo Montenegro. As\u00ed el s\u00e1bado <strong>numerosa organizaciones se congregaron este s\u00e1bado<\/strong> para manifestar su rechazo a la reforma y repudiar la visita de la ministra.<\/p>\n\n\n\n<p>Tambi\u00e9n se sum\u00f3 al repudio la <strong>actriz Charo L\u00f3pez<\/strong> que se encontraba en la ciudad. A su vez, <strong>varios medios de noticias<\/strong> dieron cuenta de, <strong>en medio de un impactante operativo de seguridad<\/strong>, de la concentraci\u00f3n de manifestantes que cantaron contra ella y portaron carteles con consignas contrarias a la reforma laboral.<\/p>\n\n\n\n<p>As\u00ed lo reflejaron: P\u00e1gina 12, Perfil, El Canciller, Minuto Uno, Diario Registrado y medios localesentre otros.<\/p>\n\n\n\n<p>El repudio reuni\u00f3 a numerosos j\u00f3venes que manifestaron su oposici\u00f3n a una reforma laboral que solo va a perjudicar los derechos laborales de todos los y las trabajadoras. La conocida actriz se sum\u00f3 al rechazo.<\/p>\n\n\n<div class=\"wp-block-image\">\n<figure class=\"aligncenter size-full\"><a href=\"https:\/\/www.elsindical.com.ar\/notas\/var\/www\/html\/notas\/wp-content\/uploads\/2026\/01\/Charo-Lopez-repudio-a-Bullrich-en-Mar-del-Plata.jpg\"><img loading=\"lazy\" decoding=\"async\" width=\"444\" height=\"730\" src=\"https:\/\/www.elsindical.com.ar\/notas\/var\/www\/html\/notas\/wp-content\/uploads\/2026\/01\/Charo-Lopez-repudio-a-Bullrich-en-Mar-del-Plata.jpg\" alt=\"\" class=\"wp-image-142165\" srcset=\"https:\/\/www.elsindical.com.ar\/notas\/var\/www\/html\/notas\/wp-content\/uploads\/2026\/01\/Charo-Lopez-repudio-a-Bullrich-en-Mar-del-Plata.jpg 444w, https:\/\/www.elsindical.com.ar\/notas\/var\/www\/html\/notas\/wp-content\/uploads\/2026\/01\/Charo-Lopez-repudio-a-Bullrich-en-Mar-del-Plata-182x300.jpg 182w\" sizes=\"auto, (max-width: 444px) 100vw, 444px\" \/><\/a><\/figure>\n<\/div>\n\n\n<figure class=\"wp-block-embed is-type-video is-provider-youtube wp-block-embed-youtube wp-embed-aspect-16-9 wp-has-aspect-ratio\"><div class=\"wp-block-embed__wrapper\">\n<iframe loading=\"lazy\" title=\"Mar del Plata repudio a la presencia de Patricia Bullrich\" width=\"700\" height=\"394\" src=\"https:\/\/www.youtube.com\/embed\/VwkK1DLULaQ?feature=oembed\" frameborder=\"0\" allow=\"accelerometer; autoplay; clipboard-write; encrypted-media; gyroscope; picture-in-picture; web-share\" referrerpolicy=\"strict-origin-when-cross-origin\" allowfullscreen><\/iframe>\n<\/div><\/figure>\n","protected":false},"excerpt":{"rendered":"<p>En Mar del Plata, numerosas organizaciones sociales, pol\u00edticas y de jubilados repudiaron la visita de Patricia Bullrich que lleg\u00f3 para defender la reforma laboral impulsada por el gobierno. El hecho logr\u00f3 repercusi\u00f3n de medios locales y nacionales. Este viernes lleg\u00f3 a la ciudad la ex ministra de Seguridad, Patricia Bullrich, para participar de un \u201cConversatorio&hellip;<\/p>\n","protected":false},"author":1,"featured_media":142164,"comment_status":"open","ping_status":"open","sticky":false,"template":"","format":"standard","meta":{"footnotes":""},"categories":[13,25],"tags":[46557,2450,673,1673,1241,3347,27276,2842],"class_list":["post-142163","post","type-post","status-publish","format-standard","has-post-thumbnail","hentry","category-politica","category-sociedad","tag-charo-lopez","tag-diario-el-sindical","tag-guillermo-montenegro","tag-mar-del-plata","tag-patricia-bullrich","tag-protestas","tag-reforma-laboral","tag-repudio"],"_links":{"self":[{"href":"https:\/\/www.elsindical.com.ar\/notas\/wp-json\/wp\/v2\/posts\/142163","targetHints":{"allow":["GET"]}}],"collection":[{"href":"https:\/\/www.elsindical.com.ar\/notas\/wp-json\/wp\/v2\/posts"}],"about":[{"href":"https:\/\/www.elsindical.com.ar\/notas\/wp-json\/wp\/v2\/types\/post"}],"author":[{"embeddable":true,"href":"https:\/\/www.elsindical.com.ar\/notas\/wp-json\/wp\/v2\/users\/1"}],"replies":[{"embeddable":true,"href":"https:\/\/www.elsindical.com.ar\/notas\/wp-json\/wp\/v2\/comments?post=142163"}],"version-history":[{"count":3,"href":"https:\/\/www.elsindical.com.ar\/notas\/wp-json\/wp\/v2\/posts\/142163\/revisions"}],"predecessor-version":[{"id":142169,"href":"https:\/\/www.elsindical.com.ar\/notas\/wp-json\/wp\/v2\/posts\/142163\/revisions\/142169"}],"wp:featuredmedia":[{"embeddable":true,"href":"https:\/\/www.elsindical.com.ar\/notas\/wp-json\/wp\/v2\/media\/142164"}],"wp:attachment":[{"href":"https:\/\/www.elsindical.com.ar\/notas\/wp-json\/wp\/v2\/media?parent=142163"}],"wp:term":[{"taxonomy":"category","embeddable":true,"href":"https:\/\/www.elsindical.com.ar\/notas\/wp-json\/wp\/v2\/categories?post=142163"},{"taxonomy":"post_tag","embeddable":true,"href":"https:\/\/www.elsindical.com.ar\/notas\/wp-json\/wp\/v2\/tags?post=142163"}],"curies":[{"name":"wp","href":"https:\/\/api.w.org\/{rel}","templated":true}]}}