{"id":142160,"date":"2026-01-10T21:41:03","date_gmt":"2026-01-11T00:41:03","guid":{"rendered":"https:\/\/www.elsindical.com.ar\/notas\/?p=142160"},"modified":"2026-01-10T21:41:09","modified_gmt":"2026-01-11T00:41:09","slug":"el-aumento-de-los-alimentos-fue-del-3062-en-2025","status":"publish","type":"post","link":"https:\/\/www.elsindical.com.ar\/notas\/el-aumento-de-los-alimentos-fue-del-3062-en-2025\/","title":{"rendered":"El aumento de los alimentos fue del 30,62% en 2025"},"content":{"rendered":"<div class=\"wp-block-image\">\n<figure class=\"aligncenter size-full\"><a href=\"https:\/\/www.elsindical.com.ar\/notas\/var\/www\/html\/notas\/wp-content\/uploads\/2026\/01\/aumento-anual-alimentos.jpg\"><img loading=\"lazy\" decoding=\"async\" width=\"700\" height=\"595\" src=\"https:\/\/www.elsindical.com.ar\/notas\/var\/www\/html\/notas\/wp-content\/uploads\/2026\/01\/aumento-anual-alimentos.jpg\" alt=\"\" class=\"wp-image-142161\" srcset=\"https:\/\/www.elsindical.com.ar\/notas\/var\/www\/html\/notas\/wp-content\/uploads\/2026\/01\/aumento-anual-alimentos.jpg 700w, https:\/\/www.elsindical.com.ar\/notas\/var\/www\/html\/notas\/wp-content\/uploads\/2026\/01\/aumento-anual-alimentos-300x255.jpg 300w\" sizes=\"auto, (max-width: 700px) 100vw, 700px\" \/><\/a><\/figure>\n<\/div>\n\n\n<p>Con el aumento del 2,23% en diciembre, la Canasta de Alimentos cerr\u00f3 el a\u00f1o con una alza superior al 30. Sensible baja respecto al a\u00f1o pasado.<\/p>\n\n\n\n<p>El informe de Consumidores Libres indica que el aumento en <strong>los alimentos fue del 30,62 por ciento durante 2025<\/strong>, mientras que en diciembre present\u00f3 una suba del 2,23.<\/p>\n\n\n\n<p>\u201cSeg\u00fan el relevamiento efectuado por la entidad en supermercados y negocios barriales de la ciudad de Buenos Aires, el precio de los 21 productos de la llamada \u201ccanasta b\u00e1sica de alimentos\u201d tuvo un aumento del <strong>2.23 por ciento durante el mes de diciembre<\/strong> del a\u00f1o 2025\u2033, inform\u00f3 la entidad.<\/p>\n\n\n\n<p>En el a\u00f1o,\u00a0los alimentos aumentaron un 30,62 por ciento: 2,23 en diciembre, 3,24 en noviembre,\u00a02,16\u00a0en octubre,\u00a01,69\u00a0en septiembre,\u00a02,06\u00a0en agosto,\u00a01,82\u00a0en julio,\u00a01,14\u00a0en junio,\u00a02,58\u00a0en mayo,\u00a02,92\u00a0en abril, otro\u00a03,19 en marzo, que se suma al\u00a01,97 de febrero y el 1,81 de enero.<\/p>\n\n\n\n<p>La suba acumulada durante el 2025 es del 30.62%, precis\u00f3 el informe. En la <strong>comparaci\u00f3n interanual<\/strong>, la diferencia es m\u00e1s que notoria ya que en 2024, la canasta b\u00e1sica de alimentos aument\u00f3 un\u00a0106,21 por ciento.<\/p>\n","protected":false},"excerpt":{"rendered":"<p>Con el aumento del 2,23% en diciembre, la Canasta de Alimentos cerr\u00f3 el a\u00f1o con una alza superior al 30. Sensible baja respecto al a\u00f1o pasado. El informe de Consumidores Libres indica que el aumento en los alimentos fue del 30,62 por ciento durante 2025, mientras que en diciembre present\u00f3 una suba del 2,23. \u201cSeg\u00fan&hellip;<\/p>\n","protected":false},"author":1,"featured_media":142161,"comment_status":"open","ping_status":"open","sticky":false,"template":"","format":"standard","meta":{"footnotes":""},"categories":[9],"tags":[46556,46053,2450,22023],"class_list":["post-142160","post","type-post","status-publish","format-standard","has-post-thumbnail","hentry","category-economia","tag-aumento-anual-alimentos","tag-canasta-de-alimentos","tag-diario-el-sindical","tag-economia"],"_links":{"self":[{"href":"https:\/\/www.elsindical.com.ar\/notas\/wp-json\/wp\/v2\/posts\/142160","targetHints":{"allow":["GET"]}}],"collection":[{"href":"https:\/\/www.elsindical.com.ar\/notas\/wp-json\/wp\/v2\/posts"}],"about":[{"href":"https:\/\/www.elsindical.com.ar\/notas\/wp-json\/wp\/v2\/types\/post"}],"author":[{"embeddable":true,"href":"https:\/\/www.elsindical.com.ar\/notas\/wp-json\/wp\/v2\/users\/1"}],"replies":[{"embeddable":true,"href":"https:\/\/www.elsindical.com.ar\/notas\/wp-json\/wp\/v2\/comments?post=142160"}],"version-history":[{"count":1,"href":"https:\/\/www.elsindical.com.ar\/notas\/wp-json\/wp\/v2\/posts\/142160\/revisions"}],"predecessor-version":[{"id":142162,"href":"https:\/\/www.elsindical.com.ar\/notas\/wp-json\/wp\/v2\/posts\/142160\/revisions\/142162"}],"wp:featuredmedia":[{"embeddable":true,"href":"https:\/\/www.elsindical.com.ar\/notas\/wp-json\/wp\/v2\/media\/142161"}],"wp:attachment":[{"href":"https:\/\/www.elsindical.com.ar\/notas\/wp-json\/wp\/v2\/media?parent=142160"}],"wp:term":[{"taxonomy":"category","embeddable":true,"href":"https:\/\/www.elsindical.com.ar\/notas\/wp-json\/wp\/v2\/categories?post=142160"},{"taxonomy":"post_tag","embeddable":true,"href":"https:\/\/www.elsindical.com.ar\/notas\/wp-json\/wp\/v2\/tags?post=142160"}],"curies":[{"name":"wp","href":"https:\/\/api.w.org\/{rel}","templated":true}]}}