{"id":142155,"date":"2026-01-10T12:53:00","date_gmt":"2026-01-10T15:53:00","guid":{"rendered":"https:\/\/www.elsindical.com.ar\/notas\/?p=142155"},"modified":"2026-01-10T12:53:05","modified_gmt":"2026-01-10T15:53:05","slug":"julian-alvarez-sigue-con-la-peor-imagen-como-intendente-de-lanus","status":"publish","type":"post","link":"https:\/\/www.elsindical.com.ar\/notas\/julian-alvarez-sigue-con-la-peor-imagen-como-intendente-de-lanus\/","title":{"rendered":"Juli\u00e1n \u00c1lvarez sigue con la peor imagen como intendente de Lan\u00fas"},"content":{"rendered":"<div class=\"wp-block-image\">\n<figure class=\"aligncenter size-full\"><a href=\"https:\/\/www.elsindical.com.ar\/notas\/var\/www\/html\/notas\/wp-content\/uploads\/2024\/12\/Julian-Alvarez-intendente-de-Lanus.png\"><img loading=\"lazy\" decoding=\"async\" width=\"800\" height=\"445\" src=\"https:\/\/www.elsindical.com.ar\/notas\/var\/www\/html\/notas\/wp-content\/uploads\/2024\/12\/Julian-Alvarez-intendente-de-Lanus.png\" alt=\"\" class=\"wp-image-134592\" srcset=\"https:\/\/www.elsindical.com.ar\/notas\/var\/www\/html\/notas\/wp-content\/uploads\/2024\/12\/Julian-Alvarez-intendente-de-Lanus.png 800w, https:\/\/www.elsindical.com.ar\/notas\/var\/www\/html\/notas\/wp-content\/uploads\/2024\/12\/Julian-Alvarez-intendente-de-Lanus-300x167.png 300w, https:\/\/www.elsindical.com.ar\/notas\/var\/www\/html\/notas\/wp-content\/uploads\/2024\/12\/Julian-Alvarez-intendente-de-Lanus-768x427.png 768w, https:\/\/www.elsindical.com.ar\/notas\/var\/www\/html\/notas\/wp-content\/uploads\/2024\/12\/Julian-Alvarez-intendente-de-Lanus-500x278.png 500w\" sizes=\"auto, (max-width: 800px) 100vw, 800px\" \/><\/a><\/figure>\n<\/div>\n\n\n<p>   Ya no solo los vecinos est\u00e1n hartos de la gesti\u00f3n de Juli\u00e1n \u00c1lvarez, que es deficitaria y en muchos aspectos hasta rid\u00edcula por los gastos millonarios en cuestiones que no deber\u00edan ser una prioridad cuando no benefician al vecino.<\/p>\n\n\n\n<p>En plena antesala de las elecciones legislativas de 2025, la <strong>Municipalidad de Lan\u00fas<\/strong> destin\u00f3 $150 millones a <strong>publicidad oficial en redes sociales<\/strong> y plataformas digitales, una decisi\u00f3n que volvi\u00f3 a instalar el debate sobre el uso de fondos p\u00fablicos en per\u00edodos electorales.<\/p>\n\n\n\n<p>La contrataci\u00f3n fue formalizada a trav\u00e9s del Decreto N.\u00ba 1.320, firmado el 20 de mayo y publicado en el Bolet\u00edn Oficial del distrito que gobierna el intendente camporista Juli\u00e1n \u00c1lvarez.<\/p>\n\n\n\n<p>Seg\u00fan indic\u00f3 el diario Clar\u00edn, el decreto dispuso la adjudicaci\u00f3n directa del servicio de propaganda digital por un per\u00edodo de tres meses consecutivos, que coincidieron con una etapa clave del calendario pol\u00edtico, previa a las elecciones de septiembre en las que se renovaron bancas legislativas provinciales y concejal\u00edas. El contrato fue otorgado a la firma OANA S.A.S. por un monto total de $150.000.000.<\/p>\n\n\n\n<p>Seg\u00fan consta en la documentaci\u00f3n administrativa, el servicio incluy\u00f3 la implementaci\u00f3n de pautas publicitarias en plataformas como Meta, YouTube Ads y sistemas program\u00e1ticos, adem\u00e1s de la producci\u00f3n y difusi\u00f3n de piezas gr\u00e1ficas y textos con contenidos institucionales del municipio. El gasto fue impulsado desde la Secretar\u00eda de Jefatura de Gabinete y se realiz\u00f3 bajo la modalidad de contrataci\u00f3n directa, amparada en las excepciones previstas por la Ley Org\u00e1nica de las Municipalidades para la publicidad oficial.<\/p>\n\n\n\n<h2 class=\"wp-block-heading\">Un distrito gobernado por La C\u00e1mpora<\/h2>\n\n\n\n<p>La decisi\u00f3n adquiere especial relevancia por el contexto pol\u00edtico. Lan\u00fas es uno de los distritos gobernados por La C\u00e1mpora y la inversi\u00f3n en pauta digital se ejecut\u00f3 de manera paralela al despliegue de la campa\u00f1a electoral del oficialismo bonaerense, en una elecci\u00f3n en la que el gobernador Axel Kicillof se impuso con holgura a nivel provincial y el intendente \u00c1lvarez logr\u00f3 retener el control del municipio.<\/p>\n\n\n\n<p>El decreto establece que la contrataci\u00f3n se financi\u00f3 con recursos corrientes del presupuesto municipal, imputados a la partida correspondiente a servicios de publicidad. Adem\u00e1s, se\u00f1ala que el expediente cont\u00f3 con informes t\u00e9cnicos previos y con la intervenci\u00f3n de la Direcci\u00f3n General de Compras, la Contadur\u00eda General y la Secretar\u00eda Legal y T\u00e9cnica.<\/p>\n\n\n\n<p>Si bien la normativa dispone la remisi\u00f3n de la documentaci\u00f3n al Tribunal de Cuentas de la provincia de Buenos Aires, ese control es posterior y no suspende la ejecuci\u00f3n inmediata del gasto. En el art\u00edculo central del decreto se detalla la contrataci\u00f3n directa con OANA S.A.S., identificada como proveedor municipal, para la prestaci\u00f3n del \u201cservicio de propaganda en redes sociales\u201d durante tres per\u00edodos consecutivos.<\/p>\n\n\n\n<p>La empresa adjudicataria, domiciliada en la Ciudad de Buenos Aires, certific\u00f3 la realizaci\u00f3n del servicio correspondiente a la primera quincena de julio, de acuerdo con la orden de compra emitida por el municipio. La primera factura presentada, por un monto de $50 millones, fue registrada ante ARCA el 22 de julio de 2025. OANA forma parte del grupo Natal 360, dedicado a la provisi\u00f3n de servicios de comunicaci\u00f3n y marketing digital.<\/p>\n","protected":false},"excerpt":{"rendered":"<p>Ya no solo los vecinos est\u00e1n hartos de la gesti\u00f3n de Juli\u00e1n \u00c1lvarez, que es deficitaria y en muchos aspectos hasta rid\u00edcula por los gastos millonarios en cuestiones que no deber\u00edan ser una prioridad cuando no benefician al vecino. En plena antesala de las elecciones legislativas de 2025, la Municipalidad de Lan\u00fas destin\u00f3 $150 millones&hellip;<\/p>\n","protected":false},"author":1,"featured_media":134592,"comment_status":"open","ping_status":"open","sticky":false,"template":"","format":"standard","meta":{"footnotes":""},"categories":[13],"tags":[2450,44435,42922,209,46553,24119,2605],"class_list":["post-142155","post","type-post","status-publish","format-standard","has-post-thumbnail","hentry","category-politica","tag-diario-el-sindical","tag-gastos-millonarios","tag-intendente-julian-alvarez","tag-lanus","tag-oana","tag-pauta-oficial","tag-redes-sociales"],"_links":{"self":[{"href":"https:\/\/www.elsindical.com.ar\/notas\/wp-json\/wp\/v2\/posts\/142155","targetHints":{"allow":["GET"]}}],"collection":[{"href":"https:\/\/www.elsindical.com.ar\/notas\/wp-json\/wp\/v2\/posts"}],"about":[{"href":"https:\/\/www.elsindical.com.ar\/notas\/wp-json\/wp\/v2\/types\/post"}],"author":[{"embeddable":true,"href":"https:\/\/www.elsindical.com.ar\/notas\/wp-json\/wp\/v2\/users\/1"}],"replies":[{"embeddable":true,"href":"https:\/\/www.elsindical.com.ar\/notas\/wp-json\/wp\/v2\/comments?post=142155"}],"version-history":[{"count":1,"href":"https:\/\/www.elsindical.com.ar\/notas\/wp-json\/wp\/v2\/posts\/142155\/revisions"}],"predecessor-version":[{"id":142156,"href":"https:\/\/www.elsindical.com.ar\/notas\/wp-json\/wp\/v2\/posts\/142155\/revisions\/142156"}],"wp:featuredmedia":[{"embeddable":true,"href":"https:\/\/www.elsindical.com.ar\/notas\/wp-json\/wp\/v2\/media\/134592"}],"wp:attachment":[{"href":"https:\/\/www.elsindical.com.ar\/notas\/wp-json\/wp\/v2\/media?parent=142155"}],"wp:term":[{"taxonomy":"category","embeddable":true,"href":"https:\/\/www.elsindical.com.ar\/notas\/wp-json\/wp\/v2\/categories?post=142155"},{"taxonomy":"post_tag","embeddable":true,"href":"https:\/\/www.elsindical.com.ar\/notas\/wp-json\/wp\/v2\/tags?post=142155"}],"curies":[{"name":"wp","href":"https:\/\/api.w.org\/{rel}","templated":true}]}}