{"id":14214,"date":"2011-05-12T18:54:28","date_gmt":"2011-05-12T21:54:28","guid":{"rendered":"http:\/\/www.elsindical.com.ar\/notas\/?p=14214"},"modified":"2011-05-12T18:54:28","modified_gmt":"2011-05-12T21:54:28","slug":"hackearon-durante-mas-de-dos-horas-la-pagina-web-de-la-policia-federal","status":"publish","type":"post","link":"https:\/\/www.elsindical.com.ar\/notas\/hackearon-durante-mas-de-dos-horas-la-pagina-web-de-la-policia-federal\/","title":{"rendered":"Hackearon durante m\u00e1s de dos horas la p\u00e1gina Web de la Polic\u00eda Federal"},"content":{"rendered":"<p style=\"text-align: justify;\"><em><a href=\"http:\/\/www.elsindical.com.ar\/notas\/var\/www\/html\/notas\/wp-content\/uploads\/2011\/05\/polic\u00eda-sexy.jpg\"><img loading=\"lazy\" decoding=\"async\" class=\"alignleft size-medium wp-image-14215\" title=\"polic\u00eda-sexy\" src=\"http:\/\/www.elsindical.com.ar\/notas\/var\/www\/html\/notas\/wp-content\/uploads\/2011\/05\/polic\u00eda-sexy-300x260.jpg\" alt=\"\" width=\"300\" height=\"260\" srcset=\"https:\/\/www.elsindical.com.ar\/notas\/var\/www\/html\/notas\/wp-content\/uploads\/2011\/05\/polic\u00eda-sexy-300x260.jpg 300w, https:\/\/www.elsindical.com.ar\/notas\/var\/www\/html\/notas\/wp-content\/uploads\/2011\/05\/polic\u00eda-sexy.jpg 413w\" sizes=\"auto, (max-width: 300px) 100vw, 300px\" \/><\/a>El hombre est\u00e1 marchando y hace la venia. Lleva gorra de polic\u00eda y anteojos espejados, pero poco m\u00e1s que eso. En la imagen resalta su slip rojo furioso y un titulo sugestivo: <strong>\u201cLa Federal viste a la moda\u201d,<\/strong> en directa alusi\u00f3n a la pel\u00edcula de Hollywood \u201cEl diablo vista a la moda\u201d. Con esta foto \u2013tomada durante un desfile por el orgullo gay\u2013 <strong>piratas inform\u00e1ticos hackearon ayer la p\u00e1gina web de la Polic\u00eda Federal Argentina<\/strong> .<\/em><\/p>\n<p style=\"text-align: justify;\">Durante algo m\u00e1s de dos horas, bastaba clickear www.lafederalonline.gov.ar para que la b\u00fasqueda fuera redireccionada a <strong>un portal bien distinto<\/strong> : adem\u00e1s de la foto del atl\u00e9tico polic\u00eda semidesnudo pod\u00eda verse un video tomado de <strong>Youtube<\/strong> de uno de los temas mas populares de Patricio Rey y sus Redonditos de Ricota: Vencedores Vencidos. Nada fue elegido al azar. \u201cEnsayo general para la farsa actual teatro antidisturbios\u201d, canta el Indio Solari y las fotos de la Junta Militar, la represi\u00f3n de la dictadura y las im\u00e1genes de Madres de Plaza de Mayo acompa\u00f1an la letra.<\/p>\n<p style=\"text-align: justify;\">El ataque al sitio de la Federal fue revelado por la p\u00e1gina Segu-Info, dedicada a dar noticias de seguridad inform\u00e1tica.<\/p>\n<p style=\"text-align: justify;\">Ayer a la tarde confirmaron lo ocurrido con el \u00e1rea de Prensa de la fuerza. \u201cEl hackeo duro poco y se pudo restablecer el servicio pasado el mediod\u00eda\u201d, detallaron fuentes de la Polic\u00eda y aseguraron que es la <strong>primera vez<\/strong> que pasa algo as\u00ed con la p\u00e1gina oficial. \u201cLa gente que hace esto lo hace como un juego, pero la verdad es que se trata de un delito y de un delito que deja al descubierto lo vulnerables que son algunos sitios oficiales\u201d,\u00a0dijo Cristian Borghello, creador de Segu-Info y donde pueden verse las im\u00e1genes usadas ayer por los hackers.<\/p>\n<p style=\"text-align: justify;\">Borghello, experto en seguridad inform\u00e1tica, sostiene su postura: \u201cDesde que en el a\u00f1o 2008 se sancion\u00f3 la ley 26.388, <strong>este tipo de ataques son considerados delito<\/strong> y se los pena con 6 meses a 2 a\u00f1os de prisi\u00f3n\u201d.<\/p>\n<p style=\"text-align: justify;\">Antes de esta legislaci\u00f3n espec\u00edfica las cosas eran distintas al punto de que en el 2002 el juez federal Sergio Torres sobresey\u00f3 por inexistencia de delito a un grupo de piratas inform\u00e1ticos que, en 1998, hab\u00eda hackeado la p\u00e1gina de la Corte Suprema de Justicia de la Naci\u00f3n, poniendo una foto de Jos\u00e9 Luis Cabezas al cumplirse un aniversario de su asesinato.<\/p>\n","protected":false},"excerpt":{"rendered":"<p>El hombre est\u00e1 marchando y hace la venia. Lleva gorra de polic\u00eda y anteojos espejados, pero poco m\u00e1s que eso. En la imagen resalta su slip rojo furioso y un titulo sugestivo: \u201cLa Federal viste a la moda\u201d, en directa alusi\u00f3n a la pel\u00edcula de Hollywood \u201cEl diablo vista a la moda\u201d. Con esta foto&hellip;<\/p>\n","protected":false},"author":1,"featured_media":0,"comment_status":"open","ping_status":"open","sticky":false,"template":"","format":"standard","meta":{"footnotes":""},"categories":[22],"tags":[6852,502,6853],"class_list":["post-14214","post","type-post","status-publish","format-standard","hentry","category-policiales","tag-hackeo","tag-policia-federal-argentina","tag-web-sitio"],"_links":{"self":[{"href":"https:\/\/www.elsindical.com.ar\/notas\/wp-json\/wp\/v2\/posts\/14214","targetHints":{"allow":["GET"]}}],"collection":[{"href":"https:\/\/www.elsindical.com.ar\/notas\/wp-json\/wp\/v2\/posts"}],"about":[{"href":"https:\/\/www.elsindical.com.ar\/notas\/wp-json\/wp\/v2\/types\/post"}],"author":[{"embeddable":true,"href":"https:\/\/www.elsindical.com.ar\/notas\/wp-json\/wp\/v2\/users\/1"}],"replies":[{"embeddable":true,"href":"https:\/\/www.elsindical.com.ar\/notas\/wp-json\/wp\/v2\/comments?post=14214"}],"version-history":[{"count":2,"href":"https:\/\/www.elsindical.com.ar\/notas\/wp-json\/wp\/v2\/posts\/14214\/revisions"}],"predecessor-version":[{"id":14217,"href":"https:\/\/www.elsindical.com.ar\/notas\/wp-json\/wp\/v2\/posts\/14214\/revisions\/14217"}],"wp:attachment":[{"href":"https:\/\/www.elsindical.com.ar\/notas\/wp-json\/wp\/v2\/media?parent=14214"}],"wp:term":[{"taxonomy":"category","embeddable":true,"href":"https:\/\/www.elsindical.com.ar\/notas\/wp-json\/wp\/v2\/categories?post=14214"},{"taxonomy":"post_tag","embeddable":true,"href":"https:\/\/www.elsindical.com.ar\/notas\/wp-json\/wp\/v2\/tags?post=14214"}],"curies":[{"name":"wp","href":"https:\/\/api.w.org\/{rel}","templated":true}]}}