{"id":142122,"date":"2026-01-08T14:52:38","date_gmt":"2026-01-08T17:52:38","guid":{"rendered":"https:\/\/www.elsindical.com.ar\/notas\/?p=142122"},"modified":"2026-01-08T14:52:44","modified_gmt":"2026-01-08T17:52:44","slug":"manuel-adorni-el-bufon-del-despilfarro","status":"publish","type":"post","link":"https:\/\/www.elsindical.com.ar\/notas\/manuel-adorni-el-bufon-del-despilfarro\/","title":{"rendered":"Manuel Adorni \u00bfel buf\u00f3n del despilfarro?"},"content":{"rendered":"<div class=\"wp-block-image\">\n<figure class=\"aligncenter size-full\"><a href=\"https:\/\/www.elsindical.com.ar\/notas\/var\/www\/html\/notas\/wp-content\/uploads\/2026\/01\/subasta-mansion-de-Daniel-Munoz.jpg\"><img loading=\"lazy\" decoding=\"async\" width=\"500\" height=\"625\" src=\"https:\/\/www.elsindical.com.ar\/notas\/var\/www\/html\/notas\/wp-content\/uploads\/2026\/01\/subasta-mansion-de-Daniel-Munoz.jpg\" alt=\"\" class=\"wp-image-142124\" srcset=\"https:\/\/www.elsindical.com.ar\/notas\/var\/www\/html\/notas\/wp-content\/uploads\/2026\/01\/subasta-mansion-de-Daniel-Munoz.jpg 500w, https:\/\/www.elsindical.com.ar\/notas\/var\/www\/html\/notas\/wp-content\/uploads\/2026\/01\/subasta-mansion-de-Daniel-Munoz-240x300.jpg 240w\" sizes=\"auto, (max-width: 500px) 100vw, 500px\" \/><\/a><\/figure>\n<\/div>\n\n\n<p>   Hay situaciones en la Argentina que son un fiel reflejo de la incapacidad de muchos para procesar informaci\u00f3n y de otros que por ignorancia son incapaces de cuestionar algunas noticias. En esa  grave situaci\u00f3n social ning\u00fan pa\u00eds puede crecer entre una poblaci\u00f3n incapaz de percibir el despilfarro de los bienes p\u00fablicos que no le pertenecen al gobierno de turno ni a un Juez, que deber\u00eda velar por el bien com\u00fan.<\/p>\n\n\n\n<p>Seg\u00fan propias afirmaciones del presidente de la Naci\u00f3n <strong>Javier Milei<\/strong>, son el mejor gobierno integrado por los mejores funcionarios, algo que en alg\u00fan momento se escuch\u00f3 en la pol\u00edtica Argentina de un presidente que termin\u00f3 contrayendo la mayor deuda con el FMI hablamos de <strong>Mauricio Macri <\/strong>y su entonces Ministro de Econom\u00eda y casualmente el actual <strong>Luis Caputo<\/strong>.<\/p>\n\n\n\n<p>Entonces, si damos entidad a que nos gobiernan los mejores, aunque el actual Jefe de Gabinete Manuel Adorni nos informa que es Contador P\u00fablico egresado de la UADE, la realidad es que su paso por la educaci\u00f3n p\u00fablica no fue el mejor, ya que no avanz\u00f3 en la misma carrera en la Universidad Nacional de La Plata. Esto no es un dato menor y quiz\u00e1s hasta sea un atenuante para las acciones que viene realizando dentro de la administraci\u00f3n p\u00fablica el coordinador de los ministros nacionales.<\/p>\n\n\n\n<p>Resulta que los medios, informaron sobre la venta de la \u00abcasona\u00bb o \u00abmansi\u00f3n\u00bb de <strong>Daniel Mu\u00f1\u00f3z<\/strong>, uno de los ex secretarios de <strong>N\u00e9stor Kirchner<\/strong> que falleci\u00f3 en el 2016 cuando era investigado por enriquecimiento il\u00edcito junto a su esposa <strong>Carolina Pochetti<\/strong>. <\/p>\n\n\n\n<p>La decisi\u00f3n fue producto de las pruebas que lo se\u00f1alaron como el principal encargado de recibir los bolsos con dinero que se investigaron en la conocida <strong>\u201cCausa Cuadernos\u201d <\/strong>que, actualmente, se encuentra en pleno juicio.<\/p>\n\n\n\n<p>De acuerdo con la investigaci\u00f3n, el ex secretario habr\u00eda sido la persona que recib\u00eda las coimas que habr\u00edan sido abonadas por empresarios involucrados en la obra p\u00fablica. Aunque, aparentemente, su tarea habr\u00eda sido trasladar el dinero a puntos como, por ejemplo, la Quinta de Olivos o la provincia de Santa Cruz, se estim\u00f3 que <strong>habr\u00eda amasado una fortuna (detectada) de unos 70 millones de d\u00f3lares.<\/strong><\/p>\n\n\n\n<p>Incluso, el contador del matrimonio Kirchner, <strong>Alejandro Manzanares<\/strong>, hab\u00eda reconocido haber armado <strong>sociedades fantasmas para que Mu\u00f1oz pudiera lavar el dinero corrupto<\/strong>. As\u00ed, hab\u00eda adquirido un total de <strong>87 propiedades<\/strong>, entre ellas, un territorio frente al mar en la isla Turks and Caicos, donde habr\u00eda tenido la intenci\u00f3n de construir un complejo tur\u00edstico.<\/p>\n\n\n\n<p>A ra\u00edz de la cantidad de inmuebles descubiertos, el juez <strong>Marcelo Mart\u00ednez De Giorgi<\/strong> hab\u00eda decidido dividirlos en tres grupos. El primero constaba de 28 bienes, que fueron los primeros en ser embargados por la Justicia. Desde garajes, un departamento de Puerto Madero, una casa de Mar de las Pampas, y hasta varias propiedades en Capital y en Santa Cruz conformaron la lista.<\/p>\n\n\n\n<p>La segunda divisi\u00f3n incluy\u00f3 un total de 26 bienes, entre ellos, m\u00e1s propiedades y veh\u00edculos. Por \u00faltimo, el tercer grupo fue formado por otros 33 bienes, en donde se enumeraron autos, terrenos en Mar del Plata, departamentos en Capital, caba\u00f1as en Lago Puelo, quince departamentos en una torre de Vicente L\u00f3pez, estancias en Santa Cruz y un inmueble en la calle N\u00e9stor Kirchner de R\u00edo Gallegos.<\/p>\n\n\n\n<p>Despu\u00e9s de que la AABE fuera habilitada a administrar los bienes decomisados de causas federales como, por ejemplo, corrupci\u00f3n y narcotr\u00e1fico, se ofertaron tres propiedades a nombre de Mu\u00f1oz.<\/p>\n\n\n\n<p>Con la venta de la casona de Villa Devoto, <strong>solo restar\u00eda subastarse<\/strong> <strong>un edificio de tres plantas de 1.245 m2 cubiertos<\/strong>, ubicado en la calle Pedro Ignacio Rivera al 5100, en Villa Urquiza, en donde funcionaban las oficinas del ex secretario privado.<\/p>\n\n\n\n<p>El precio inicial por el inmueble fue tasado en <strong>USD 815.795,<\/strong> que no habr\u00eda tenido interesados en ella. En abril de 2021 hubo un intento previo de subasta, pero no hubo ofertantes en esa oportunidad.<\/p>\n\n\n\n<p>Previamente, el Gobierno hab\u00eda conseguido vender exitosamente un departamento de tres ambientes con cochera en el barrio de <strong>Villa Urquiza<\/strong>. La propiedad ofrec\u00eda 74 m2 y estaba ubicada en la calle <strong>Andonaegui al 2900.<\/strong> Su precio base era de USD 146.290, pero se subast\u00f3 el 19 de agosto de 2024 a una cifra ligeramente superior: <strong>USD 168.059<\/strong>.<\/p>\n\n\n\n<p>Hasta ac\u00e1 la informaci\u00f3n que de una manera muy ingenua han replicado los medios hegem\u00f3nicos, como si se tratara de un comunicado de prensa de los que suelen los gobiernos difundir a los medios con pauta.<\/p>\n\n\n<div class=\"wp-block-image\">\n<figure class=\"aligncenter size-full\"><a href=\"https:\/\/www.elsindical.com.ar\/notas\/var\/www\/html\/notas\/wp-content\/uploads\/2026\/01\/festejo-de-Adorni-venta-casa-Daniel-Munoz.jpg\"><img loading=\"lazy\" decoding=\"async\" width=\"616\" height=\"559\" src=\"https:\/\/www.elsindical.com.ar\/notas\/var\/www\/html\/notas\/wp-content\/uploads\/2026\/01\/festejo-de-Adorni-venta-casa-Daniel-Munoz.jpg\" alt=\"\" class=\"wp-image-142125\" srcset=\"https:\/\/www.elsindical.com.ar\/notas\/var\/www\/html\/notas\/wp-content\/uploads\/2026\/01\/festejo-de-Adorni-venta-casa-Daniel-Munoz.jpg 616w, https:\/\/www.elsindical.com.ar\/notas\/var\/www\/html\/notas\/wp-content\/uploads\/2026\/01\/festejo-de-Adorni-venta-casa-Daniel-Munoz-300x272.jpg 300w\" sizes=\"auto, (max-width: 616px) 100vw, 616px\" \/><\/a><\/figure>\n<\/div>\n\n\n<p>Incluso colg\u00e1ndose de la noticia, el Jefe de Gabinete Manuel Adorni poste\u00f3 celebrando la venta como si de un \u00e9xito de gobierno se tratara, obviamente sin detalles en lo que a t\u00edtulo personal se trata m\u00e1s de un despilfarro que afecta los bienes del Estado o un negociado de alg\u00fan grupo que controla las subastas importantes, que los hay, antes se los conoc\u00eda como <strong>La LIGA<\/strong> <strong>de Remates Judiciales Argentinos de la Ciudad de Buenos Aires<\/strong>, hasta que en un proceso judicial algunos de estos fueron procesados incluso en causas en la provincia de Buenos Aires, varias veces se dijo que se hab\u00eda terminado con esta organizaci\u00f3n criminal, aunque nadie a la fecha puede afirmar que no exista algo similar.<\/p>\n\n\n\n<h2 class=\"wp-block-heading\">Valores por debajo del mercado inmobiliario<\/h2>\n\n\n<div class=\"wp-block-image\">\n<figure class=\"aligncenter size-full\"><a href=\"https:\/\/www.elsindical.com.ar\/notas\/var\/www\/html\/notas\/wp-content\/uploads\/2026\/01\/Subasta-casa-Daniel-Munoz-en-Devoto.jpg\"><img loading=\"lazy\" decoding=\"async\" width=\"752\" height=\"310\" src=\"https:\/\/www.elsindical.com.ar\/notas\/var\/www\/html\/notas\/wp-content\/uploads\/2026\/01\/Subasta-casa-Daniel-Munoz-en-Devoto.jpg\" alt=\"\" class=\"wp-image-142126\" srcset=\"https:\/\/www.elsindical.com.ar\/notas\/var\/www\/html\/notas\/wp-content\/uploads\/2026\/01\/Subasta-casa-Daniel-Munoz-en-Devoto.jpg 752w, https:\/\/www.elsindical.com.ar\/notas\/var\/www\/html\/notas\/wp-content\/uploads\/2026\/01\/Subasta-casa-Daniel-Munoz-en-Devoto-300x124.jpg 300w\" sizes=\"auto, (max-width: 752px) 100vw, 752px\" \/><\/a><\/figure>\n<\/div>\n\n\n<p>   A la falta de informaci\u00f3n de la subasta p\u00fablica, lo correcto hubiera sido que un gobierno que dice combatir la corrupci\u00f3n era publicar todo el proceso con los datos correctos y un estudio de mercado para una subasta que no vaya a p\u00e9rdida, pero esto no ocurri\u00f3.<\/p>\n\n\n\n<p>La informaci\u00f3n a los ciudadanos era que el inmueble ten\u00eda una base de <strong>974.416 d\u00f3lares<\/strong> y se remat\u00f3 por <strong>673.454 d\u00f3lares<\/strong>, es decir se perdieron <strong>300.962 d\u00f3lares<\/strong>, siendo generosos e ingenuos.<\/p>\n\n\n\n<p>Pero hicimos algo que el periodismo grande parece ignorar, y es chequear algunos datos b\u00e1sicos como es consultar la tasaci\u00f3n real de una propiedad con esas caracter\u00edsticas.<\/p>\n\n\n\n<p><strong>E<\/strong>n el coraz\u00f3n de la zona residencial de Villa Devoto, sobre el emblem\u00e1tico <strong>boulevar Salvador Mar\u00eda del Carril al 3700<\/strong>, se erige una imponente mansi\u00f3n que ha captado la atenci\u00f3n de vecinos y autoridades por igual. <strong>Esta propiedad, que perteneci\u00f3 a Daniel Mu\u00f1oz, ex secretario privado de N\u00e9stor Kirchner<\/strong>, se encuentra actualmente en manos del Estado, <strong>a la espera de ser subastada.<\/strong><\/p>\n\n\n\n<p>La casona, construida sobre un terreno de<strong> 388 m\u00b2, cuenta con 639 m\u00b2 distribuidos en tres plantas y un subsuelo. Su lujosa disposici\u00f3n incluye un estacionamiento, sauna, tres dormitorios con ba\u00f1os privados, sal\u00f3n de juegos y una piscina en el jard\u00edn trasero<\/strong>.<\/p>\n\n\n\n<p>El valor real del mercado inmobiliario para una propiedad as\u00ed es de 3.000 d\u00f3lares el metro cuadrado, lo que entonces arroja un valor real de <strong>1.917.000 d\u00f3lares<\/strong>, entonces la p\u00e9rdida real del Estado argentino ya es de <strong>1.243.546 d\u00f3lares<\/strong>, alguien al parecer ha realizado un excelente negocio y el Estado argentino una mala venta, \u00bffue casualidad?.<\/p>\n\n\n\n<p>Como quiera que sea, hay varios funcionarios que deber\u00edan dar una explicaci\u00f3n, la <strong>Agencia de Administraci\u00f3n de Bienes del Estado (AABE)<\/strong> depende de la <strong>Jefatura de Gabinete de Ministros<\/strong>, es decir directamente de <strong>Manuel Adorni<\/strong>, pero tambi\u00e9n hay una responsabilidad judicial ya que las propiedades estaban vinculadas a un proceso judicial, que llevaba adelante el fallecido <strong>Juez Federal Claudio Bonad\u00edo<\/strong>.<\/p>\n\n\n\n<p>Si sumamos las diferencias entre los valores reales de las propiedades y las ventas cerradas por este gobierno, las p\u00e9rdidas son de varios millones de d\u00f3lares.<\/p>\n\n\n\n<p>Entonces surge la pregunta l\u00f3gica, un profesional, Contador P\u00fablico, \u00bffesteja las p\u00e9rdidas o las ganancias?? y s\u00ed es as\u00ed, que nos diga a los argentinos qui\u00e9nes han ganado con estas compras inmobiliarias.<\/p>\n\n\n\n<p><\/p>\n\n\n\n<p>Por Marcelo Ricardo Hawrylciw<\/p>\n","protected":false},"excerpt":{"rendered":"<p>Hay situaciones en la Argentina que son un fiel reflejo de la incapacidad de muchos para procesar informaci\u00f3n y de otros que por ignorancia son incapaces de cuestionar algunas noticias. En esa grave situaci\u00f3n social ning\u00fan pa\u00eds puede crecer entre una poblaci\u00f3n incapaz de percibir el despilfarro de los bienes p\u00fablicos que no le pertenecen&hellip;<\/p>\n","protected":false},"author":1,"featured_media":142124,"comment_status":"open","ping_status":"open","sticky":false,"template":"","format":"standard","meta":{"footnotes":""},"categories":[10],"tags":[46545,30428,23310,2450,28812,41770,76,767,7365,46544,1545],"class_list":["post-142122","post","type-post","status-publish","format-standard","has-post-thumbnail","hentry","category-editorial","tag-alejandro-manzanares","tag-carolina-pochetti","tag-daniel-munoz","tag-diario-el-sindical","tag-javier-milei","tag-manuel-adorni","tag-mauricio-macri","tag-nestor-kirchner","tag-uade","tag-uis-caputo","tag-unlp"],"_links":{"self":[{"href":"https:\/\/www.elsindical.com.ar\/notas\/wp-json\/wp\/v2\/posts\/142122","targetHints":{"allow":["GET"]}}],"collection":[{"href":"https:\/\/www.elsindical.com.ar\/notas\/wp-json\/wp\/v2\/posts"}],"about":[{"href":"https:\/\/www.elsindical.com.ar\/notas\/wp-json\/wp\/v2\/types\/post"}],"author":[{"embeddable":true,"href":"https:\/\/www.elsindical.com.ar\/notas\/wp-json\/wp\/v2\/users\/1"}],"replies":[{"embeddable":true,"href":"https:\/\/www.elsindical.com.ar\/notas\/wp-json\/wp\/v2\/comments?post=142122"}],"version-history":[{"count":1,"href":"https:\/\/www.elsindical.com.ar\/notas\/wp-json\/wp\/v2\/posts\/142122\/revisions"}],"predecessor-version":[{"id":142127,"href":"https:\/\/www.elsindical.com.ar\/notas\/wp-json\/wp\/v2\/posts\/142122\/revisions\/142127"}],"wp:featuredmedia":[{"embeddable":true,"href":"https:\/\/www.elsindical.com.ar\/notas\/wp-json\/wp\/v2\/media\/142124"}],"wp:attachment":[{"href":"https:\/\/www.elsindical.com.ar\/notas\/wp-json\/wp\/v2\/media?parent=142122"}],"wp:term":[{"taxonomy":"category","embeddable":true,"href":"https:\/\/www.elsindical.com.ar\/notas\/wp-json\/wp\/v2\/categories?post=142122"},{"taxonomy":"post_tag","embeddable":true,"href":"https:\/\/www.elsindical.com.ar\/notas\/wp-json\/wp\/v2\/tags?post=142122"}],"curies":[{"name":"wp","href":"https:\/\/api.w.org\/{rel}","templated":true}]}}