{"id":142060,"date":"2026-01-04T13:06:40","date_gmt":"2026-01-04T16:06:40","guid":{"rendered":"https:\/\/www.elsindical.com.ar\/notas\/?p=142060"},"modified":"2026-01-04T13:18:44","modified_gmt":"2026-01-04T16:18:44","slug":"pinamar-no-solo-las-propiedades-cotizan-en-dolares","status":"publish","type":"post","link":"https:\/\/www.elsindical.com.ar\/notas\/pinamar-no-solo-las-propiedades-cotizan-en-dolares\/","title":{"rendered":"Pinamar: No solo las propiedades cotizan en d\u00f3lares"},"content":{"rendered":"\n<figure class=\"wp-block-image size-large\"><a href=\"https:\/\/www.elsindical.com.ar\/notas\/var\/www\/html\/notas\/wp-content\/uploads\/2026\/01\/Pinamar-cotiza-en-dolares.png\"><img loading=\"lazy\" decoding=\"async\" width=\"1024\" height=\"683\" src=\"https:\/\/www.elsindical.com.ar\/notas\/var\/www\/html\/notas\/wp-content\/uploads\/2026\/01\/Pinamar-cotiza-en-dolares-1024x683.png\" alt=\"\" class=\"wp-image-142061\" srcset=\"https:\/\/www.elsindical.com.ar\/notas\/var\/www\/html\/notas\/wp-content\/uploads\/2026\/01\/Pinamar-cotiza-en-dolares-1024x683.png 1024w, https:\/\/www.elsindical.com.ar\/notas\/var\/www\/html\/notas\/wp-content\/uploads\/2026\/01\/Pinamar-cotiza-en-dolares-300x200.png 300w, https:\/\/www.elsindical.com.ar\/notas\/var\/www\/html\/notas\/wp-content\/uploads\/2026\/01\/Pinamar-cotiza-en-dolares-768x512.png 768w, https:\/\/www.elsindical.com.ar\/notas\/var\/www\/html\/notas\/wp-content\/uploads\/2026\/01\/Pinamar-cotiza-en-dolares.png 1536w\" sizes=\"auto, (max-width: 1024px) 100vw, 1024px\" \/><\/a><\/figure>\n\n\n\n<p>   Ya comenzando el 2026, el paso del tiempo en la causa de la muerte del joven obrero de la construcci\u00f3n Fausto Maldonada, ha entrado en un punto donde la corrupci\u00f3n y la impunidad, han cercado al reclamo de justicia, no porque la lucha se haya agotado, sino por el hecho de que los encubridores se han renovado al sumar m\u00e1s voluntades en el recambio pol\u00edtico.<\/p>\n\n\n\n<p>Ni los que estaban han hecho algo por llegar a la verdad porque los involucra directamente, ni los que llegan quieren generar un cambio porque el rubro inmobiliario es un \u00e9xito econ\u00f3mico que no solo mueve millones sino que estos son en d\u00f3lares, d\u00f3lares que con las medidas del gobierno nacional, estimulando el uso de d\u00f3lares sin que importe el origen de los mismos.<\/p>\n\n\n\n<p>Desde este medio ya hab\u00edamos denunciado el gran lavado de dinero en el rubro inmobiliario, algo que no es nuevo y tampoco privativo de la Argentina, que encontr\u00f3 en Pinamar y alrededores un territorio f\u00e9rtil por la permeabilidad de sus pol\u00edticos locales para hacer de cuenta que no ven y transformar los pueblos costeros en atrayentes oportunidades para seudo empresarios que llegaron con inversiones y r\u00e1pidamente generaron grupos de poder local, que involucran influyentes sectores como es la pol\u00edtica, la justicia, la educaci\u00f3n y el control de los medios.<\/p>\n\n\n\n<p>Justicia por Fausto Maldonado, es una lucha que deber\u00eda ser estudiada a nivel sociol\u00f3gico, para comprender como la corrupci\u00f3n se asemeja a un c\u00e1ncer voraz, ya que en Pinamar, la pol\u00edtica ha armado una estructura de poder que ofrece blindaje a empresarios y funcionarios para violar la Ley y que no pase NADA.<\/p>\n\n\n\n<p>La impunidad con la que Iv\u00e1n Renkine, quien asumi\u00f3 ser la cara del eje de los imputados e involucrados en la muerte de Fausto Maldonado dejo en evidencia a muchos que actuaron directa e indirectamente para limitar los reclamos de justicia de su madre Carina Zabala a quien llegaron a arrestar con la ayuda del Juzgado de Paz de Pinamar, que suma denuncias de vecinos por acciones irregulares, pero parece que en La Corte de la Provincia de Buenos Aires, no se han enterado, ni siquiera cuando hay informes judiciales que han tratado el mal desempe\u00f1o de los Juzgados de Paz sin que nada cambie para bien.<\/p>\n\n\n\n<p>Es un bien ejercicio para los lectores volver a las notas anteriores para no olvidar los nombres de todos los involucrados, porque desde el Presidente del Colegio de ABogados de Dolores Cremonte, que tuvo una p\u00e9sima actuaci\u00f3n como abogado de Zabala, quien adem\u00e1s nunca respondi\u00f3 la requisitoria de este medio sobre la actuaci\u00f3n de algunos profesionales colegiados difamando e injuriando a la madre de la v\u00edctima con una impunidad inaceptable en el ejercicio de la profesi\u00f3n, que desacredita a la misma.<\/p>\n\n\n\n<p>Los otros 2 grandes impresentables en este pedido de justicia y que van a llevar la causa como una mancha de por vida y se los vamos a recordar siempre son el Ministro de Trabajo Bonaerense Jorge Walter Correa, quien adem\u00e1s es dirigente de la CGT y no hizo nada por cuidar a los obreros de la construcci\u00f3n al igual que el Secretario General de la UOCRA Gerardo Mart\u00ednez, quien a la fecha ha jugado al distra\u00eddo pero aunque los grandes medios no lo mencionen, es el principal responsable de la corrupci\u00f3n de la UOCRA en la zona, porque sus delegados no se ocultan y sus lujos mucho menos.<\/p>\n\n\n\n<figure class=\"wp-block-gallery has-nested-images columns-default is-cropped wp-block-gallery-1 is-layout-flex wp-block-gallery-is-layout-flex\">\n<figure class=\"wp-block-image size-large\"><a href=\"https:\/\/www.elsindical.com.ar\/notas\/var\/www\/html\/notas\/wp-content\/uploads\/2026\/01\/Walter-Correa-dedos-en-V.jpg\"><img loading=\"lazy\" decoding=\"async\" width=\"660\" height=\"597\" data-id=\"142063\" src=\"https:\/\/www.elsindical.com.ar\/notas\/var\/www\/html\/notas\/wp-content\/uploads\/2026\/01\/Walter-Correa-dedos-en-V.jpg\" alt=\"\" class=\"wp-image-142063\" srcset=\"https:\/\/www.elsindical.com.ar\/notas\/var\/www\/html\/notas\/wp-content\/uploads\/2026\/01\/Walter-Correa-dedos-en-V.jpg 660w, https:\/\/www.elsindical.com.ar\/notas\/var\/www\/html\/notas\/wp-content\/uploads\/2026\/01\/Walter-Correa-dedos-en-V-300x271.jpg 300w\" sizes=\"auto, (max-width: 660px) 100vw, 660px\" \/><\/a><\/figure>\n\n\n\n<figure class=\"wp-block-image size-large\"><a href=\"https:\/\/www.elsindical.com.ar\/notas\/var\/www\/html\/notas\/wp-content\/uploads\/2026\/01\/Gerardo-Martinez-UOCRA.jpg\"><img loading=\"lazy\" decoding=\"async\" width=\"681\" height=\"500\" data-id=\"142062\" src=\"https:\/\/www.elsindical.com.ar\/notas\/var\/www\/html\/notas\/wp-content\/uploads\/2026\/01\/Gerardo-Martinez-UOCRA.jpg\" alt=\"\" class=\"wp-image-142062\" srcset=\"https:\/\/www.elsindical.com.ar\/notas\/var\/www\/html\/notas\/wp-content\/uploads\/2026\/01\/Gerardo-Martinez-UOCRA.jpg 681w, https:\/\/www.elsindical.com.ar\/notas\/var\/www\/html\/notas\/wp-content\/uploads\/2026\/01\/Gerardo-Martinez-UOCRA-300x220.jpg 300w\" sizes=\"auto, (max-width: 681px) 100vw, 681px\" \/><\/a><\/figure>\n<\/figure>\n\n\n\n<p>Por el lado judicial el Fiscal General de Dolores Diego Escoda, parece que solo recurre a Pinamar para tomarse fotos con pol\u00edticos y luego finge no conocer los accidentes y muertes por negligencia y menos los reclamos de justicia, entonces sus fiscales inferiores, se sienten avalados para \u00abcajonear\u00bb investigaciones y dilatar el acceso a la justicia, evitando en las causas involucrar a funcionarios.<\/p>\n\n\n\n<p>Un a\u00f1o m\u00e1s acompa\u00f1ando el reclamo de justicia y se\u00f1alando a los c\u00f3mplices porque todo tiene un l\u00edmite.<\/p>\n\n\n\n<p><\/p>\n\n\n\n<h2 class=\"wp-block-heading\">Public\u00f3 Carina Zabala<\/h2>\n\n\n\n<p><\/p>\n\n\n\n<h2 class=\"wp-block-heading\">Primer sirenazao 2026 frente al municipio<\/h2>\n\n\n\n<p>Pinamar en enero es la mejor vidriera para visibilizar esta lucha.<\/p>\n\n\n\n<p>Mi meg\u00e1fono que es la voz de Fausto , est\u00e1 m\u00e1s presente que nunca.<\/p>\n\n\n\n<p><a><\/a>Podr\u00e1n vetar la ordenanza , pueden cajonear la causa penal por el Homicidio de mi hijo pero lo que no podr\u00e1n frenar es esta lucha.<\/p>\n\n\n\n<p>Tarde o temprano caer\u00e1n los impunes !<\/p>\n\n\n\n<p><a href=\"https:\/\/www.facebook.com\/watch\/hashtag\/justiciaporfausto?__eep__=6%2F&amp;__cft__[0]=AZZBGYEtPxPMEaE_YhgoddJyt4KS8OjVb8m5rVqyQA9cR9lnFzPFZdqN87OKOC-M2E9x4LLVZEzTp188X-pvN01LswQvjLczsUGHDyAIkDvgh9i71-Kyc56Uh-WE7AU3M9F0N6u5snAVzS1dNfWA62dp6W4CglXKp1M895smRKfiW79AST15lyepklUjMTCQj3ML4VxhLGdrOcsXiTtjqoR1&amp;__tn__=*NK-R\">#justiciaporFausto<\/a><\/p>\n\n\n\n<p><a href=\"https:\/\/www.facebook.com\/watch\/hashtag\/ordenanzafausto?__eep__=6%2F&amp;__cft__[0]=AZZBGYEtPxPMEaE_YhgoddJyt4KS8OjVb8m5rVqyQA9cR9lnFzPFZdqN87OKOC-M2E9x4LLVZEzTp188X-pvN01LswQvjLczsUGHDyAIkDvgh9i71-Kyc56Uh-WE7AU3M9F0N6u5snAVzS1dNfWA62dp6W4CglXKp1M895smRKfiW79AST15lyepklUjMTCQj3ML4VxhLGdrOcsXiTtjqoR1&amp;__tn__=*NK-R\">#OrdenanzaFausto<\/a><a href=\"https:\/\/www.facebook.com\/watch\/hashtag\/seguridadobrasenconstruccion?__eep__=6%2F&amp;__cft__[0]=AZZBGYEtPxPMEaE_YhgoddJyt4KS8OjVb8m5rVqyQA9cR9lnFzPFZdqN87OKOC-M2E9x4LLVZEzTp188X-pvN01LswQvjLczsUGHDyAIkDvgh9i71-Kyc56Uh-WE7AU3M9F0N6u5snAVzS1dNfWA62dp6W4CglXKp1M895smRKfiW79AST15lyepklUjMTCQj3ML4VxhLGdrOcsXiTtjqoR1&amp;__tn__=*NK-R\">#seguridadobrasenconstruccion<\/a><\/p>\n\n\n\n<figure class=\"wp-block-embed is-type-video is-provider-youtube wp-block-embed-youtube wp-embed-aspect-16-9 wp-has-aspect-ratio\"><div class=\"wp-block-embed__wrapper\">\n<iframe loading=\"lazy\" title=\"Pinamar primer sirenazo 2026 frente al municipio\" width=\"700\" height=\"394\" src=\"https:\/\/www.youtube.com\/embed\/NKFV8Zzukls?feature=oembed\" frameborder=\"0\" allow=\"accelerometer; autoplay; clipboard-write; encrypted-media; gyroscope; picture-in-picture; web-share\" referrerpolicy=\"strict-origin-when-cross-origin\" allowfullscreen><\/iframe>\n<\/div><\/figure>\n\n\n\n<h2 class=\"wp-block-heading\">Sirenazo 96 frente al Positive Tower 3 &amp; 4<\/h2>\n\n\n\n<p>Podr\u00e1n vetar ordenanzas , podr\u00e1n cajonear la causa penal por el Homicidio de Fausto pero lo que no podr\u00e1n detener es mi lucha<\/p>\n\n\n\n<p><a href=\"https:\/\/www.facebook.com\/watch\/hashtag\/justiciaporfausto?__eep__=6%2F&amp;__cft__[0]=AZYrRve9SaWxzcbovoqdONcXpSB_fm8NLuLM25sXgV_h9Th-r0UBfQa33mvS5Z9SUVyBOHz4iuW2PEVXJEIRI_j4AE3QQ0pJ9dJbfEOSL7QcUTCjQdYrLUfJGalwVMGJraFh2FLzWSZIt1U2bV1kHzVqjjIP3adT4yCCbxmzxMnEm0R8oPB0UmU_BGabaJ1vzPIstREL9j9R6w-s_SpylMSY&amp;__tn__=*NK-R\">#justiciaporFausto<\/a><\/p>\n\n\n\n<p><a href=\"https:\/\/www.facebook.com\/watch\/hashtag\/ordenanzafausto?__eep__=6%2F&amp;__cft__[0]=AZYrRve9SaWxzcbovoqdONcXpSB_fm8NLuLM25sXgV_h9Th-r0UBfQa33mvS5Z9SUVyBOHz4iuW2PEVXJEIRI_j4AE3QQ0pJ9dJbfEOSL7QcUTCjQdYrLUfJGalwVMGJraFh2FLzWSZIt1U2bV1kHzVqjjIP3adT4yCCbxmzxMnEm0R8oPB0UmU_BGabaJ1vzPIstREL9j9R6w-s_SpylMSY&amp;__tn__=*NK-R\">#OrdenanzaFausto<\/a><a href=\"https:\/\/www.facebook.com\/watch\/hashtag\/seguridadobrasenconstruccion?__eep__=6%2F&amp;__cft__[0]=AZYrRve9SaWxzcbovoqdONcXpSB_fm8NLuLM25sXgV_h9Th-r0UBfQa33mvS5Z9SUVyBOHz4iuW2PEVXJEIRI_j4AE3QQ0pJ9dJbfEOSL7QcUTCjQdYrLUfJGalwVMGJraFh2FLzWSZIt1U2bV1kHzVqjjIP3adT4yCCbxmzxMnEm0R8oPB0UmU_BGabaJ1vzPIstREL9j9R6w-s_SpylMSY&amp;__tn__=*NK-R\">#seguridadobrasenconstruccion<\/a><\/p>\n\n\n\n<figure class=\"wp-block-embed is-type-video is-provider-youtube wp-block-embed-youtube wp-embed-aspect-16-9 wp-has-aspect-ratio\"><div class=\"wp-block-embed__wrapper\">\n<iframe loading=\"lazy\" title=\"Pinamar sirenazo 96 frente al Positive Tower 3 &amp; 4\" width=\"700\" height=\"394\" src=\"https:\/\/www.youtube.com\/embed\/HR_fAbAk4Gg?feature=oembed\" frameborder=\"0\" allow=\"accelerometer; autoplay; clipboard-write; encrypted-media; gyroscope; picture-in-picture; web-share\" referrerpolicy=\"strict-origin-when-cross-origin\" allowfullscreen><\/iframe>\n<\/div><\/figure>\n\n\n\n<p>Por Marcelo Ricardo Hawrylciw<\/p>\n","protected":false},"excerpt":{"rendered":"<p>Ya comenzando el 2026, el paso del tiempo en la causa de la muerte del joven obrero de la construcci\u00f3n Fausto Maldonada, ha entrado en un punto donde la corrupci\u00f3n y la impunidad, han cercado al reclamo de justicia, no porque la lucha se haya agotado, sino por el hecho de que los encubridores se&hellip;<\/p>\n","protected":false},"author":1,"featured_media":142061,"comment_status":"open","ping_status":"open","sticky":false,"template":"","format":"standard","meta":{"footnotes":""},"categories":[10,25],"tags":[1451,2450,46167,15001,8014,44736,44667,44811,45628,44708,23966,1516,1228,46526],"class_list":["post-142060","post","type-post","status-publish","format-standard","has-post-thumbnail","hentry","category-editorial","category-sociedad","tag-corrupcion","tag-diario-el-sindical","tag-fiscal-general-diego-escoda","tag-fiscal-juan-pablo-calderon","tag-gerardo-martinez","tag-gustavo-gabriel-mari","tag-ivan-renkine","tag-juan-manuel-ibarguren","tag-juan-pablo-cremonte","tag-justicia-por-fausto","tag-martin-yeza","tag-pinamar","tag-uocra","tag-wlater-correa"],"_links":{"self":[{"href":"https:\/\/www.elsindical.com.ar\/notas\/wp-json\/wp\/v2\/posts\/142060","targetHints":{"allow":["GET"]}}],"collection":[{"href":"https:\/\/www.elsindical.com.ar\/notas\/wp-json\/wp\/v2\/posts"}],"about":[{"href":"https:\/\/www.elsindical.com.ar\/notas\/wp-json\/wp\/v2\/types\/post"}],"author":[{"embeddable":true,"href":"https:\/\/www.elsindical.com.ar\/notas\/wp-json\/wp\/v2\/users\/1"}],"replies":[{"embeddable":true,"href":"https:\/\/www.elsindical.com.ar\/notas\/wp-json\/wp\/v2\/comments?post=142060"}],"version-history":[{"count":3,"href":"https:\/\/www.elsindical.com.ar\/notas\/wp-json\/wp\/v2\/posts\/142060\/revisions"}],"predecessor-version":[{"id":142066,"href":"https:\/\/www.elsindical.com.ar\/notas\/wp-json\/wp\/v2\/posts\/142060\/revisions\/142066"}],"wp:featuredmedia":[{"embeddable":true,"href":"https:\/\/www.elsindical.com.ar\/notas\/wp-json\/wp\/v2\/media\/142061"}],"wp:attachment":[{"href":"https:\/\/www.elsindical.com.ar\/notas\/wp-json\/wp\/v2\/media?parent=142060"}],"wp:term":[{"taxonomy":"category","embeddable":true,"href":"https:\/\/www.elsindical.com.ar\/notas\/wp-json\/wp\/v2\/categories?post=142060"},{"taxonomy":"post_tag","embeddable":true,"href":"https:\/\/www.elsindical.com.ar\/notas\/wp-json\/wp\/v2\/tags?post=142060"}],"curies":[{"name":"wp","href":"https:\/\/api.w.org\/{rel}","templated":true}]}}