{"id":142057,"date":"2026-01-04T00:38:05","date_gmt":"2026-01-04T03:38:05","guid":{"rendered":"https:\/\/www.elsindical.com.ar\/notas\/?p=142057"},"modified":"2026-01-04T00:38:11","modified_gmt":"2026-01-04T03:38:11","slug":"pam-bondi-la-sexy-sesentona-que-paso-de-colaboradora-de-la-derecha-a-fiscal-general-nombra-por-donald-trump","status":"publish","type":"post","link":"https:\/\/www.elsindical.com.ar\/notas\/pam-bondi-la-sexy-sesentona-que-paso-de-colaboradora-de-la-derecha-a-fiscal-general-nombra-por-donald-trump\/","title":{"rendered":"Pam Bondi la sexy sesentona que paso de colaboradora de la derecha a Fiscal General nombra por Donald Trump"},"content":{"rendered":"<div class=\"wp-block-image\">\n<figure class=\"aligncenter size-full\"><a href=\"https:\/\/www.elsindical.com.ar\/notas\/var\/www\/html\/notas\/wp-content\/uploads\/2026\/01\/Pam-Bondi-y-Donald-Trump.jpg\"><img loading=\"lazy\" decoding=\"async\" width=\"624\" height=\"424\" src=\"https:\/\/www.elsindical.com.ar\/notas\/var\/www\/html\/notas\/wp-content\/uploads\/2026\/01\/Pam-Bondi-y-Donald-Trump.jpg\" alt=\"\" class=\"wp-image-142058\" srcset=\"https:\/\/www.elsindical.com.ar\/notas\/var\/www\/html\/notas\/wp-content\/uploads\/2026\/01\/Pam-Bondi-y-Donald-Trump.jpg 624w, https:\/\/www.elsindical.com.ar\/notas\/var\/www\/html\/notas\/wp-content\/uploads\/2026\/01\/Pam-Bondi-y-Donald-Trump-300x204.jpg 300w\" sizes=\"auto, (max-width: 624px) 100vw, 624px\" \/><\/a><\/figure>\n<\/div>\n\n\n<p>   <strong>Pamela Jo<\/strong> \u00ab<strong>Pam<\/strong>\u00bb <strong>Bondi<\/strong>, naci\u00f3 en Tampa el 17 de noviembre de 1965, es una reconocida lobista, abogada y pol\u00edtica, miembro del partido Republicano, fue Fiscal General de La Florida en el per\u00edodo, 2011-2019. Se gradu\u00f3 en la Universidad de Florida en 1987 con un grado en Justicia Criminal. Luego ella se gradu\u00f3 de Stetson Escuela de Ley con un JD en 1990 y estuvo admitida a La Barra de Florida el 24 de junio de 1991<\/p>\n\n\n\n<p>Bondi se casa con Garret Barnes en 1990, del que se divorcia 22 meses despu\u00e9s. En 1996, se casa con Scott Fitzgerald. El matrimonio termina en divorcio despu\u00e9s de 6 a\u00f1os<\/p>\n\n\n\n<p>Sus detractores atribuyen su buen estado f\u00edsico a que no tuvo hijos pese a que se ha casado en dos ocasiones. Dicen que es una fiera en las negociaciones y que prim\u00f3 su carrera a su vida personal.<\/p>\n\n\n\n<p>Dicen desde su entorno que si no hubo hijos ni relaciones estables de larga duraci\u00f3n es porque le ocupaba una causa mayor: su<strong> ascenso a la \u00e9lite de la ultraderecha estadounidense<\/strong>. El camino lo encontr\u00f3 primero a trav\u00e9s la <strong>carrera judicial, <\/strong>convertida en la <strong>primera mujer fiscal en la historia de Florida<\/strong>, y despu\u00e9s <strong>sentada a la vera de Trump<\/strong> en momentos claves en la trayectoria pol\u00edtica del magnate. No solo <strong>encabez\u00f3 su equipo legal durante el primer proceso de <\/strong><em><strong>impeachment<\/strong><\/em><strong> en 2019<\/strong>, sino que fue muy activa en la campa\u00f1a del presidente para tratar de revertir el resultado electoral de los comicios de 2020 que sosten\u00eda que le hab\u00edan robado.<\/p>\n\n\n\n<p>En los EEUU, esperan una lluvia de demandas por conflicto de intereses dado los v\u00ednculos con empresarios y la llegada directa a Donald Trump que ha utilizado para litigios judiciales en su favor.<\/p>\n","protected":false},"excerpt":{"rendered":"<p>Pamela Jo \u00abPam\u00bb Bondi, naci\u00f3 en Tampa el 17 de noviembre de 1965, es una reconocida lobista, abogada y pol\u00edtica, miembro del partido Republicano, fue Fiscal General de La Florida en el per\u00edodo, 2011-2019. Se gradu\u00f3 en la Universidad de Florida en 1987 con un grado en Justicia Criminal. Luego ella se gradu\u00f3 de Stetson&hellip;<\/p>\n","protected":false},"author":1,"featured_media":142058,"comment_status":"open","ping_status":"open","sticky":false,"template":"","format":"standard","meta":{"footnotes":""},"categories":[18],"tags":[251,2450,24748,141,46523,46524,46525,46522],"class_list":["post-142057","post","type-post","status-publish","format-standard","has-post-thumbnail","hentry","category-internacionales","tag-abogada","tag-diario-el-sindical","tag-donald-trump","tag-eeuu","tag-extrema-derecha","tag-lobista","tag-negociadora","tag-pamela-jo-bondi"],"_links":{"self":[{"href":"https:\/\/www.elsindical.com.ar\/notas\/wp-json\/wp\/v2\/posts\/142057","targetHints":{"allow":["GET"]}}],"collection":[{"href":"https:\/\/www.elsindical.com.ar\/notas\/wp-json\/wp\/v2\/posts"}],"about":[{"href":"https:\/\/www.elsindical.com.ar\/notas\/wp-json\/wp\/v2\/types\/post"}],"author":[{"embeddable":true,"href":"https:\/\/www.elsindical.com.ar\/notas\/wp-json\/wp\/v2\/users\/1"}],"replies":[{"embeddable":true,"href":"https:\/\/www.elsindical.com.ar\/notas\/wp-json\/wp\/v2\/comments?post=142057"}],"version-history":[{"count":1,"href":"https:\/\/www.elsindical.com.ar\/notas\/wp-json\/wp\/v2\/posts\/142057\/revisions"}],"predecessor-version":[{"id":142059,"href":"https:\/\/www.elsindical.com.ar\/notas\/wp-json\/wp\/v2\/posts\/142057\/revisions\/142059"}],"wp:featuredmedia":[{"embeddable":true,"href":"https:\/\/www.elsindical.com.ar\/notas\/wp-json\/wp\/v2\/media\/142058"}],"wp:attachment":[{"href":"https:\/\/www.elsindical.com.ar\/notas\/wp-json\/wp\/v2\/media?parent=142057"}],"wp:term":[{"taxonomy":"category","embeddable":true,"href":"https:\/\/www.elsindical.com.ar\/notas\/wp-json\/wp\/v2\/categories?post=142057"},{"taxonomy":"post_tag","embeddable":true,"href":"https:\/\/www.elsindical.com.ar\/notas\/wp-json\/wp\/v2\/tags?post=142057"}],"curies":[{"name":"wp","href":"https:\/\/api.w.org\/{rel}","templated":true}]}}