{"id":141999,"date":"2025-12-30T13:18:23","date_gmt":"2025-12-30T16:18:23","guid":{"rendered":"https:\/\/www.elsindical.com.ar\/notas\/?p=141999"},"modified":"2025-12-30T13:18:29","modified_gmt":"2025-12-30T16:18:29","slug":"el-gobierno-anuncio-el-cierre-de-la-agencia-nacional-de-discapacidad","status":"publish","type":"post","link":"https:\/\/www.elsindical.com.ar\/notas\/el-gobierno-anuncio-el-cierre-de-la-agencia-nacional-de-discapacidad\/","title":{"rendered":"El Gobierno anunci\u00f3 el cierre de la Agencia Nacional de Discapacidad"},"content":{"rendered":"<div class=\"wp-block-image\">\n<figure class=\"aligncenter size-full\"><a href=\"https:\/\/www.elsindical.com.ar\/notas\/var\/www\/html\/notas\/wp-content\/uploads\/2025\/12\/Agencia-Nacional-de-Discapacidad-3.jpg\"><img loading=\"lazy\" decoding=\"async\" width=\"700\" height=\"394\" src=\"https:\/\/www.elsindical.com.ar\/notas\/var\/www\/html\/notas\/wp-content\/uploads\/2025\/12\/Agencia-Nacional-de-Discapacidad-3.jpg\" alt=\"\" class=\"wp-image-142000\" srcset=\"https:\/\/www.elsindical.com.ar\/notas\/var\/www\/html\/notas\/wp-content\/uploads\/2025\/12\/Agencia-Nacional-de-Discapacidad-3.jpg 700w, https:\/\/www.elsindical.com.ar\/notas\/var\/www\/html\/notas\/wp-content\/uploads\/2025\/12\/Agencia-Nacional-de-Discapacidad-3-300x169.jpg 300w, https:\/\/www.elsindical.com.ar\/notas\/var\/www\/html\/notas\/wp-content\/uploads\/2025\/12\/Agencia-Nacional-de-Discapacidad-3-460x260.jpg 460w\" sizes=\"auto, (max-width: 700px) 100vw, 700px\" \/><\/a><\/figure>\n<\/div>\n\n\n<p>Tras el esc\u00e1ndalo por coimas, el Gobierno anunci\u00f3 el cierre de la Agencia Nacional de Discapacidad. Las funciones ser\u00e1n absorbidas por el Ministerio de Salud.<\/p>\n\n\n\n<p>El Gobierno lanz\u00f3 un anunci\u00f3 bomba en el cierre del a\u00f1o y tras el esc\u00e1ndalo por coimas que involucrar\u00edan a la propia Karina Milei. El jefe de Gabinete, <strong>Manuel Adorni, anunci\u00f3 el cierre la Agencia Nacional de Discapacidad (ANDIS)<\/strong>. Precis\u00f3 que sus funciones ser\u00e1n absorbidas por el Ministerio de Salud.<\/p>\n\n\n\n<p><strong>\u201cLa Agencia Nacional de Discapacidad, tal como la conocemos, dejar\u00e1 de existir y sus funciones ser\u00e1n absorbidas por el Ministerio de Salud\u201d,<\/strong>&nbsp;anunci\u00f3 en conferencia de prensa.&nbsp;<\/p>\n\n\n\n<p>El funcionario habl\u00f3 de \u201ctoneladas de capas burocr\u00e1ticas, descontrol administrativo y manejos incompatibles con una pol\u00edtica transparente\u201d.&nbsp;Para Adorni, la situaci\u00f3n \u201cprovoc\u00f3 irregularidades, como personas fallecidas cuyos familiares segu\u00edan cobrando la pensi\u00f3n, pensiones otorgadas sin documentaci\u00f3n v\u00e1lida, m\u00e9dicos que avalaban tr\u00e1mites sin respaldo cl\u00ednico y organizaciones que facturaron sin prestar servicios\u201d.<\/p>\n\n\n\n<p>\u201c<strong>Esto no significa que se vayan a cortar pensiones ni nada por el estilo\u201d<\/strong>, aclar\u00f3 Adorni.<\/p>\n\n\n\n<p><strong>Las funciones ser\u00e1n absobidas por Salud. <\/strong>\u201cAl formar parte del Ministerio de Salud, las pol\u00edticas de discapacidad se van a administrar de manera transparente, con mecanismos de control y sin discrecionalidades\u201d, sentenci\u00f3 el funcionario.<\/p>\n\n\n\n<p>En este marco, precis\u00f3: \u201cSe va a garantizar la trazabilidad en expedientes, habr\u00e1 auditor\u00edas permanentes y criterios sanitarios en todas las decisiones.&nbsp;Adem\u00e1s, se van a eliminar 16 cargos pol\u00edticos, lo que implica una reducci\u00f3n del 45,7% en la estructura jer\u00e1rquica\u201d.&nbsp;<\/p>\n","protected":false},"excerpt":{"rendered":"<p>Tras el esc\u00e1ndalo por coimas, el Gobierno anunci\u00f3 el cierre de la Agencia Nacional de Discapacidad. Las funciones ser\u00e1n absorbidas por el Ministerio de Salud. El Gobierno lanz\u00f3 un anunci\u00f3 bomba en el cierre del a\u00f1o y tras el esc\u00e1ndalo por coimas que involucrar\u00edan a la propia Karina Milei. El jefe de Gabinete, Manuel Adorni,&hellip;<\/p>\n","protected":false},"author":1,"featured_media":142000,"comment_status":"open","ping_status":"open","sticky":false,"template":"","format":"standard","meta":{"footnotes":""},"categories":[13,23],"tags":[29706,2450,41770,3534,5609,37960],"class_list":["post-141999","post","type-post","status-publish","format-standard","has-post-thumbnail","hentry","category-politica","category-salud","tag-andis","tag-diario-el-sindical","tag-manuel-adorni","tag-ministerio-de-salud-de-la-nacion","tag-pensiones","tag-prestaciones"],"_links":{"self":[{"href":"https:\/\/www.elsindical.com.ar\/notas\/wp-json\/wp\/v2\/posts\/141999","targetHints":{"allow":["GET"]}}],"collection":[{"href":"https:\/\/www.elsindical.com.ar\/notas\/wp-json\/wp\/v2\/posts"}],"about":[{"href":"https:\/\/www.elsindical.com.ar\/notas\/wp-json\/wp\/v2\/types\/post"}],"author":[{"embeddable":true,"href":"https:\/\/www.elsindical.com.ar\/notas\/wp-json\/wp\/v2\/users\/1"}],"replies":[{"embeddable":true,"href":"https:\/\/www.elsindical.com.ar\/notas\/wp-json\/wp\/v2\/comments?post=141999"}],"version-history":[{"count":1,"href":"https:\/\/www.elsindical.com.ar\/notas\/wp-json\/wp\/v2\/posts\/141999\/revisions"}],"predecessor-version":[{"id":142001,"href":"https:\/\/www.elsindical.com.ar\/notas\/wp-json\/wp\/v2\/posts\/141999\/revisions\/142001"}],"wp:featuredmedia":[{"embeddable":true,"href":"https:\/\/www.elsindical.com.ar\/notas\/wp-json\/wp\/v2\/media\/142000"}],"wp:attachment":[{"href":"https:\/\/www.elsindical.com.ar\/notas\/wp-json\/wp\/v2\/media?parent=141999"}],"wp:term":[{"taxonomy":"category","embeddable":true,"href":"https:\/\/www.elsindical.com.ar\/notas\/wp-json\/wp\/v2\/categories?post=141999"},{"taxonomy":"post_tag","embeddable":true,"href":"https:\/\/www.elsindical.com.ar\/notas\/wp-json\/wp\/v2\/tags?post=141999"}],"curies":[{"name":"wp","href":"https:\/\/api.w.org\/{rel}","templated":true}]}}