{"id":141986,"date":"2025-12-29T15:42:30","date_gmt":"2025-12-29T18:42:30","guid":{"rendered":"https:\/\/www.elsindical.com.ar\/notas\/?p=141986"},"modified":"2025-12-29T15:42:36","modified_gmt":"2025-12-29T18:42:36","slug":"la-provincia-alerto-sobre-el-cierre-de-empresas-y-el-aumento-de-la-desocupacion","status":"publish","type":"post","link":"https:\/\/www.elsindical.com.ar\/notas\/la-provincia-alerto-sobre-el-cierre-de-empresas-y-el-aumento-de-la-desocupacion\/","title":{"rendered":"La Provincia alert\u00f3 sobre el cierre de empresas y el aumento de la desocupaci\u00f3n"},"content":{"rendered":"<div class=\"wp-block-image\">\n<figure class=\"aligncenter size-full is-resized\"><a href=\"https:\/\/www.elsindical.com.ar\/notas\/var\/www\/html\/notas\/wp-content\/uploads\/2025\/12\/Pablo-Lopez-y-Kicillof.jpg\"><img loading=\"lazy\" decoding=\"async\" width=\"700\" height=\"394\" src=\"https:\/\/www.elsindical.com.ar\/notas\/var\/www\/html\/notas\/wp-content\/uploads\/2025\/12\/Pablo-Lopez-y-Kicillof.jpg\" alt=\"\" class=\"wp-image-141987\" style=\"width:796px;height:auto\" srcset=\"https:\/\/www.elsindical.com.ar\/notas\/var\/www\/html\/notas\/wp-content\/uploads\/2025\/12\/Pablo-Lopez-y-Kicillof.jpg 700w, https:\/\/www.elsindical.com.ar\/notas\/var\/www\/html\/notas\/wp-content\/uploads\/2025\/12\/Pablo-Lopez-y-Kicillof-300x169.jpg 300w, https:\/\/www.elsindical.com.ar\/notas\/var\/www\/html\/notas\/wp-content\/uploads\/2025\/12\/Pablo-Lopez-y-Kicillof-460x260.jpg 460w\" sizes=\"auto, (max-width: 700px) 100vw, 700px\" \/><\/a><\/figure>\n<\/div>\n\n\n<p>Pablo L\u00f3pez, ministro de Econom\u00eda de la Provincia, precis\u00f3 que familias bonaerenses sufren el modelo econ\u00f3mico que los deja sin fuente de ingreso.<\/p>\n\n\n\n<p>El ministro de Econom\u00eda de la provincia de Buenos Aires, <strong>Pablo L\u00f3pez, alert\u00f3 sobre el cierre de empresas en territorio bonaerense<\/strong> a partir de las pol\u00edticas impulsadas por la administraci\u00f3n de Javier Milei.<\/p>\n\n\n\n<p>Tom\u00f3 art\u00edculos publicados en distintos medios que hablan sobre el parate de Peugeot en <strong>El Palomar<\/strong>, el cierre del mayorista Caromar en <strong>Mar del Plata y San Justo<\/strong>, tambi\u00e9n el cierre de la textil Hazan Silvia en <strong>Lan\u00fas<\/strong> y Marechiare en <strong>Mar del Plata<\/strong>,<\/p>\n\n\n\n<p>\u201cMientras tanto, las familias de nuestra Provincia siguen sufriendo un modelo econ\u00f3mico nacional que las deja sin fuente de ingreso\u201d, alert\u00f3 el funcionario de Axel Kicillof.<\/p>\n\n\n\n<p>Y pregunt\u00f3: \u201c<strong>\u00bfCu\u00e1ndo se tomar\u00e1n medidas en favor de la econom\u00eda real, de la industria, la producci\u00f3n, en suma, de una mejor calidad de vida para los bonaerenses?<\/strong>\u201c<\/p>\n\n\n\n<p>D\u00edas atr\u00e1s, hab\u00eda alertado que \u201c<strong>la desocupaci\u00f3n afecta a todo el pa\u00eds, pero golpea con m\u00e1s fuerza a los hogares bonaerenses<\/strong>\u201c.<\/p>\n\n\n\n<p>\u201cDesde la llegada del Gobierno nacional, el 44% de los nuevos desocupados\/as se concentra en la PBA, reflejo de un modelo que castiga a la industria, el comercio y la construcci\u00f3n\u201d, plante\u00f3.<\/p>\n","protected":false},"excerpt":{"rendered":"<p>Pablo L\u00f3pez, ministro de Econom\u00eda de la Provincia, precis\u00f3 que familias bonaerenses sufren el modelo econ\u00f3mico que los deja sin fuente de ingreso. El ministro de Econom\u00eda de la provincia de Buenos Aires, Pablo L\u00f3pez, alert\u00f3 sobre el cierre de empresas en territorio bonaerense a partir de las pol\u00edticas impulsadas por la administraci\u00f3n de Javier&hellip;<\/p>\n","protected":false},"author":1,"featured_media":141987,"comment_status":"open","ping_status":"open","sticky":false,"template":"","format":"standard","meta":{"footnotes":""},"categories":[9,13],"tags":[13798,46502,53,2450,4901,20400],"class_list":["post-141986","post","type-post","status-publish","format-standard","has-post-thumbnail","hentry","category-economia","category-politica","tag-axel-kicillof","tag-cierre-de-fabricas","tag-despidos","tag-diario-el-sindical","tag-ministro-de-economia","tag-pablo-lopez"],"_links":{"self":[{"href":"https:\/\/www.elsindical.com.ar\/notas\/wp-json\/wp\/v2\/posts\/141986","targetHints":{"allow":["GET"]}}],"collection":[{"href":"https:\/\/www.elsindical.com.ar\/notas\/wp-json\/wp\/v2\/posts"}],"about":[{"href":"https:\/\/www.elsindical.com.ar\/notas\/wp-json\/wp\/v2\/types\/post"}],"author":[{"embeddable":true,"href":"https:\/\/www.elsindical.com.ar\/notas\/wp-json\/wp\/v2\/users\/1"}],"replies":[{"embeddable":true,"href":"https:\/\/www.elsindical.com.ar\/notas\/wp-json\/wp\/v2\/comments?post=141986"}],"version-history":[{"count":1,"href":"https:\/\/www.elsindical.com.ar\/notas\/wp-json\/wp\/v2\/posts\/141986\/revisions"}],"predecessor-version":[{"id":141988,"href":"https:\/\/www.elsindical.com.ar\/notas\/wp-json\/wp\/v2\/posts\/141986\/revisions\/141988"}],"wp:featuredmedia":[{"embeddable":true,"href":"https:\/\/www.elsindical.com.ar\/notas\/wp-json\/wp\/v2\/media\/141987"}],"wp:attachment":[{"href":"https:\/\/www.elsindical.com.ar\/notas\/wp-json\/wp\/v2\/media?parent=141986"}],"wp:term":[{"taxonomy":"category","embeddable":true,"href":"https:\/\/www.elsindical.com.ar\/notas\/wp-json\/wp\/v2\/categories?post=141986"},{"taxonomy":"post_tag","embeddable":true,"href":"https:\/\/www.elsindical.com.ar\/notas\/wp-json\/wp\/v2\/tags?post=141986"}],"curies":[{"name":"wp","href":"https:\/\/api.w.org\/{rel}","templated":true}]}}