{"id":141977,"date":"2025-12-29T00:32:46","date_gmt":"2025-12-29T03:32:46","guid":{"rendered":"https:\/\/www.elsindical.com.ar\/notas\/?p=141977"},"modified":"2025-12-29T00:32:51","modified_gmt":"2025-12-29T03:32:51","slug":"sutna-anuncio-otro-paro-nacional-y-acusa-a-las-empresas-de-mala-fe","status":"publish","type":"post","link":"https:\/\/www.elsindical.com.ar\/notas\/sutna-anuncio-otro-paro-nacional-y-acusa-a-las-empresas-de-mala-fe\/","title":{"rendered":"SUTNA anunci\u00f3 otro paro nacional y acusa a las empresas de mala fe"},"content":{"rendered":"<div class=\"wp-block-image\">\n<figure class=\"aligncenter size-full\"><a href=\"https:\/\/www.elsindical.com.ar\/notas\/var\/www\/html\/notas\/wp-content\/uploads\/2025\/12\/Alejandro-Crespo-SUTNA.jpg\"><img loading=\"lazy\" decoding=\"async\" width=\"700\" height=\"467\" src=\"https:\/\/www.elsindical.com.ar\/notas\/var\/www\/html\/notas\/wp-content\/uploads\/2025\/12\/Alejandro-Crespo-SUTNA.jpg\" alt=\"\" class=\"wp-image-141688\" srcset=\"https:\/\/www.elsindical.com.ar\/notas\/var\/www\/html\/notas\/wp-content\/uploads\/2025\/12\/Alejandro-Crespo-SUTNA.jpg 700w, https:\/\/www.elsindical.com.ar\/notas\/var\/www\/html\/notas\/wp-content\/uploads\/2025\/12\/Alejandro-Crespo-SUTNA-300x200.jpg 300w\" sizes=\"auto, (max-width: 700px) 100vw, 700px\" \/><\/a><\/figure>\n<\/div>\n\n\n<p>La negociaci\u00f3n salarial en la industria del neum\u00e1tico volvi\u00f3 a fracasar tras una nueva audiencia paritaria sin avances y el SUTNA confirm\u00f3 un paro nacional de 25 horas con movilizaci\u00f3n, en medio de fuertes cruces con FATE, Pirelli y Bridgestone.<\/p>\n\n\n\n<p>La negociaci\u00f3n salarial del neum\u00e1tico no logr\u00f3 destrabarse y el <strong>Sindicato \u00danico de Trabajadores del Neum\u00e1tico Argentino (SUTNA) anunci\u00f3 un nuevo paro nacional al acusar a las empresas del sector de \u201cdilaciones\u201d y \u201cmala fe\u201d. <\/strong>La audiencia paritaria se realiz\u00f3 de manera virtual el 26 de diciembre en la Secretar\u00eda de Trabajo y finaliz\u00f3 sin acuerdos concretos.<\/p>\n\n\n\n<p>Desde el gremio que conduce Alejandro Crespo se\u00f1alaron que el eje del conflicto es el per\u00edodo salarial adeudado y la falta de transparencia empresaria. El SUTNA denunci\u00f3 que FATE, Pirelli y Bridgestone no presentaron balances contables para justificar la crisis econ\u00f3mica que alegan, y sostuvo que las patronales buscan forzar una rebaja del salario real y congelar las paritarias pendientes de 2024 y 2025.<\/p>\n\n\n\n<p>\u201cLas empresas nunca presentaron documentaci\u00f3n respaldatoria como balances contables que acrediten la crisis econ\u00f3mica alegada, pese a estar obligadas por ley\u201d, afirmaron desde el sindicato, que ratific\u00f3 todas las medidas de fuerza. En ese marco, el gremio considera que la falta de informaci\u00f3n fehaciente impide avanzar en una discusi\u00f3n salarial seria.<\/p>\n\n\n\n<p>Por su parte, las empresas rechazaron las acusaciones y atribuyeron el estancamiento de la negociaci\u00f3n salarial del neum\u00e1tico a la \u201cfalta de entendimiento de la realidad econ\u00f3mica\u201d por parte del sindicato. Adem\u00e1s, aseguraron que el sector opera al 50% de su capacidad instalada. Ante la falta de acuerdo, el SUTNA convoc\u00f3 a un paro total de 25 horas con movilizaci\u00f3n a la Secretar\u00eda de Trabajo, que se extender\u00e1 desde las 13 del martes 30 de diciembre hasta las 14 del mi\u00e9rcoles 31 en todas las f\u00e1bricas, mientras que FATE calific\u00f3 la medida como \u201cintempestiva e ileg\u00edtima\u201d y advirti\u00f3 que podr\u00eda iniciar acciones administrativas y judiciales.<\/p>\n","protected":false},"excerpt":{"rendered":"<p>La negociaci\u00f3n salarial en la industria del neum\u00e1tico volvi\u00f3 a fracasar tras una nueva audiencia paritaria sin avances y el SUTNA confirm\u00f3 un paro nacional de 25 horas con movilizaci\u00f3n, en medio de fuertes cruces con FATE, Pirelli y Bridgestone. La negociaci\u00f3n salarial del neum\u00e1tico no logr\u00f3 destrabarse y el Sindicato \u00danico de Trabajadores del&hellip;<\/p>\n","protected":false},"author":1,"featured_media":141688,"comment_status":"open","ping_status":"open","sticky":false,"template":"","format":"standard","meta":{"footnotes":""},"categories":[16],"tags":[22568,9795,2450,7592,2107,37697,3787],"class_list":["post-141977","post","type-post","status-publish","format-standard","has-post-thumbnail","hentry","category-gremiales","tag-alejandro-crespo","tag-bridgestone","tag-diario-el-sindical","tag-fate","tag-paritarias","tag-pirelli","tag-sutna"],"_links":{"self":[{"href":"https:\/\/www.elsindical.com.ar\/notas\/wp-json\/wp\/v2\/posts\/141977","targetHints":{"allow":["GET"]}}],"collection":[{"href":"https:\/\/www.elsindical.com.ar\/notas\/wp-json\/wp\/v2\/posts"}],"about":[{"href":"https:\/\/www.elsindical.com.ar\/notas\/wp-json\/wp\/v2\/types\/post"}],"author":[{"embeddable":true,"href":"https:\/\/www.elsindical.com.ar\/notas\/wp-json\/wp\/v2\/users\/1"}],"replies":[{"embeddable":true,"href":"https:\/\/www.elsindical.com.ar\/notas\/wp-json\/wp\/v2\/comments?post=141977"}],"version-history":[{"count":1,"href":"https:\/\/www.elsindical.com.ar\/notas\/wp-json\/wp\/v2\/posts\/141977\/revisions"}],"predecessor-version":[{"id":141978,"href":"https:\/\/www.elsindical.com.ar\/notas\/wp-json\/wp\/v2\/posts\/141977\/revisions\/141978"}],"wp:featuredmedia":[{"embeddable":true,"href":"https:\/\/www.elsindical.com.ar\/notas\/wp-json\/wp\/v2\/media\/141688"}],"wp:attachment":[{"href":"https:\/\/www.elsindical.com.ar\/notas\/wp-json\/wp\/v2\/media?parent=141977"}],"wp:term":[{"taxonomy":"category","embeddable":true,"href":"https:\/\/www.elsindical.com.ar\/notas\/wp-json\/wp\/v2\/categories?post=141977"},{"taxonomy":"post_tag","embeddable":true,"href":"https:\/\/www.elsindical.com.ar\/notas\/wp-json\/wp\/v2\/tags?post=141977"}],"curies":[{"name":"wp","href":"https:\/\/api.w.org\/{rel}","templated":true}]}}