{"id":141948,"date":"2025-12-27T21:34:23","date_gmt":"2025-12-28T00:34:23","guid":{"rendered":"https:\/\/www.elsindical.com.ar\/notas\/?p=141948"},"modified":"2025-12-27T21:34:29","modified_gmt":"2025-12-28T00:34:29","slug":"alonso-se-reunio-con-monteoliva-por-la-seguridad-en-la-provincia","status":"publish","type":"post","link":"https:\/\/www.elsindical.com.ar\/notas\/alonso-se-reunio-con-monteoliva-por-la-seguridad-en-la-provincia\/","title":{"rendered":"Alonso se reuni\u00f3 con Monteoliva por la seguridad en la Provincia"},"content":{"rendered":"<div class=\"wp-block-image\">\n<figure class=\"aligncenter size-full\"><a href=\"https:\/\/www.elsindical.com.ar\/notas\/var\/www\/html\/notas\/wp-content\/uploads\/2025\/12\/Monteoliva-y-Alonso-diciembre-2025.jpg\"><img loading=\"lazy\" decoding=\"async\" width=\"700\" height=\"467\" src=\"https:\/\/www.elsindical.com.ar\/notas\/var\/www\/html\/notas\/wp-content\/uploads\/2025\/12\/Monteoliva-y-Alonso-diciembre-2025.jpg\" alt=\"\" class=\"wp-image-141949\" srcset=\"https:\/\/www.elsindical.com.ar\/notas\/var\/www\/html\/notas\/wp-content\/uploads\/2025\/12\/Monteoliva-y-Alonso-diciembre-2025.jpg 700w, https:\/\/www.elsindical.com.ar\/notas\/var\/www\/html\/notas\/wp-content\/uploads\/2025\/12\/Monteoliva-y-Alonso-diciembre-2025-300x200.jpg 300w\" sizes=\"auto, (max-width: 700px) 100vw, 700px\" \/><\/a><\/figure>\n<\/div>\n\n\n<p>Los titulares de las \u00e1reas de Seguridad en Naci\u00f3n y Provincia se encontraron para analizar las acciones conjuntas a tomar en 2026 en territorio bonaerense.<\/p>\n\n\n\n<p>El ministro de Seguridad de la provincia de Buenos Aires, Javier Alonso, y la ministra de Seguridad Nacional, Alejandra Monteoliva, se reunieron para analizar el panorama de la seguridad en territorio bonaerense.<br><br>Monteoliva recibi\u00f3 a Alonso en su despacho y ambos hablaron de las acciones conjuntas que ambos gobiernos podr\u00edan emprender a lo largo del a\u00f1o que est\u00e1 por comenzar, para mejorar la seguridad en la provincia m\u00e1s grande del pa\u00eds.<br><br>Es la primera reuni\u00f3n entre Alonso y la nueva ministra, sucesora de Patricia Bullrich, quien pas\u00f3 a conducir la bancada de La Libertad Avanza (LLA) en el Senado Nacional.<\/p>\n\n\n\n<p>La relaci\u00f3n entre Alonso y Bullrich estuvo marcada por recurrentes diferencias que se manifestaron en publicaciones cruzadas en las redes, por ejemplo, respecto de las estad\u00edsticas de delitos graves.<\/p>\n","protected":false},"excerpt":{"rendered":"<p>Los titulares de las \u00e1reas de Seguridad en Naci\u00f3n y Provincia se encontraron para analizar las acciones conjuntas a tomar en 2026 en territorio bonaerense. El ministro de Seguridad de la provincia de Buenos Aires, Javier Alonso, y la ministra de Seguridad Nacional, Alejandra Monteoliva, se reunieron para analizar el panorama de la seguridad en&hellip;<\/p>\n","protected":false},"author":1,"featured_media":141949,"comment_status":"open","ping_status":"open","sticky":false,"template":"","format":"standard","meta":{"footnotes":""},"categories":[13],"tags":[43181,2450,33318,7556,29492],"class_list":["post-141948","post","type-post","status-publish","format-standard","has-post-thumbnail","hentry","category-politica","tag-alejandra-monteoliva","tag-diario-el-sindical","tag-javier-alonso","tag-ministerio-de-seguridad-de-la-nacion","tag-ministerio-de-seguridad-de-la-provincia-de-buenos-aires"],"_links":{"self":[{"href":"https:\/\/www.elsindical.com.ar\/notas\/wp-json\/wp\/v2\/posts\/141948","targetHints":{"allow":["GET"]}}],"collection":[{"href":"https:\/\/www.elsindical.com.ar\/notas\/wp-json\/wp\/v2\/posts"}],"about":[{"href":"https:\/\/www.elsindical.com.ar\/notas\/wp-json\/wp\/v2\/types\/post"}],"author":[{"embeddable":true,"href":"https:\/\/www.elsindical.com.ar\/notas\/wp-json\/wp\/v2\/users\/1"}],"replies":[{"embeddable":true,"href":"https:\/\/www.elsindical.com.ar\/notas\/wp-json\/wp\/v2\/comments?post=141948"}],"version-history":[{"count":1,"href":"https:\/\/www.elsindical.com.ar\/notas\/wp-json\/wp\/v2\/posts\/141948\/revisions"}],"predecessor-version":[{"id":141950,"href":"https:\/\/www.elsindical.com.ar\/notas\/wp-json\/wp\/v2\/posts\/141948\/revisions\/141950"}],"wp:featuredmedia":[{"embeddable":true,"href":"https:\/\/www.elsindical.com.ar\/notas\/wp-json\/wp\/v2\/media\/141949"}],"wp:attachment":[{"href":"https:\/\/www.elsindical.com.ar\/notas\/wp-json\/wp\/v2\/media?parent=141948"}],"wp:term":[{"taxonomy":"category","embeddable":true,"href":"https:\/\/www.elsindical.com.ar\/notas\/wp-json\/wp\/v2\/categories?post=141948"},{"taxonomy":"post_tag","embeddable":true,"href":"https:\/\/www.elsindical.com.ar\/notas\/wp-json\/wp\/v2\/tags?post=141948"}],"curies":[{"name":"wp","href":"https:\/\/api.w.org\/{rel}","templated":true}]}}