{"id":141945,"date":"2025-12-27T19:27:19","date_gmt":"2025-12-27T22:27:19","guid":{"rendered":"https:\/\/www.elsindical.com.ar\/notas\/?p=141945"},"modified":"2025-12-27T19:27:25","modified_gmt":"2025-12-27T22:27:25","slug":"la-provincia-advirtio-que-el-presupuesto-nacional-pone-en-riesgo-la-educacion-y-el-sistema-cyt","status":"publish","type":"post","link":"https:\/\/www.elsindical.com.ar\/notas\/la-provincia-advirtio-que-el-presupuesto-nacional-pone-en-riesgo-la-educacion-y-el-sistema-cyt\/","title":{"rendered":"La Provincia advirti\u00f3 que el Presupuesto Nacional pone en riesgo la educaci\u00f3n y el sistema CyT"},"content":{"rendered":"<div class=\"wp-block-image\">\n<figure class=\"aligncenter size-full\"><a href=\"https:\/\/www.elsindical.com.ar\/notas\/var\/www\/html\/notas\/wp-content\/uploads\/2025\/12\/presupuesto-nacional-2026.jpg\"><img loading=\"lazy\" decoding=\"async\" width=\"700\" height=\"370\" src=\"https:\/\/www.elsindical.com.ar\/notas\/var\/www\/html\/notas\/wp-content\/uploads\/2025\/12\/presupuesto-nacional-2026.jpg\" alt=\"\" class=\"wp-image-141946\" srcset=\"https:\/\/www.elsindical.com.ar\/notas\/var\/www\/html\/notas\/wp-content\/uploads\/2025\/12\/presupuesto-nacional-2026.jpg 700w, https:\/\/www.elsindical.com.ar\/notas\/var\/www\/html\/notas\/wp-content\/uploads\/2025\/12\/presupuesto-nacional-2026-300x159.jpg 300w\" sizes=\"auto, (max-width: 700px) 100vw, 700px\" \/><\/a><\/figure>\n<\/div>\n\n\n<p>Desde la Direcci\u00f3n General de Cultura y Educaci\u00f3n advirtieron que el Presupuesto aprobado en el Senado propone un profundo recorte en el \u00e1rea educativa y cient\u00edfica-tecnol\u00f3gica.<\/p>\n\n\n\n<p><strong>La Direcci\u00f3n General de Cultura y Educaci\u00f3n de la provincia de Buenos Aires alert\u00f3 que el Presupuesto Nacional para el 2026 propone un \u201cprofundo recorte\u201d y \u201cpone en riesgo\u201d la educaci\u00f3n, la ciencia y tecnolog\u00eda.<\/strong><\/p>\n\n\n\n<p>El Presupuesto implica un grave ajuste en el financiamiento educativo y cient\u00edfico-tecnol\u00f3gico que <strong>compromete la obligaci\u00f3n del Estado de garantizar el financiamiento del Sistema Educativo Nacional conforme a la Ley N\u00b026.206 y de mantener los niveles m\u00ednimos de inversi\u00f3n previstos en la Ley N\u00b027.614.<\/strong><\/p>\n\n\n\n<p>Se traduce en \u201cla desaparici\u00f3n de la obligaci\u00f3n legal de asignar un m\u00ednimo garantizado para la educaci\u00f3n y el sistema de Ciencia y Tecnolog\u00eda\u201d ya que el financiamiento queda sujeto a la \u201cdiscrecionalidad\u201d del Poder Ejecutivo Nacional.<strong> \u201cSe consolida un proceso de desfinanciamiento que pone en riesgo el pleno ejercicio del derecho social a la educaci\u00f3n\u201d<\/strong>, agrega el comunicado.<\/p>\n\n\n\n<p>En este escenario, la Provincia \u201csostiene con firmeza que la inversi\u00f3n educativa y cient\u00edfica tecnol\u00f3gica no es un gasto, sino la base soberana del desarrollo y la garant\u00eda de futuro para el pueblo\u201d.<\/p>\n\n\n\n<p>El cap\u00edtulo 2 conten\u00eda art\u00edculos que generaron dudas, pero fue aprobado. La votaci\u00f3n en general fue aprobada por<strong>&nbsp;46 afirmativos, 25 negativos y una abstenci\u00f3n.<\/strong><\/p>\n\n\n\n<p>El <strong>art\u00edculo 12 fija que las universidades nacionales tendr\u00e1n recursos en el orden de 4,8 billones de pesos, pero tambi\u00e9n requisitos<\/strong>&nbsp;para que las casas de estudio puedan acceder a los recursos.<\/p>\n\n\n\n<p>Por su parte,&nbsp;<strong>el 30 dispone la derogaci\u00f3n del punto de la ley de Educaci\u00f3n<\/strong>, se establece que deber\u00e1 destinarse un 6% del PBI a ese rubro; del&nbsp;<strong>financiamiento de la ley de Ciencia y T\u00e9cnica<\/strong>, que establece un aumento progresivo hasta llegar al 1% del PBI en el 2032; y del 0,2% de los gastos corrientes del presupuesto educativo para las&nbsp;<strong>t\u00e9cnicas<\/strong>.<\/p>\n\n\n\n<p><\/p>\n","protected":false},"excerpt":{"rendered":"<p>Desde la Direcci\u00f3n General de Cultura y Educaci\u00f3n advirtieron que el Presupuesto aprobado en el Senado propone un profundo recorte en el \u00e1rea educativa y cient\u00edfica-tecnol\u00f3gica. La Direcci\u00f3n General de Cultura y Educaci\u00f3n de la provincia de Buenos Aires alert\u00f3 que el Presupuesto Nacional para el 2026 propone un \u201cprofundo recorte\u201d y \u201cpone en riesgo\u201d&hellip;<\/p>\n","protected":false},"author":1,"featured_media":141946,"comment_status":"open","ping_status":"open","sticky":false,"template":"","format":"standard","meta":{"footnotes":""},"categories":[9,13],"tags":[35630,2450,41501,28812,1241,46489,1466],"class_list":["post-141945","post","type-post","status-publish","format-standard","has-post-thumbnail","hentry","category-economia","category-politica","tag-ciencia-y-tecnologia","tag-diario-el-sindical","tag-direccion-general-de-cultura-y-educacion","tag-javier-milei","tag-patricia-bullrich","tag-presupuesto-nacional-2026","tag-provincia-de-buenos-aires"],"_links":{"self":[{"href":"https:\/\/www.elsindical.com.ar\/notas\/wp-json\/wp\/v2\/posts\/141945","targetHints":{"allow":["GET"]}}],"collection":[{"href":"https:\/\/www.elsindical.com.ar\/notas\/wp-json\/wp\/v2\/posts"}],"about":[{"href":"https:\/\/www.elsindical.com.ar\/notas\/wp-json\/wp\/v2\/types\/post"}],"author":[{"embeddable":true,"href":"https:\/\/www.elsindical.com.ar\/notas\/wp-json\/wp\/v2\/users\/1"}],"replies":[{"embeddable":true,"href":"https:\/\/www.elsindical.com.ar\/notas\/wp-json\/wp\/v2\/comments?post=141945"}],"version-history":[{"count":1,"href":"https:\/\/www.elsindical.com.ar\/notas\/wp-json\/wp\/v2\/posts\/141945\/revisions"}],"predecessor-version":[{"id":141947,"href":"https:\/\/www.elsindical.com.ar\/notas\/wp-json\/wp\/v2\/posts\/141945\/revisions\/141947"}],"wp:featuredmedia":[{"embeddable":true,"href":"https:\/\/www.elsindical.com.ar\/notas\/wp-json\/wp\/v2\/media\/141946"}],"wp:attachment":[{"href":"https:\/\/www.elsindical.com.ar\/notas\/wp-json\/wp\/v2\/media?parent=141945"}],"wp:term":[{"taxonomy":"category","embeddable":true,"href":"https:\/\/www.elsindical.com.ar\/notas\/wp-json\/wp\/v2\/categories?post=141945"},{"taxonomy":"post_tag","embeddable":true,"href":"https:\/\/www.elsindical.com.ar\/notas\/wp-json\/wp\/v2\/tags?post=141945"}],"curies":[{"name":"wp","href":"https:\/\/api.w.org\/{rel}","templated":true}]}}