{"id":141896,"date":"2025-12-23T20:50:45","date_gmt":"2025-12-23T23:50:45","guid":{"rendered":"https:\/\/www.elsindical.com.ar\/notas\/?p=141896"},"modified":"2025-12-23T20:50:51","modified_gmt":"2025-12-23T23:50:51","slug":"lanus-protestas-de-la-utep-frente-al-municipio","status":"publish","type":"post","link":"https:\/\/www.elsindical.com.ar\/notas\/lanus-protestas-de-la-utep-frente-al-municipio\/","title":{"rendered":"Lan\u00fas: Protestas de la UTEP frente al municipio"},"content":{"rendered":"<div class=\"wp-block-image\">\n<figure class=\"aligncenter size-full\"><a href=\"https:\/\/www.elsindical.com.ar\/notas\/var\/www\/html\/notas\/wp-content\/uploads\/2025\/12\/Lanus-protesta-UTEP-1.jpg\"><img loading=\"lazy\" decoding=\"async\" width=\"700\" height=\"397\" src=\"https:\/\/www.elsindical.com.ar\/notas\/var\/www\/html\/notas\/wp-content\/uploads\/2025\/12\/Lanus-protesta-UTEP-1.jpg\" alt=\"\" class=\"wp-image-141897\" srcset=\"https:\/\/www.elsindical.com.ar\/notas\/var\/www\/html\/notas\/wp-content\/uploads\/2025\/12\/Lanus-protesta-UTEP-1.jpg 700w, https:\/\/www.elsindical.com.ar\/notas\/var\/www\/html\/notas\/wp-content\/uploads\/2025\/12\/Lanus-protesta-UTEP-1-300x170.jpg 300w, https:\/\/www.elsindical.com.ar\/notas\/var\/www\/html\/notas\/wp-content\/uploads\/2025\/12\/Lanus-protesta-UTEP-1-220x126.jpg 220w, https:\/\/www.elsindical.com.ar\/notas\/var\/www\/html\/notas\/wp-content\/uploads\/2025\/12\/Lanus-protesta-UTEP-1-460x260.jpg 460w\" sizes=\"auto, (max-width: 700px) 100vw, 700px\" \/><\/a><\/figure>\n<\/div>\n\n\n<p>Tras la protesta en Quilmes, el movimiento que conduce Juan Grabois protagoniza una protesta en Lan\u00fas. Militantes cortan la avenida Hip\u00f3lito Yrigoyen.<\/p>\n\n\n\n<p>Tras la protesta en <a href=\"https:\/\/www.inforegion.com.ar\/2025\/12\/23\/incidentes-frente-al-concejo-de-quilmes-por-una-ordenanza-contra-trapitos\/\">Quilmes<\/a>, l<strong>a Uni\u00f3n de Trabajadores de la Econom\u00eda Popular (UTEP) de Juan Grabois, protagoniza una protesta en Lan\u00fas.<\/strong><\/p>\n\n\n\n<p>Manifestantes<strong> cortan la avenida Hip\u00f3lito Yrigoyen, frente al Palacio Municipal<\/strong>, generando graves inconvenientes a la hora de circular por la zona c\u00e9ntrica, clave para cruzar a Capital Federal.<\/p>\n\n\n\n<p>A la presencia de los manifestantes debe sumarse la <strong>quema de cubiertas para impedir el tr\u00e1nsito<\/strong>. Se\u00f1alaron que la protesta es para reclamar por un aumento salarial a los trabajadores de las cooperativas.<\/p>\n\n\n\n<p>\u201cEsto es una movilizaci\u00f3n que definieron <strong>los compa\u00f1eros de Lan\u00fas vinculado a que hay compa\u00f1eros cooperativistas que trabajan para el municipio y que cobran 130.000 pesos, que no tienen bonos de fin de a\u00f1o<\/strong>\u201c, se\u00f1alaron desde la UTEP.<\/p>\n\n\n\n<p>Si bien indicaron que \u201cesos son los dos reclamos centrales\u201d, tambi\u00e9n manifestaron que \u201cdespidieron a promotoras de salud que est\u00e1n vinculadas a la UTEP\u201d.<\/p>\n\n\n\n<p>Tras el episodio del lunes en Quilmes, la lectura es bien distinta. M\u00e1s all\u00e1 del reclamo, <strong>deja a la vista de todos el enfrentamiento con La C\u00e1mpora<\/strong>, ya que ambos son distritos conducidos por dirigentes alienados detr\u00e1s de M\u00e1ximo Kirchner y Cristina Fern\u00e1ndez.<\/p>\n\n\n\n<figure class=\"wp-block-gallery has-nested-images columns-default is-cropped wp-block-gallery-1 is-layout-flex wp-block-gallery-is-layout-flex\">\n<figure class=\"wp-block-image size-large\"><a href=\"https:\/\/www.elsindical.com.ar\/notas\/var\/www\/html\/notas\/wp-content\/uploads\/2025\/12\/Lanus-protesta-UTEP-2.jpg\"><img loading=\"lazy\" decoding=\"async\" width=\"700\" height=\"472\" data-id=\"141899\" src=\"https:\/\/www.elsindical.com.ar\/notas\/var\/www\/html\/notas\/wp-content\/uploads\/2025\/12\/Lanus-protesta-UTEP-2.jpg\" alt=\"\" class=\"wp-image-141899\" srcset=\"https:\/\/www.elsindical.com.ar\/notas\/var\/www\/html\/notas\/wp-content\/uploads\/2025\/12\/Lanus-protesta-UTEP-2.jpg 700w, https:\/\/www.elsindical.com.ar\/notas\/var\/www\/html\/notas\/wp-content\/uploads\/2025\/12\/Lanus-protesta-UTEP-2-300x202.jpg 300w\" sizes=\"auto, (max-width: 700px) 100vw, 700px\" \/><\/a><\/figure>\n\n\n\n<figure class=\"wp-block-image size-large\"><a href=\"https:\/\/www.elsindical.com.ar\/notas\/var\/www\/html\/notas\/wp-content\/uploads\/2025\/12\/Lanus-protesta-UTEP-3.jpg\"><img loading=\"lazy\" decoding=\"async\" width=\"700\" height=\"394\" data-id=\"141898\" src=\"https:\/\/www.elsindical.com.ar\/notas\/var\/www\/html\/notas\/wp-content\/uploads\/2025\/12\/Lanus-protesta-UTEP-3.jpg\" alt=\"\" class=\"wp-image-141898\" srcset=\"https:\/\/www.elsindical.com.ar\/notas\/var\/www\/html\/notas\/wp-content\/uploads\/2025\/12\/Lanus-protesta-UTEP-3.jpg 700w, https:\/\/www.elsindical.com.ar\/notas\/var\/www\/html\/notas\/wp-content\/uploads\/2025\/12\/Lanus-protesta-UTEP-3-300x169.jpg 300w, https:\/\/www.elsindical.com.ar\/notas\/var\/www\/html\/notas\/wp-content\/uploads\/2025\/12\/Lanus-protesta-UTEP-3-460x260.jpg 460w\" sizes=\"auto, (max-width: 700px) 100vw, 700px\" \/><\/a><\/figure>\n<\/figure>\n","protected":false},"excerpt":{"rendered":"<p>Tras la protesta en Quilmes, el movimiento que conduce Juan Grabois protagoniza una protesta en Lan\u00fas. Militantes cortan la avenida Hip\u00f3lito Yrigoyen. Tras la protesta en Quilmes, la Uni\u00f3n de Trabajadores de la Econom\u00eda Popular (UTEP) de Juan Grabois, protagoniza una protesta en Lan\u00fas. Manifestantes cortan la avenida Hip\u00f3lito Yrigoyen, frente al Palacio Municipal, generando&hellip;<\/p>\n","protected":false},"author":1,"featured_media":141897,"comment_status":"open","ping_status":"open","sticky":false,"template":"","format":"standard","meta":{"footnotes":""},"categories":[13,25],"tags":[2450,42922,2871,7669,209,32082],"class_list":["post-141896","post","type-post","status-publish","format-standard","has-post-thumbnail","hentry","category-politica","category-sociedad","tag-diario-el-sindical","tag-intendente-julian-alvarez","tag-juan-grabois","tag-la-campora","tag-lanus","tag-utep"],"_links":{"self":[{"href":"https:\/\/www.elsindical.com.ar\/notas\/wp-json\/wp\/v2\/posts\/141896","targetHints":{"allow":["GET"]}}],"collection":[{"href":"https:\/\/www.elsindical.com.ar\/notas\/wp-json\/wp\/v2\/posts"}],"about":[{"href":"https:\/\/www.elsindical.com.ar\/notas\/wp-json\/wp\/v2\/types\/post"}],"author":[{"embeddable":true,"href":"https:\/\/www.elsindical.com.ar\/notas\/wp-json\/wp\/v2\/users\/1"}],"replies":[{"embeddable":true,"href":"https:\/\/www.elsindical.com.ar\/notas\/wp-json\/wp\/v2\/comments?post=141896"}],"version-history":[{"count":1,"href":"https:\/\/www.elsindical.com.ar\/notas\/wp-json\/wp\/v2\/posts\/141896\/revisions"}],"predecessor-version":[{"id":141900,"href":"https:\/\/www.elsindical.com.ar\/notas\/wp-json\/wp\/v2\/posts\/141896\/revisions\/141900"}],"wp:featuredmedia":[{"embeddable":true,"href":"https:\/\/www.elsindical.com.ar\/notas\/wp-json\/wp\/v2\/media\/141897"}],"wp:attachment":[{"href":"https:\/\/www.elsindical.com.ar\/notas\/wp-json\/wp\/v2\/media?parent=141896"}],"wp:term":[{"taxonomy":"category","embeddable":true,"href":"https:\/\/www.elsindical.com.ar\/notas\/wp-json\/wp\/v2\/categories?post=141896"},{"taxonomy":"post_tag","embeddable":true,"href":"https:\/\/www.elsindical.com.ar\/notas\/wp-json\/wp\/v2\/tags?post=141896"}],"curies":[{"name":"wp","href":"https:\/\/api.w.org\/{rel}","templated":true}]}}