{"id":141891,"date":"2025-12-23T20:31:53","date_gmt":"2025-12-23T23:31:53","guid":{"rendered":"https:\/\/www.elsindical.com.ar\/notas\/?p=141891"},"modified":"2025-12-23T20:31:58","modified_gmt":"2025-12-23T23:31:58","slug":"la-informalidad-laboral-golpea-con-fuerza-a-los-jovenes-7-de-cada-10-trabajan-sin-derechos-en-argentina","status":"publish","type":"post","link":"https:\/\/www.elsindical.com.ar\/notas\/la-informalidad-laboral-golpea-con-fuerza-a-los-jovenes-7-de-cada-10-trabajan-sin-derechos-en-argentina\/","title":{"rendered":"La informalidad laboral golpea con fuerza a los j\u00f3venes: 7 de cada 10 trabajan sin derechos en Argentina"},"content":{"rendered":"\n<figure class=\"wp-block-image size-large\"><a href=\"https:\/\/www.elsindical.com.ar\/notas\/var\/www\/html\/notas\/wp-content\/uploads\/2019\/08\/deliveroo.jpg\"><img loading=\"lazy\" decoding=\"async\" width=\"1024\" height=\"682\" src=\"https:\/\/www.elsindical.com.ar\/notas\/var\/www\/html\/notas\/wp-content\/uploads\/2019\/08\/deliveroo-1024x682.jpg\" alt=\"\" class=\"wp-image-89340\" srcset=\"https:\/\/www.elsindical.com.ar\/notas\/var\/www\/html\/notas\/wp-content\/uploads\/2019\/08\/deliveroo-1024x682.jpg 1024w, https:\/\/www.elsindical.com.ar\/notas\/var\/www\/html\/notas\/wp-content\/uploads\/2019\/08\/deliveroo-300x200.jpg 300w, https:\/\/www.elsindical.com.ar\/notas\/var\/www\/html\/notas\/wp-content\/uploads\/2019\/08\/deliveroo-768x512.jpg 768w, https:\/\/www.elsindical.com.ar\/notas\/var\/www\/html\/notas\/wp-content\/uploads\/2019\/08\/deliveroo-450x300.jpg 450w, https:\/\/www.elsindical.com.ar\/notas\/var\/www\/html\/notas\/wp-content\/uploads\/2019\/08\/deliveroo.jpg 1280w\" sizes=\"auto, (max-width: 1024px) 100vw, 1024px\" \/><\/a><\/figure>\n\n\n\n<p>Un estudio de la UBA revel\u00f3 que la informalidad laboral entre j\u00f3venes de 16 a 24 a\u00f1os alcanza el 67%, casi 24 puntos por encima del promedio general. La falta de registraci\u00f3n impacta con mayor crudeza en los sectores con menor nivel educativo y profundiza la pobreza.<\/p>\n\n\n\n<p>Un informe del Instituto Interdisciplinario de Econom\u00eda Pol\u00edtica (IIEP), dependiente de la Facultad de Ciencias Econ\u00f3micas de la UBA, encendi\u00f3 una se\u00f1al de alarma s<strong>obre el mercado de trabajo en Argentina: la informalidad laboral ya afecta a 7 de cada 10 j\u00f3venes trabajadores de entre 16 y 24 a\u00f1os<\/strong>. Seg\u00fan los datos correspondientes al segundo trimestre de 2025, la tasa juvenil trepa al 67%, muy por encima del promedio general.<\/p>\n\n\n\n<p>El relevamiento indica que el 43,3% del total de los trabajadores adultos se desempe\u00f1a en la informalidad, pero entre los j\u00f3venes el fen\u00f3meno se agrava con una brecha de casi 24 puntos porcentuales. En t\u00e9rminos generales, el estudio advierte que 4 de cada 10 trabajadores en el pa\u00eds no est\u00e1n cubiertos por la legislaci\u00f3n laboral, impositiva o de la seguridad social.<\/p>\n\n\n\n<p>Al desagregar los datos, el informe se\u00f1ala que dentro de la informalidad laboral general el 36,7% corresponde a asalariados, mientras que el 64,7% se concentra en trabajadores independientes. Adem\u00e1s, la precariedad laboral se vincula directamente con la pobreza: durante el segundo trimestre del a\u00f1o, el 38% de los trabajadores informales era pobre, frente a apenas el 5% de quienes contaban con empleo formal.<\/p>\n\n\n\n<p>La educaci\u00f3n aparece como un factor clave para explicar las diferencias. La tasa de informalidad laboral fue del 17,8% entre quienes poseen estudios universitarios completos, ascendi\u00f3 al 43% entre trabajadores con nivel educativo intermedio y se dispar\u00f3 al 65,1% entre quienes no finalizaron la escuela secundaria. En cuanto al g\u00e9nero, la informalidad femenina supera a la masculina en casi todos los grupos etarios, con la excepci\u00f3n de los j\u00f3venes, donde los hombres registran el nivel m\u00e1s alto: 67,3%. En el extremo opuesto, los hombres de entre 45 y 65 a\u00f1os presentan la tasa m\u00e1s baja, con un 33,7%.<\/p>\n","protected":false},"excerpt":{"rendered":"<p>Un estudio de la UBA revel\u00f3 que la informalidad laboral entre j\u00f3venes de 16 a 24 a\u00f1os alcanza el 67%, casi 24 puntos por encima del promedio general. La falta de registraci\u00f3n impacta con mayor crudeza en los sectores con menor nivel educativo y profundiza la pobreza. Un informe del Instituto Interdisciplinario de Econom\u00eda Pol\u00edtica&hellip;<\/p>\n","protected":false},"author":1,"featured_media":89340,"comment_status":"open","ping_status":"open","sticky":false,"template":"","format":"standard","meta":{"footnotes":""},"categories":[9,25],"tags":[2450,22023,42719,45116,31220],"class_list":["post-141891","post","type-post","status-publish","format-standard","has-post-thumbnail","hentry","category-economia","category-sociedad","tag-diario-el-sindical","tag-economia","tag-iiep","tag-informalidad-laboral","tag-jovenes-2"],"_links":{"self":[{"href":"https:\/\/www.elsindical.com.ar\/notas\/wp-json\/wp\/v2\/posts\/141891","targetHints":{"allow":["GET"]}}],"collection":[{"href":"https:\/\/www.elsindical.com.ar\/notas\/wp-json\/wp\/v2\/posts"}],"about":[{"href":"https:\/\/www.elsindical.com.ar\/notas\/wp-json\/wp\/v2\/types\/post"}],"author":[{"embeddable":true,"href":"https:\/\/www.elsindical.com.ar\/notas\/wp-json\/wp\/v2\/users\/1"}],"replies":[{"embeddable":true,"href":"https:\/\/www.elsindical.com.ar\/notas\/wp-json\/wp\/v2\/comments?post=141891"}],"version-history":[{"count":1,"href":"https:\/\/www.elsindical.com.ar\/notas\/wp-json\/wp\/v2\/posts\/141891\/revisions"}],"predecessor-version":[{"id":141892,"href":"https:\/\/www.elsindical.com.ar\/notas\/wp-json\/wp\/v2\/posts\/141891\/revisions\/141892"}],"wp:featuredmedia":[{"embeddable":true,"href":"https:\/\/www.elsindical.com.ar\/notas\/wp-json\/wp\/v2\/media\/89340"}],"wp:attachment":[{"href":"https:\/\/www.elsindical.com.ar\/notas\/wp-json\/wp\/v2\/media?parent=141891"}],"wp:term":[{"taxonomy":"category","embeddable":true,"href":"https:\/\/www.elsindical.com.ar\/notas\/wp-json\/wp\/v2\/categories?post=141891"},{"taxonomy":"post_tag","embeddable":true,"href":"https:\/\/www.elsindical.com.ar\/notas\/wp-json\/wp\/v2\/tags?post=141891"}],"curies":[{"name":"wp","href":"https:\/\/api.w.org\/{rel}","templated":true}]}}