{"id":141886,"date":"2025-12-23T09:02:28","date_gmt":"2025-12-23T12:02:28","guid":{"rendered":"https:\/\/www.elsindical.com.ar\/notas\/?p=141886"},"modified":"2025-12-23T09:02:33","modified_gmt":"2025-12-23T12:02:33","slug":"el-gobierno-habilito-el-viaje-con-mascotas-en-trenes-y-micros-de-larga-distancia-con-algunos-requisitos","status":"publish","type":"post","link":"https:\/\/www.elsindical.com.ar\/notas\/el-gobierno-habilito-el-viaje-con-mascotas-en-trenes-y-micros-de-larga-distancia-con-algunos-requisitos\/","title":{"rendered":"El Gobierno habilit\u00f3 el viaje con mascotas en trenes y micros de larga distancia con algunos requisitos"},"content":{"rendered":"<div class=\"wp-block-image\">\n<figure class=\"aligncenter size-full\"><a href=\"https:\/\/www.elsindical.com.ar\/notas\/var\/www\/html\/notas\/wp-content\/uploads\/2025\/12\/transporte-mascota.jpg\"><img loading=\"lazy\" decoding=\"async\" width=\"550\" height=\"373\" src=\"https:\/\/www.elsindical.com.ar\/notas\/var\/www\/html\/notas\/wp-content\/uploads\/2025\/12\/transporte-mascota.jpg\" alt=\"\" class=\"wp-image-141887\" srcset=\"https:\/\/www.elsindical.com.ar\/notas\/var\/www\/html\/notas\/wp-content\/uploads\/2025\/12\/transporte-mascota.jpg 550w, https:\/\/www.elsindical.com.ar\/notas\/var\/www\/html\/notas\/wp-content\/uploads\/2025\/12\/transporte-mascota-300x203.jpg 300w\" sizes=\"auto, (max-width: 550px) 100vw, 550px\" \/><\/a><\/figure>\n<\/div>\n\n\n<p>La medida fue confirmada este martes mediante la Resoluci\u00f3n 2076\/2025 del Ministerio de Econom\u00eda, publicada en el Bolet\u00edn Oficial. Cu\u00e1les son los requisitos.<\/p>\n\n\n\n<p>El Gobierno <strong>autoriz\u00f3 el viaje con mascotas<\/strong> en los servicios de transporte de larga distancia, aunque estableci\u00f3 una<strong>serie de condiciones <\/strong>para garantizar la comodidad y la seguridad del resto de los pasajeros. La medida fue confirmada este martes mediante la <strong>Resoluci\u00f3n 2076\/2025<\/strong> del Ministerio de Econom\u00eda, publicada en el <strong>Bolet\u00edn Oficial.<\/strong><\/p>\n\n\n\n<p>La autorizaci\u00f3n alcanza espec\u00edficamente a los \u201cservicios de <strong>transporte automotor y ferroviario de pasajeros de larga distancia <\/strong>que operan bajo jurisdicci\u00f3n nacional\u201d. Es decir, a aquellos que conectan ciudades de distintas provincias y que est\u00e1n regulados y controlados por el Estado nacional.<\/p>\n\n\n\n<p>En el caso del transporte automotor, la medida aplica a <a href=\"https:\/\/www.canal26.com\/general\/2025\/10\/29\/pasajes-de-micros-de-larga-distancia-precios-y-destinos-para-las-vacaciones-de-verano-2026\/\" target=\"_blank\" rel=\"noreferrer noopener\">los<\/a>micros de larga distancia. En cuanto al ferroviario, comprende a los <strong>trenes interurbanos de pasajeros<\/strong> que realizan recorridos provinciales e interprovinciales, como las formaciones del Mitre que parten desde Retiro hacia Rosario, C\u00f3rdoba y Tucum\u00e1n, o el Roca que une Constituci\u00f3n con Mar del Plata.<\/p>\n\n\n\n<p>El nuevo r\u00e9gimen considera animal dom\u00e9stico a los <strong>animales de compa\u00f1\u00eda que viven con las personas en el hogar,<\/strong> siempre que no se utilicen con fines comerciales ni de consumo. De todas formas, la norma aclara que <strong>los perros gu\u00eda o de asistencia para personas con discapacidad<\/strong> no est\u00e1n incluidos en esta regulaci\u00f3n, ya que cuentan con una normativa espec\u00edfica.<\/p>\n\n\n\n<h2 class=\"wp-block-heading\">Cu\u00e1les son los requisitos para poder viajar con una mascota<\/h2>\n\n\n\n<ul class=\"wp-block-list\">\n<li>Cada pasajero mayor de edad podr\u00e1 trasladar<strong> un solo animal dom\u00e9stico.<\/strong><\/li>\n\n\n\n<li>El animal deber\u00e1 viajar dentro de un <strong>transport\u00edn o contenedor cerrado<\/strong>, dise\u00f1ado especialmente para su traslado.<\/li>\n\n\n\n<li>El contenedor podr\u00e1 colocarse <strong>sobre la falda del pasajero,<\/strong> debajo del<strong> asiento delantero<\/strong> o sobre <strong>el asiento junto a la ventana<\/strong>, siempre que en este \u00faltimo caso est\u00e9 correctamente sujetado con el cintur\u00f3n de seguridad.<\/li>\n\n\n\n<li>Ser\u00e1 obligatorio contar con la constancia de <strong>vacunaci\u00f3n antirr\u00e1bica y la documentaci\u00f3n sanitaria.<\/strong><\/li>\n\n\n\n<li>Durante el viaje, el animal <strong>no deber\u00e1 ocasionar molestias ni representar riesgos<\/strong> para otros pasajeros.<\/li>\n<\/ul>\n\n\n\n<p>Por otro lado, la medida establece que las empresas podr\u00e1n fijar una \u201c<strong>tarifa espec\u00edfica por este servicio<\/strong>\u201d, seg\u00fan las condiciones del mercado y en cumplimiento de la Ley de Defensa del Consumidor. Cabe aclarar que para el caso de los perros gu\u00eda o de asistencia, el traslado seguir\u00e1 siendo gratis.<\/p>\n\n\n\n<p>Adem\u00e1s, las empresas podr\u00e1n establecer qu\u00e9 tipo de animales se podr\u00e1n trasladar y deber\u00e1n <strong>prever limpieza y desinfecci\u00f3n<\/strong>. Tambi\u00e9n se solicita que en <strong>terminales de<\/strong> <strong>micro y estaciones de tren habilitadas<\/strong> haya espacios \u201cespec\u00edficos, se\u00f1alizados y acondicionados para la espera y el abordaje de pasajeros que viajen con animales dom\u00e9sticos\u201d.<\/p>\n","protected":false},"excerpt":{"rendered":"<p>La medida fue confirmada este martes mediante la Resoluci\u00f3n 2076\/2025 del Ministerio de Econom\u00eda, publicada en el Bolet\u00edn Oficial. Cu\u00e1les son los requisitos. El Gobierno autoriz\u00f3 el viaje con mascotas en los servicios de transporte de larga distancia, aunque estableci\u00f3 unaserie de condiciones para garantizar la comodidad y la seguridad del resto de los pasajeros.&hellip;<\/p>\n","protected":false},"author":1,"featured_media":141887,"comment_status":"open","ping_status":"open","sticky":false,"template":"","format":"standard","meta":{"footnotes":""},"categories":[13,25],"tags":[1295,2450,15045,3006,9090],"class_list":["post-141886","post","type-post","status-publish","format-standard","has-post-thumbnail","hentry","category-politica","category-sociedad","tag-boletin-oficial","tag-diario-el-sindical","tag-mascotas","tag-ministerio-de-economia","tag-resolucion"],"_links":{"self":[{"href":"https:\/\/www.elsindical.com.ar\/notas\/wp-json\/wp\/v2\/posts\/141886","targetHints":{"allow":["GET"]}}],"collection":[{"href":"https:\/\/www.elsindical.com.ar\/notas\/wp-json\/wp\/v2\/posts"}],"about":[{"href":"https:\/\/www.elsindical.com.ar\/notas\/wp-json\/wp\/v2\/types\/post"}],"author":[{"embeddable":true,"href":"https:\/\/www.elsindical.com.ar\/notas\/wp-json\/wp\/v2\/users\/1"}],"replies":[{"embeddable":true,"href":"https:\/\/www.elsindical.com.ar\/notas\/wp-json\/wp\/v2\/comments?post=141886"}],"version-history":[{"count":1,"href":"https:\/\/www.elsindical.com.ar\/notas\/wp-json\/wp\/v2\/posts\/141886\/revisions"}],"predecessor-version":[{"id":141888,"href":"https:\/\/www.elsindical.com.ar\/notas\/wp-json\/wp\/v2\/posts\/141886\/revisions\/141888"}],"wp:featuredmedia":[{"embeddable":true,"href":"https:\/\/www.elsindical.com.ar\/notas\/wp-json\/wp\/v2\/media\/141887"}],"wp:attachment":[{"href":"https:\/\/www.elsindical.com.ar\/notas\/wp-json\/wp\/v2\/media?parent=141886"}],"wp:term":[{"taxonomy":"category","embeddable":true,"href":"https:\/\/www.elsindical.com.ar\/notas\/wp-json\/wp\/v2\/categories?post=141886"},{"taxonomy":"post_tag","embeddable":true,"href":"https:\/\/www.elsindical.com.ar\/notas\/wp-json\/wp\/v2\/tags?post=141886"}],"curies":[{"name":"wp","href":"https:\/\/api.w.org\/{rel}","templated":true}]}}