{"id":141871,"date":"2025-12-22T21:40:07","date_gmt":"2025-12-23T00:40:07","guid":{"rendered":"https:\/\/www.elsindical.com.ar\/notas\/?p=141871"},"modified":"2025-12-22T21:40:23","modified_gmt":"2025-12-23T00:40:23","slug":"pese-al-reclamo-sindical-las-negociaciones-por-salarios-de-la-provincia-pasan-a-enero","status":"publish","type":"post","link":"https:\/\/www.elsindical.com.ar\/notas\/pese-al-reclamo-sindical-las-negociaciones-por-salarios-de-la-provincia-pasan-a-enero\/","title":{"rendered":"Pese al reclamo sindical, las negociaciones por salarios de la Provincia pasan a enero"},"content":{"rendered":"<div class=\"wp-block-image\">\n<figure class=\"aligncenter size-full\"><a href=\"https:\/\/www.elsindical.com.ar\/notas\/var\/www\/html\/notas\/wp-content\/uploads\/2025\/08\/sala-paritarias-Ministerio-de-Trabajo-Bonaerense.jpg\"><img loading=\"lazy\" decoding=\"async\" width=\"700\" height=\"394\" src=\"https:\/\/www.elsindical.com.ar\/notas\/var\/www\/html\/notas\/wp-content\/uploads\/2025\/08\/sala-paritarias-Ministerio-de-Trabajo-Bonaerense.jpg\" alt=\"\" class=\"wp-image-139462\" srcset=\"https:\/\/www.elsindical.com.ar\/notas\/var\/www\/html\/notas\/wp-content\/uploads\/2025\/08\/sala-paritarias-Ministerio-de-Trabajo-Bonaerense.jpg 700w, https:\/\/www.elsindical.com.ar\/notas\/var\/www\/html\/notas\/wp-content\/uploads\/2025\/08\/sala-paritarias-Ministerio-de-Trabajo-Bonaerense-300x169.jpg 300w, https:\/\/www.elsindical.com.ar\/notas\/var\/www\/html\/notas\/wp-content\/uploads\/2025\/08\/sala-paritarias-Ministerio-de-Trabajo-Bonaerense-460x260.jpg 460w\" sizes=\"auto, (max-width: 700px) 100vw, 700px\" \/><\/a><\/figure>\n<\/div>\n\n\n<p>El Gobierno de la provincia de Buenos Aires, con Axel Kicillof a la cabeza, recibi\u00f3 a los principales gremios que representan a los trabajadores estatales y<\/p>\n\n\n\n<p>Kicillof se reuni\u00f3 este lunes junto a los ministros de Econom\u00eda, Pablo L\u00f3pez, y de Trabajo, Walter Correa, y la directora general de Cultura y Educaci\u00f3n, Flavia Terigi, con los representantes de todos los gremios, a quienes<strong> les expusieron la compleja situaci\u00f3n econ\u00f3mica y financiera<\/strong> que se atraviesa y las que consideran producto de las decisiones y pol\u00edticas del Gobierno de Javier Milei.<\/p>\n\n\n\n<p>En ese marco, las autoridades provinciales comunicaron que la paritaria 2025 continuar\u00e1 abierta y las negociaciones se retomar\u00e1n en enero<strong>. El \u00faltimo ajuste fue del 5% en dos veces: en agosto (percibido en septiembre) y octubre (que se cobr\u00f3 en noviembre). <\/strong>Es decir, en los primeros 10 meses de este a\u00f1o, los estatales recibieron una suba del 25,9 % contra una inflaci\u00f3n del 24,8% para el mismo per\u00edodo.<\/p>\n\n\n\n<p>Sin embargo, luego de que la Legislatura aprobar\u00e1 la ley para que Kicillof pueda emitir deuda por 3.680 millones de d\u00f3lares,<strong> los gremios salieron a pedir que haya una reapertura inmediata de las negociaciones paritarias para un nuevo aumento de salarios.<\/strong> Frente a esto, la Provincia prioriz\u00f3 el pago de medio aguinaldo y dej\u00f3 en claro que por el momento no puede comprometerse a un incremento.<\/p>\n\n\n\n<p>Seg\u00fan trazaron las autoridades en la mesa, la Provincia se encuentra atravesando <strong>\u201cun contexto de crisis econ\u00f3mica profunda y transversal\u201d, <\/strong>con destrucci\u00f3n de empleos y cierres de empresas en todo el territorio, que ha ocasionado p\u00e9rdida de recursos permanente debido a la ca\u00edda de la recaudaci\u00f3n, tanto para el Estado provincial como para los municipales.<\/p>\n\n\n\n<p>A ello se suma el recorte ilegal de transferencias obligatorias no autom\u00e1ticas por parte del Gobierno nacional y la interrupci\u00f3n de obras y programas, por lo cual<strong> se acumula una deuda de unos $12,9 billones.<\/strong> \u201cHemos tenido momentos complicados financieramente, pero al fin y al cabo pudimos conseguir en tiempo y forma el dinero\u201d para el pago del aguinaldo, resalt\u00f3 el ministro Carlos Bianco en conferencia de prensa.<\/p>\n\n\n\n<p>En la reuni\u00f3n con Kicillof, estuvieron presentes representantes de los gremios SUTEBA, UPCN, ATE, FEGEPBA, FEB, AMET, SADOP, UDOCBA, UDA, AEMOPBA, AMS, SOSBA, SSP, SMHLP, APOC, AERI, SOEME, CICOP, APLA, APV, AECN, SGP, y AJB.<\/p>\n","protected":false},"excerpt":{"rendered":"<p>El Gobierno de la provincia de Buenos Aires, con Axel Kicillof a la cabeza, recibi\u00f3 a los principales gremios que representan a los trabajadores estatales y Kicillof se reuni\u00f3 este lunes junto a los ministros de Econom\u00eda, Pablo L\u00f3pez, y de Trabajo, Walter Correa, y la directora general de Cultura y Educaci\u00f3n, Flavia Terigi, con&hellip;<\/p>\n","protected":false},"author":1,"featured_media":139462,"comment_status":"open","ping_status":"open","sticky":false,"template":"","format":"standard","meta":{"footnotes":""},"categories":[16],"tags":[13798,2450,666,43268,4214],"class_list":["post-141871","post","type-post","status-publish","format-standard","has-post-thumbnail","hentry","category-gremiales","tag-axel-kicillof","tag-diario-el-sindical","tag-gremios","tag-paritarias-bonaerenses","tag-walter-correa"],"_links":{"self":[{"href":"https:\/\/www.elsindical.com.ar\/notas\/wp-json\/wp\/v2\/posts\/141871","targetHints":{"allow":["GET"]}}],"collection":[{"href":"https:\/\/www.elsindical.com.ar\/notas\/wp-json\/wp\/v2\/posts"}],"about":[{"href":"https:\/\/www.elsindical.com.ar\/notas\/wp-json\/wp\/v2\/types\/post"}],"author":[{"embeddable":true,"href":"https:\/\/www.elsindical.com.ar\/notas\/wp-json\/wp\/v2\/users\/1"}],"replies":[{"embeddable":true,"href":"https:\/\/www.elsindical.com.ar\/notas\/wp-json\/wp\/v2\/comments?post=141871"}],"version-history":[{"count":1,"href":"https:\/\/www.elsindical.com.ar\/notas\/wp-json\/wp\/v2\/posts\/141871\/revisions"}],"predecessor-version":[{"id":141872,"href":"https:\/\/www.elsindical.com.ar\/notas\/wp-json\/wp\/v2\/posts\/141871\/revisions\/141872"}],"wp:featuredmedia":[{"embeddable":true,"href":"https:\/\/www.elsindical.com.ar\/notas\/wp-json\/wp\/v2\/media\/139462"}],"wp:attachment":[{"href":"https:\/\/www.elsindical.com.ar\/notas\/wp-json\/wp\/v2\/media?parent=141871"}],"wp:term":[{"taxonomy":"category","embeddable":true,"href":"https:\/\/www.elsindical.com.ar\/notas\/wp-json\/wp\/v2\/categories?post=141871"},{"taxonomy":"post_tag","embeddable":true,"href":"https:\/\/www.elsindical.com.ar\/notas\/wp-json\/wp\/v2\/tags?post=141871"}],"curies":[{"name":"wp","href":"https:\/\/api.w.org\/{rel}","templated":true}]}}