{"id":141792,"date":"2025-12-18T01:59:26","date_gmt":"2025-12-18T04:59:26","guid":{"rendered":"https:\/\/www.elsindical.com.ar\/notas\/?p=141792"},"modified":"2025-12-18T01:59:33","modified_gmt":"2025-12-18T04:59:33","slug":"el-hijo-del-fiscal-taiano-que-debe-investigar-a-ritondo-tiene-sociedades-con-su-circulo-intimo","status":"publish","type":"post","link":"https:\/\/www.elsindical.com.ar\/notas\/el-hijo-del-fiscal-taiano-que-debe-investigar-a-ritondo-tiene-sociedades-con-su-circulo-intimo\/","title":{"rendered":"El hijo del fiscal Taiano, que debe investigar a Ritondo, tiene sociedades con su c\u00edrculo \u00edntimo"},"content":{"rendered":"<div class=\"wp-block-image\">\n<figure class=\"aligncenter size-full\"><a href=\"https:\/\/www.elsindical.com.ar\/notas\/var\/www\/html\/notas\/wp-content\/uploads\/2025\/12\/Cristian-Ritondo-en-diputados.jpg\"><img loading=\"lazy\" decoding=\"async\" width=\"700\" height=\"394\" src=\"https:\/\/www.elsindical.com.ar\/notas\/var\/www\/html\/notas\/wp-content\/uploads\/2025\/12\/Cristian-Ritondo-en-diputados.jpg\" alt=\"\" class=\"wp-image-141793\" srcset=\"https:\/\/www.elsindical.com.ar\/notas\/var\/www\/html\/notas\/wp-content\/uploads\/2025\/12\/Cristian-Ritondo-en-diputados.jpg 700w, https:\/\/www.elsindical.com.ar\/notas\/var\/www\/html\/notas\/wp-content\/uploads\/2025\/12\/Cristian-Ritondo-en-diputados-300x169.jpg 300w, https:\/\/www.elsindical.com.ar\/notas\/var\/www\/html\/notas\/wp-content\/uploads\/2025\/12\/Cristian-Ritondo-en-diputados-460x260.jpg 460w\" sizes=\"auto, (max-width: 700px) 100vw, 700px\" \/><\/a><\/figure>\n<\/div>\n\n\n<p><em>   Una investigaci\u00f3n period\u00edstica valiente y comprometida, de lo mejor que uno puede leer en medio de tanto descr\u00e9dito del periodismo local. Los que puedan apoyen a la periodista y su trabajo.<\/em><\/p>\n\n\n\n<p>Federico Taiano es socio del ahijado pol\u00edtico y de la mano derecha de Cristian Ritondo mientras su padre tiene planchada una causa por enriquecimiento il\u00edcito contra el diputado. La Justa habl\u00f3 con el hijo del fiscal.<\/p>\n\n\n\n<p>Por NATALIA VOLOSIN12 de diciembre de 2025<\/p>\n\n\n\n<h2 class=\"wp-block-heading\">Hay que poner un poquito m\u00e1s de huevo<\/h2>\n\n\n\n<p>Eduardo Taiano es fiscal federal desde 1993, antes de que hubiera concursos. Vieja guardia. No vamos a hacer un repaso de su carrera ni de sus v\u00ednculos, amistades y cercan\u00edas en ese tugurio de impresentables que persiguen impresentables al que hemos dado en llamar \u00abComodoro Py\u00bb. Googleen. Est\u00e1 todo ah\u00ed. Lo que s\u00ed vale la pena recordar es <strong>su<\/strong> <strong>costumbre de no investigar, de procrastrinar o de no apelar sobreseimientos en determinados casos en los que se juega el poder real de la Argentina<\/strong>.<\/p>\n\n\n\n<p>Corre el a\u00f1o 2005. Taiano interviene en una denuncia por enriquecimiento il\u00edcito contra N\u00e9stor Kirchner por el per\u00edodo 1995-2004. El juez Juli\u00e1n Ercolini (otro que se hizo el abanderado de la lucha contra la corrupci\u00f3n post-2015 como si nadie se acordara de su pasado) lo sobresee. Sin peritajes. Sin analizar sus declaraciones juradas patrimoniales. Nada. Pa&#8217; su casa, N\u00e9stor. Taiano no apela. Consiente el sobreseimiento. Le parece bien. <strong>Un fiscal que no apela un sobreseimiento, digo siempre, es un delantero que no hace goles. Un Cavani. <\/strong>Salvo que haya algo demasiado ostensible, una violaci\u00f3n de derechos evidente, una falta de prueba absoluta, una ridiculez completa, apelar un sobreseimiento es, para un fiscal, casi una obligaci\u00f3n.<\/p>\n\n\n\n<p>En ese primer round, <strong>se filtr\u00f3 a los medios que a Taiano le hab\u00edan secuestrado al hijo<\/strong>. Era lunes. El fiscal iba rumbo a su despacho con el plazo procesal al borde del vencimiento para definir qu\u00e9 hacer con el fierro caliente que le hab\u00eda tirado el juez Ercolini. En el camino lo llamaron para avisarle que su hijo Federico nunca hab\u00eda llegado a la profesora particular de matem\u00e1ticas. Lo hab\u00edan levantado desde un auto en Santa Fe y Pueyrred\u00f3n. Le preguntaron si era hijo del fiscal, lo pasearon unas horas y lo dejaron cerca de la casa de un familiar. Taiano, por supuesto, no apel\u00f3. <strong>La Justa habl\u00f3 con Federico Taiano<\/strong>, quien explic\u00f3 que su interpretaci\u00f3n del hecho -que denunci\u00f3 formalmente ante una unidad fiscal especial- fue que se trat\u00f3 de un secuestro express al voleo y que cuando vieron qui\u00e9n era (por una tarjeta del padre que llevaba encima) lo largaron. Lo dem\u00e1s, dijo, son elucubraciones de la \u00e9poca.<\/p>\n\n\n\n<p>En el segundo round, <strong>Taiano se olvid\u00f3 de apelar otro sobreseimiento<\/strong>, esta vez por el enriquecimiento de N\u00e9stor y de Cristina Kirchner por el per\u00edodo 2005-2007. <strong>El juez era Canicoba Corral. \u00abCanicoima\u00bb, le dec\u00edan.<\/strong> <strong>Y el tercero (\u00a1s\u00ed, hubo tercer round!) estuvo a cargo del c\u00e9lebre Norberto Oyarbide.<\/strong> Es la infame causa del peritaje de <strong>V\u00edctor Manzanares<\/strong>, el contador de los Kirchner que ahora funge como arrepentido en la causa de los cuadernos. Se deb\u00eda investigar el presunto enriquecimiento patrimonial del matrimonio presidencial por el per\u00edodo 2008. La Oficina Anticorrupci\u00f3n (cooptada por el Poder Ejecutivo, como siempre) se neg\u00f3 a investigar. Oyarbide sobresey\u00f3 con un informe t\u00e9cnico de los peritos de la Corte Suprema realizado s\u00f3lo con acceso a los papeles de trabajo del contador Manzanares. Una verdadera joda. El Cuerpo de Peritos se disolvi\u00f3 por irregularidades. Taiano, once again, no apel\u00f3.<\/p>\n\n\n\n<p><strong>No es de extra\u00f1ar, pues, que el fiscal est\u00e9 demorando causas sensibles para los Kirchner de estos tiempos, es decir, los Milei. <\/strong>Por ejemplo, la causa por la represi\u00f3n ilegal que dej\u00f3 al borde de la muerte al reportero gr\u00e1fico <strong>Pablo Grillo<\/strong>. Taiano tard\u00f3 meses en lograr el procesamiento del gendarme que efectu\u00f3 el disparo y apenas por lesiones grav\u00edsimas, no por tentativa de homicidio. A Bullrich, autora del protocolo antipiquetes y cabeza operativa del obrar antijur\u00eddico de las fuerzas federales, ni se la menciona. O <strong>la causa $LIBRA<\/strong>, en la que una querella lo recus\u00f3 por sospechas de que no conduce la investigaci\u00f3n con objetividad y que est\u00e1 protegiendo al gobierno. Seg\u00fan los denunciantes de la criptoestafa que involucra al Presidente Milei, el fiscal rechaza sistem\u00e1ticamente medidas de prueba solicitadas por los damnificados y por la Comisi\u00f3n Investigadora del Congreso. Y otro tanto ocurre, seg\u00fan veremos, con la causa por enriquecimiento il\u00edcito contra Cristian Ritondo.<\/p>\n\n\n\n<h2 class=\"wp-block-heading\">Amigos son los amigos<\/h2>\n\n\n\n<p>Federico Nicol\u00e1s Taiano tiene 39 a\u00f1os. En 2005, cuando sufri\u00f3 el secuestro express, ten\u00eda 18. Poco despu\u00e9s entr\u00f3 a trabajar al juzgado federal de Ariel Lijo, muy cercano a su padre. Lleg\u00f3 al cargo de oficial (casi el \u00faltimo orej\u00f3n del tarro). De all\u00ed pas\u00f3, en 2012, a cargos p\u00fablicos, pol\u00edticos y ahora corporativos muy relacionados, casi siempre, con Cristian Ritondo. Fue <strong>asesor en la legislatura porte\u00f1a<\/strong> cuando el ex barra de Chicago era vicepresidente; <strong>pas\u00f3 por la Corporaci\u00f3n Buenos Aires Sur <\/strong>(desde hace largu\u00edsimos a\u00f1os en manos de punteros del ritondismo en la zona sur de la ciudad); fue <strong>director provincial en dos cargos distintos del ministerio de seguridad bonaerense a cargo de Ritondo<\/strong> durante el gobierno de Vidal; fue <strong>concejal del PRO en Escobar<\/strong>; titular de un \u00e1rea de <strong>bienes decomisados en la AABE<\/strong>, la agencia que administra los bienes del Estado, ya <strong>en tiempos de Milei<\/strong>; y ahora funge como <strong>consultor experto (anda a saber en qu\u00e9) para una empresa de Frank Holder<\/strong>, el ex CIA que aparece en algunos tramos de la investigaci\u00f3n que hizo este medio sobre el empresario favorito del gobierno libertario, Leonardo Scatturice.<\/p>\n\n\n<div class=\"wp-block-image\">\n<figure class=\"aligncenter size-full\"><a href=\"https:\/\/www.elsindical.com.ar\/notas\/var\/www\/html\/notas\/wp-content\/uploads\/2025\/12\/Linkedin-Federico-Nicolas-Taiano.jpg\"><img loading=\"lazy\" decoding=\"async\" width=\"700\" height=\"796\" src=\"https:\/\/www.elsindical.com.ar\/notas\/var\/www\/html\/notas\/wp-content\/uploads\/2025\/12\/Linkedin-Federico-Nicolas-Taiano.jpg\" alt=\"\" class=\"wp-image-141794\" srcset=\"https:\/\/www.elsindical.com.ar\/notas\/var\/www\/html\/notas\/wp-content\/uploads\/2025\/12\/Linkedin-Federico-Nicolas-Taiano.jpg 700w, https:\/\/www.elsindical.com.ar\/notas\/var\/www\/html\/notas\/wp-content\/uploads\/2025\/12\/Linkedin-Federico-Nicolas-Taiano-264x300.jpg 264w\" sizes=\"auto, (max-width: 700px) 100vw, 700px\" \/><\/a><\/figure>\n<\/div>\n\n\n<blockquote class=\"wp-block-quote is-layout-flow wp-block-quote-is-layout-flow\">\n<p><em><strong>Seg\u00fan el hijo del fiscal, todas esas oportunidades laborales se dieron por relaciones con amigos. Nada que ver con su padre ni con Ritondo.<\/strong> Un amigo me present\u00f3 a Fulano. Un amigo de un amigo me llev\u00f3 a un evento. Un amigo de la vida me contact\u00f3 con Mengano. Pero cuando le pregunt\u00e1s de d\u00f3nde es cada amigo, c\u00f3mo se conocen, en d\u00f3nde los cruz\u00f3 la vida, no se acuerda.<\/em><\/p>\n\n\n\n<p>A la legislatura lo llev\u00f3, me dijo, <strong>Mat\u00edas Pantanali<\/strong>, amigo de un amigo. \u00bfQui\u00e9n es? Es el <strong>hijo de Ester \u00abNiti\u00bb Iglesias, una hist\u00f3rica militante de la comuna 8<\/strong> (puntera, dir\u00edan si se olvidaran de que, adem\u00e1s de peronista, Ritondo es el titular del bloque del PRO en la C\u00e1mara de Diputados). Dicen que fue clave en el ascenso pol\u00edtico de Pucho, quien, recordamos, arranc\u00f3 como barra de Chicago.<\/p>\n\n\n<div class=\"wp-block-image\">\n<figure class=\"aligncenter size-full\"><a href=\"https:\/\/www.elsindical.com.ar\/notas\/var\/www\/html\/notas\/wp-content\/uploads\/2025\/12\/Matias-Pantanali-X.jpg\"><img loading=\"lazy\" decoding=\"async\" width=\"700\" height=\"472\" src=\"https:\/\/www.elsindical.com.ar\/notas\/var\/www\/html\/notas\/wp-content\/uploads\/2025\/12\/Matias-Pantanali-X.jpg\" alt=\"\" class=\"wp-image-141795\" srcset=\"https:\/\/www.elsindical.com.ar\/notas\/var\/www\/html\/notas\/wp-content\/uploads\/2025\/12\/Matias-Pantanali-X.jpg 700w, https:\/\/www.elsindical.com.ar\/notas\/var\/www\/html\/notas\/wp-content\/uploads\/2025\/12\/Matias-Pantanali-X-300x202.jpg 300w\" sizes=\"auto, (max-width: 700px) 100vw, 700px\" \/><\/a><\/figure>\n<\/div><\/blockquote>\n\n\n<div class=\"wp-block-image\">\n<figure class=\"aligncenter size-full\"><a href=\"https:\/\/www.elsindical.com.ar\/notas\/var\/www\/html\/notas\/wp-content\/uploads\/2025\/12\/Matias-Pantanali-X-2.jpg\"><img loading=\"lazy\" decoding=\"async\" width=\"700\" height=\"482\" src=\"https:\/\/www.elsindical.com.ar\/notas\/var\/www\/html\/notas\/wp-content\/uploads\/2025\/12\/Matias-Pantanali-X-2.jpg\" alt=\"\" class=\"wp-image-141796\" srcset=\"https:\/\/www.elsindical.com.ar\/notas\/var\/www\/html\/notas\/wp-content\/uploads\/2025\/12\/Matias-Pantanali-X-2.jpg 700w, https:\/\/www.elsindical.com.ar\/notas\/var\/www\/html\/notas\/wp-content\/uploads\/2025\/12\/Matias-Pantanali-X-2-300x207.jpg 300w\" sizes=\"auto, (max-width: 700px) 100vw, 700px\" \/><\/a><\/figure>\n<\/div>\n\n\n<p>Niti fue funcionaria en la Corporaci\u00f3n Buenos Aires Sur y en la legislatura. Su hijo es el actual vice de la orga para el desarrollo (muchos signos de preguntas) que maneja el clientelismo de la zona y que, como las comunas, llena de militantes y amigos el payroll de esta bendita ciudad. <strong>Mat\u00edas tambi\u00e9n anda en las vicisitudes de Nueva Chicago<\/strong>. Y es el ahijado pol\u00edtico de Ritondo. Se refiere a \u00e9l como su \u00abjefe\u00bb, su \u00abamigo\u00bb, alguien con quien ha compartido \u00abtoda una vida\u00bb. Lo mismo ocurre con Niti, quien le deja mensajes p\u00fablicos al diputado en los que firma \u00abtu amiga de toda la vida\u00bb.<\/p>\n\n\n<div class=\"wp-block-image\">\n<figure class=\"aligncenter size-full\"><a href=\"https:\/\/www.elsindical.com.ar\/notas\/var\/www\/html\/notas\/wp-content\/uploads\/2025\/12\/Matias-Pantanali-X-3.jpg\"><img loading=\"lazy\" decoding=\"async\" width=\"700\" height=\"744\" src=\"https:\/\/www.elsindical.com.ar\/notas\/var\/www\/html\/notas\/wp-content\/uploads\/2025\/12\/Matias-Pantanali-X-3.jpg\" alt=\"\" class=\"wp-image-141797\" srcset=\"https:\/\/www.elsindical.com.ar\/notas\/var\/www\/html\/notas\/wp-content\/uploads\/2025\/12\/Matias-Pantanali-X-3.jpg 700w, https:\/\/www.elsindical.com.ar\/notas\/var\/www\/html\/notas\/wp-content\/uploads\/2025\/12\/Matias-Pantanali-X-3-282x300.jpg 282w\" sizes=\"auto, (max-width: 700px) 100vw, 700px\" \/><\/a><\/figure>\n<\/div>\n\n<div class=\"wp-block-image\">\n<figure class=\"aligncenter size-full\"><a href=\"https:\/\/www.elsindical.com.ar\/notas\/var\/www\/html\/notas\/wp-content\/uploads\/2025\/12\/Matias-Pantanali-X-4.jpg\"><img loading=\"lazy\" decoding=\"async\" width=\"700\" height=\"722\" src=\"https:\/\/www.elsindical.com.ar\/notas\/var\/www\/html\/notas\/wp-content\/uploads\/2025\/12\/Matias-Pantanali-X-4.jpg\" alt=\"\" class=\"wp-image-141798\" srcset=\"https:\/\/www.elsindical.com.ar\/notas\/var\/www\/html\/notas\/wp-content\/uploads\/2025\/12\/Matias-Pantanali-X-4.jpg 700w, https:\/\/www.elsindical.com.ar\/notas\/var\/www\/html\/notas\/wp-content\/uploads\/2025\/12\/Matias-Pantanali-X-4-291x300.jpg 291w\" sizes=\"auto, (max-width: 700px) 100vw, 700px\" \/><\/a><\/figure>\n<\/div>\n\n<div class=\"wp-block-image\">\n<figure class=\"aligncenter size-full\"><a href=\"https:\/\/www.elsindical.com.ar\/notas\/var\/www\/html\/notas\/wp-content\/uploads\/2025\/12\/Cristian-Ritondo-X.jpg\"><img loading=\"lazy\" decoding=\"async\" width=\"700\" height=\"629\" src=\"https:\/\/www.elsindical.com.ar\/notas\/var\/www\/html\/notas\/wp-content\/uploads\/2025\/12\/Cristian-Ritondo-X.jpg\" alt=\"\" class=\"wp-image-141802\" srcset=\"https:\/\/www.elsindical.com.ar\/notas\/var\/www\/html\/notas\/wp-content\/uploads\/2025\/12\/Cristian-Ritondo-X.jpg 700w, https:\/\/www.elsindical.com.ar\/notas\/var\/www\/html\/notas\/wp-content\/uploads\/2025\/12\/Cristian-Ritondo-X-300x270.jpg 300w\" sizes=\"auto, (max-width: 700px) 100vw, 700px\" \/><\/a><\/figure>\n<\/div>\n\n<div class=\"wp-block-image\">\n<figure class=\"aligncenter size-full\"><a href=\"https:\/\/www.elsindical.com.ar\/notas\/var\/www\/html\/notas\/wp-content\/uploads\/2025\/12\/Ester-Julia-Iglesias-redes.jpg\"><img loading=\"lazy\" decoding=\"async\" width=\"1000\" height=\"496\" src=\"https:\/\/www.elsindical.com.ar\/notas\/var\/www\/html\/notas\/wp-content\/uploads\/2025\/12\/Ester-Julia-Iglesias-redes.jpg\" alt=\"\" class=\"wp-image-141803\" srcset=\"https:\/\/www.elsindical.com.ar\/notas\/var\/www\/html\/notas\/wp-content\/uploads\/2025\/12\/Ester-Julia-Iglesias-redes.jpg 1000w, https:\/\/www.elsindical.com.ar\/notas\/var\/www\/html\/notas\/wp-content\/uploads\/2025\/12\/Ester-Julia-Iglesias-redes-300x149.jpg 300w, https:\/\/www.elsindical.com.ar\/notas\/var\/www\/html\/notas\/wp-content\/uploads\/2025\/12\/Ester-Julia-Iglesias-redes-768x381.jpg 768w\" sizes=\"auto, (max-width: 1000px) 100vw, 1000px\" \/><\/a><\/figure>\n<\/div>\n\n\n<p>Bueno, resulta que <strong>Federico<\/strong>, el hijo del fiscal Taiano que debe investigar a Ritondo por enriquecimiento il\u00edcito en el marco de una denuncia que hizo HACE UN A\u00d1O M\u00f3nica Frade, de la Coalici\u00f3n C\u00edvica, luego de una <a href=\"https:\/\/www.eldiarioar.com\/unidad-de-investigacion\/esposa-ritondo-aparece-complejo-entramado-sociedades-adquirir-propiedades-estados-unidos_1_11882400.html\" target=\"_blank\" rel=\"noreferrer noopener\">tremenda investigaci\u00f3n period\u00edstica de Emilia Delfino para elDiarioAR<\/a>, Federico&#8230; <strong>es socio de Mat\u00edas Pantanali<\/strong>. Su amigo, como le dijo a La Justa. El que, seg\u00fan \u00e9l, lo llev\u00f3 a la legislatura, en donde le present\u00f3 a otro muchacho del que vamos a hablar enseguida. El 07\/03\/22, Taiano, Pantanali y un tercer socio (Claudio Sosa Iglesias, medio hermano de Mat\u00edas) conformaron la sociedad <strong>\u00abM y C hermanos SRL\u00bb<\/strong>, vinculada a la venta de carne. \u00abCompramos una franquicia de RES\u00bb, explic\u00f3 Federico ante consultas de este medio, \u00aby hace poco se la revendimos a la misma marca\u00bb.<\/p>\n\n\n\n<p>Hay otra firma en el mismo rubro. Se trata de <strong>\u00abLa Ol\u00edmpica del Sur SRL\u00bb<\/strong>, creada el 06\/07\/23 entre Taiano y Lucas Aschlacher, otro hincha de Chicago, amigo de Pantanali y empleado de la comuna 8, gui\u00f1o-gui\u00f1o. Y Pantanali, ya sin Taiano, maneja desde el 27\/05\/24 \u00abFranquicia de Carnes S.A.\u00bb con otro empleado de la ciudad, Carlos Dami\u00e1n Federico. Tienen varios locales de carnes premium. Tal vez aprendieron del asunto en Mataderos. And\u00e1 a saber. Taiano es de Barracas. Y seguro que Ritondo no tiene nada, absolutamente nada que ver con estos negocios. Nada.<\/p>\n\n\n\n<p>Siempre seg\u00fan Federico, fue ah\u00ed en la legislatura que Pantanali, su amigo de un amigo al que no recuerda c\u00f3mo conoci\u00f3, le present\u00f3 a otro Mat\u00edas&#8230; Ranzini. <strong>Mat\u00edas Ranzini<\/strong>. \u00bfQui\u00e9n es? Es <strong>la mano derecha de Ritondo<\/strong>. Hasta hace cinco minutos, <strong>jefe de bloque del PRO en la C\u00e1mara de Diputados bonaerense<\/strong>. Es <strong>uno de los privilegiados que entraron como directores del Banco Provincia<\/strong> con sueldos millonarios en la infame negociaci\u00f3n entre Kicillof y LLA\/PRO para aprobarle el presupuesto al gobernador.<\/p>\n\n\n\n<blockquote class=\"wp-block-quote is-layout-flow wp-block-quote-is-layout-flow\">\n<p><em>\u00bfA cambio de qu\u00e9? De carguitos para los amigos. Uno se lo llev\u00f3 Ranzini porque se le termin\u00f3 el mandato como legislador provincial y Ritondo ten\u00eda que acomodarlo en alg\u00fan lado. Antes, <strong>durante su estad\u00eda como ministro de seguridad de Vidal, Ranzini fue su virtual viceministro<\/strong>. El cargo se llamaba formalmente \u00abSubsecretario de Asuntos Institucionales\u00bb. <strong>\u00bfSab\u00e9s a qui\u00e9n ten\u00eda de subalterno all\u00ed Ranzini? Al bueno de Fede Taiano<\/strong>, director provincial primero de protecci\u00f3n ciudadana y luego de relaciones con la comunidad.<\/em><\/p>\n\n\n\n<p>Pues resulta ahora que <strong>con Ranzini tambi\u00e9n son socios<\/strong>. Taiano, digo. El hijo del fiscal que desde hace un a\u00f1o tiene planchada la causa de enriquecimiento il\u00edcito contra Ritondo. Parece joda, pero no. S\u00f3lo es otro d\u00eda m\u00e1s en la Argentina. Federico Taiano y Mat\u00edas Ranzini crearon una sociedad el 22\/05\/20, al terminar sus gestiones en 2019: <strong>\u00abRT Consultores y Asociados SRL\u00bb<\/strong>. \u00bfPor qu\u00e9 \u00abRT\u00bb?, le pregunt\u00f3 La Justa al hijo del fiscal. F\u00e1cil: por Ranzini y Taiano. No sean mal pensados, que ac\u00e1 Ritondo tampoco tiene nada, nada, nada que ver. Y, seg\u00fan Fede, tampoco tienen nada que ver ni Ritondo ni Ranzini en una sociedad de nombre casi hom\u00f3nimo que \u00e9l mismo creo poco despu\u00e9s, el 24\/09\/21, en el imposiblemente opaco estado de Delaware en USA: <strong>\u00abRT Strategies LLC\u00bb<\/strong>, a la que el 01\/10\/21 le abri\u00f3 una sucursal en Washington DC.<\/p>\n\n\n\n<blockquote class=\"wp-block-quote is-layout-flow wp-block-quote-is-layout-flow\">\n<p><em>\u00abLe puse el mismo nombre porque ven\u00eda de armar la SRL con Ranzini e iba a ser sencillo acordarme\u00bb, le indic\u00f3 Taiano a este medio. La sociedad en Delaware y su branch en Washington, agreg\u00f3, no tuvieron actividad cuentas ni bienes a su nombre. \u00abLa abr\u00ed porque me mud\u00e9 a Washington por razones familiares y pensaba hacer algo laboral, pero al final no se dio\u00bb. <strong>Le pregunt\u00e9, por supuesto, por qu\u00e9 abri\u00f3 una LLC en Delaware para trabajar en Washington<\/strong>, pero el hijo del fiscal (desconozco sus estudios), supuesto experto en ciberseguridad, bienes decomisados y otras yerbas de las que quien suscribe no sabe nada de nada de nada, me dijo \u00abno s\u00e9 exactamente c\u00f3mo funciona eso, le pagu\u00e9 a alguien que me arm\u00f3 la sociedad y es la misma empresa, pero no s\u00e9 por qu\u00e9 se abri\u00f3 en Delaware\u00bb. Aj\u00e1, quedamo&#8217; as\u00ed, experto.<\/em><\/p>\n<\/blockquote>\n<\/blockquote>\n\n\n\n<p>La sociedad se cerr\u00f3 en 2024, se\u00f1al\u00f3 Federico, antes de asumir en la AABE, adonde, seg\u00fan dijo, tambi\u00e9n lleg\u00f3 por un amigo de sus tiempos en la Corporaci\u00f3n Buenos Aires Sur: <strong>Nicol\u00e1s Pakgojz<\/strong>, titular del \u00e1rea con Milei que acaba de dejar la agencia para asumir como legislador porte\u00f1o por LLA. <strong>\u00a1Pucha que tiene amigos contactados el hijo del fiscal Taiano, che!<\/strong> Y fue, finalmente, <strong>otro amigazo, G\u00fcido Fracardi (creo que le agregan la di\u00e9resis para distinguirlo del modelo ex novio de, nos ponemos de pie, do\u00f1a Karina Olga Jelinek), un ex analista de la AFI en tiempos de Macri que ahora trabaja para el ex CIA Frank -amigo de Leo Scatturice- Holder.<\/strong><\/p>\n\n\n\n<figure class=\"wp-block-image size-large\"><a href=\"https:\/\/www.elsindical.com.ar\/notas\/var\/www\/html\/notas\/wp-content\/uploads\/2025\/12\/Guido-Francardi.png\"><img loading=\"lazy\" decoding=\"async\" width=\"1024\" height=\"556\" src=\"https:\/\/www.elsindical.com.ar\/notas\/var\/www\/html\/notas\/wp-content\/uploads\/2025\/12\/Guido-Francardi-1024x556.png\" alt=\"\" class=\"wp-image-141804\" srcset=\"https:\/\/www.elsindical.com.ar\/notas\/var\/www\/html\/notas\/wp-content\/uploads\/2025\/12\/Guido-Francardi-1024x556.png 1024w, https:\/\/www.elsindical.com.ar\/notas\/var\/www\/html\/notas\/wp-content\/uploads\/2025\/12\/Guido-Francardi-300x163.png 300w, https:\/\/www.elsindical.com.ar\/notas\/var\/www\/html\/notas\/wp-content\/uploads\/2025\/12\/Guido-Francardi-768x417.png 768w, https:\/\/www.elsindical.com.ar\/notas\/var\/www\/html\/notas\/wp-content\/uploads\/2025\/12\/Guido-Francardi-1536x834.png 1536w, https:\/\/www.elsindical.com.ar\/notas\/var\/www\/html\/notas\/wp-content\/uploads\/2025\/12\/Guido-Francardi.png 1878w\" sizes=\"auto, (max-width: 1024px) 100vw, 1024px\" \/><\/a><\/figure>\n\n\n\n<p>La cosa es que el amigo G\u00fcido, el ex SIDE a quien, me explic\u00f3 Fede, el hijo del fiscal federal Taiano, tampoco recuerda c\u00f3mo conoci\u00f3, G\u00fcido, digo bien, lo invit\u00f3 un d\u00eda all\u00e1 por marzo de este a\u00f1o a un evento del IEFA (International Economic Forum of the Americas) en Buenos Aires. Federico estaba buscando trabajo en Washington, de nuevo por razones familiares. Y en ese evento <strong>tuvo la incre\u00edble suerte de que su amigo G\u00fcido le present\u00f3 al mism\u00edsimo Frank Holder<\/strong>. <strong>Que G\u00fcido fuera un ex SIDE y que \u00e9l fuera el hijo del fiscal federal Eduardo Taiano son hechos de la obtusa realidad que no tuvieron nada, pero nada, absolutamente nada que ver con el encuentro ni con que, dos meses m\u00e1s tarde, Federico Taiano estuviese en Washington contratado como consultor experto por \u00abHolder Partners LLC\u00bb. \u00abTrabajo en research corporativo y estoy aprendiendo; hice un curso de ciberseguridad\u00bb, le dijo Taiano a La Justa. \u00ab\u00bfUn curso en d\u00f3nde?\u00bb, pregunt\u00e9, pero no hubo respuesta.<\/strong><\/p>\n\n\n\n<figure class=\"wp-block-image size-large\"><a href=\"https:\/\/www.elsindical.com.ar\/notas\/var\/www\/html\/notas\/wp-content\/uploads\/2025\/12\/Federico-Taiano.png\"><img loading=\"lazy\" decoding=\"async\" width=\"1024\" height=\"544\" src=\"https:\/\/www.elsindical.com.ar\/notas\/var\/www\/html\/notas\/wp-content\/uploads\/2025\/12\/Federico-Taiano-1024x544.png\" alt=\"\" class=\"wp-image-141805\" srcset=\"https:\/\/www.elsindical.com.ar\/notas\/var\/www\/html\/notas\/wp-content\/uploads\/2025\/12\/Federico-Taiano-1024x544.png 1024w, https:\/\/www.elsindical.com.ar\/notas\/var\/www\/html\/notas\/wp-content\/uploads\/2025\/12\/Federico-Taiano-300x159.png 300w, https:\/\/www.elsindical.com.ar\/notas\/var\/www\/html\/notas\/wp-content\/uploads\/2025\/12\/Federico-Taiano-768x408.png 768w, https:\/\/www.elsindical.com.ar\/notas\/var\/www\/html\/notas\/wp-content\/uploads\/2025\/12\/Federico-Taiano-1536x816.png 1536w, https:\/\/www.elsindical.com.ar\/notas\/var\/www\/html\/notas\/wp-content\/uploads\/2025\/12\/Federico-Taiano.png 1902w\" sizes=\"auto, (max-width: 1024px) 100vw, 1024px\" \/><\/a><\/figure>\n\n\n\n<p>As\u00ed estamos, pa\u00eds. Si Taiano debe o no excusarse o ser recusado en los t\u00e9rminos del art. 71 del C\u00f3digo Procesal Penal (y, por tanto, del art. 55 que regula las causales de inhibici\u00f3n de los jueces) lo dejo, como dijo la ya mencionada pr\u00f3cer Jelinek, a tu criterio. Si me pregunt\u00e1s a m\u00ed, \u00bfqu\u00e9 duda cabe, Mam\u00e1 Cora?<\/p>\n\n\n<div class=\"wp-block-image\">\n<figure class=\"aligncenter size-full\"><a href=\"https:\/\/www.elsindical.com.ar\/notas\/var\/www\/html\/notas\/wp-content\/uploads\/2025\/12\/Art-55-Codiigo-Procesal-Penal.jpg\"><img loading=\"lazy\" decoding=\"async\" width=\"700\" height=\"687\" src=\"https:\/\/www.elsindical.com.ar\/notas\/var\/www\/html\/notas\/wp-content\/uploads\/2025\/12\/Art-55-Codiigo-Procesal-Penal.jpg\" alt=\"\" class=\"wp-image-141806\" srcset=\"https:\/\/www.elsindical.com.ar\/notas\/var\/www\/html\/notas\/wp-content\/uploads\/2025\/12\/Art-55-Codiigo-Procesal-Penal.jpg 700w, https:\/\/www.elsindical.com.ar\/notas\/var\/www\/html\/notas\/wp-content\/uploads\/2025\/12\/Art-55-Codiigo-Procesal-Penal-300x294.jpg 300w, https:\/\/www.elsindical.com.ar\/notas\/var\/www\/html\/notas\/wp-content\/uploads\/2025\/12\/Art-55-Codiigo-Procesal-Penal-50x50.jpg 50w\" sizes=\"auto, (max-width: 700px) 100vw, 700px\" \/><\/a><\/figure>\n<\/div>\n\n\n<p>Les dejo, como siempre, el <a target=\"_blank\" rel=\"noreferrer noopener\" href=\"https:\/\/drive.google.com\/drive\/folders\/1cxGCYP73DrbH4VKtNFWa9AdxisS6vawF?usp=sharing\">link a la documentaci\u00f3n completa de la investigaci\u00f3n<\/a> por si ven algo que yo no vi. Y no se olviden de que <strong>La Justa no recibe pauta de ning\u00fan gobierno, de empresas p\u00fablicas o mixtas, de sindicatos ni de empresas de servicios p\u00fablicos o vinculadas al juego<\/strong>.<\/p>\n\n\n\n<p>As\u00ed que acordate: banc\u00e1 el periodismo independiente de verdad.<\/p>\n\n\n\n<p><strong>Banc\u00e1 a La Justa!<\/strong><\/p>\n\n\n\n<h2 class=\"wp-block-heading\">BANC\u00c1 A LA JUSTA<\/h2>\n\n\n\n<p>Desde Argentina<\/p>\n\n\n\n<p><a target=\"_blank\" href=\"https:\/\/www.mercadopago.com.ar\/subscriptions\/checkout?preapproval_plan_id=2c9380849763dae001976bb14ba2031d\" rel=\"noreferrer noopener\">$ 5.000POR MES<\/a><a target=\"_blank\" href=\"https:\/\/www.mercadopago.com.ar\/subscriptions\/checkout?preapproval_plan_id=2c9380849764e81a01976bb1a6e402c6\" rel=\"noreferrer noopener\">$ 8.000POR MES<\/a><a target=\"_blank\" href=\"https:\/\/www.mercadopago.com.ar\/subscriptions\/checkout?preapproval_plan_id=2c9380849763dae001976ec4495d0412\" rel=\"noreferrer noopener\">$ 12.000POR MES<\/a><a target=\"_blank\" href=\"https:\/\/www.mercadopago.com.ar\/subscriptions\/checkout?preapproval_plan_id=2c938084976a0ea101976bb1fdc400be\" rel=\"noreferrer noopener\"> OTROPOR MES<\/a><\/p>\n\n\n\n<p>Desde cualquier parte del mundo<\/p>\n\n\n\n<p><a target=\"_blank\" href=\"https:\/\/www.paypal.com\/donate\/?hosted_button_id=4KBJ22CD6QXGY\" rel=\"noreferrer noopener\">PAYPALPOR MES<\/a><\/p>\n\n\n\n<h3 class=\"wp-block-heading\">NATALIA VOLOSIN<\/h3>\n\n\n\n<p>Para charlas, eventos, consultor\u00eda y<br>capacitaciones, escribime a<br>LAJUSTA@NATALIAVOLOSIN.COM<\/p>\n\n\n\n<p><a target=\"_blank\" href=\"https:\/\/www.instagram.com\/nataliavolosin\/\" rel=\"noreferrer noopener\"><\/a><\/p>\n","protected":false},"excerpt":{"rendered":"<p>Una investigaci\u00f3n period\u00edstica valiente y comprometida, de lo mejor que uno puede leer en medio de tanto descr\u00e9dito del periodismo local. Los que puedan apoyen a la periodista y su trabajo. Federico Taiano es socio del ahijado pol\u00edtico y de la mano derecha de Cristian Ritondo mientras su padre tiene planchada una causa por enriquecimiento&hellip;<\/p>\n","protected":false},"author":1,"featured_media":141793,"comment_status":"open","ping_status":"open","sticky":false,"template":"","format":"standard","meta":{"footnotes":""},"categories":[1,12,13],"tags":[14466,2450,46446,46444,18667,46447,46448,40628,46445,30855,25295,328],"class_list":["post-141792","post","type-post","status-publish","format-standard","has-post-thumbnail","hentry","category-destacadas","category-investigacion","category-politica","tag-cristian-ritondo","tag-diario-el-sindical","tag-ester-julia-iglesias","tag-federico-nicolas-taiano","tag-fiscal-federal-eduardo-taiano","tag-guido-francardi","tag-la-justa","tag-lla","tag-matias-pantanali","tag-monica-frade","tag-natalia-volosin","tag-pro"],"_links":{"self":[{"href":"https:\/\/www.elsindical.com.ar\/notas\/wp-json\/wp\/v2\/posts\/141792","targetHints":{"allow":["GET"]}}],"collection":[{"href":"https:\/\/www.elsindical.com.ar\/notas\/wp-json\/wp\/v2\/posts"}],"about":[{"href":"https:\/\/www.elsindical.com.ar\/notas\/wp-json\/wp\/v2\/types\/post"}],"author":[{"embeddable":true,"href":"https:\/\/www.elsindical.com.ar\/notas\/wp-json\/wp\/v2\/users\/1"}],"replies":[{"embeddable":true,"href":"https:\/\/www.elsindical.com.ar\/notas\/wp-json\/wp\/v2\/comments?post=141792"}],"version-history":[{"count":2,"href":"https:\/\/www.elsindical.com.ar\/notas\/wp-json\/wp\/v2\/posts\/141792\/revisions"}],"predecessor-version":[{"id":141807,"href":"https:\/\/www.elsindical.com.ar\/notas\/wp-json\/wp\/v2\/posts\/141792\/revisions\/141807"}],"wp:featuredmedia":[{"embeddable":true,"href":"https:\/\/www.elsindical.com.ar\/notas\/wp-json\/wp\/v2\/media\/141793"}],"wp:attachment":[{"href":"https:\/\/www.elsindical.com.ar\/notas\/wp-json\/wp\/v2\/media?parent=141792"}],"wp:term":[{"taxonomy":"category","embeddable":true,"href":"https:\/\/www.elsindical.com.ar\/notas\/wp-json\/wp\/v2\/categories?post=141792"},{"taxonomy":"post_tag","embeddable":true,"href":"https:\/\/www.elsindical.com.ar\/notas\/wp-json\/wp\/v2\/tags?post=141792"}],"curies":[{"name":"wp","href":"https:\/\/api.w.org\/{rel}","templated":true}]}}