{"id":141738,"date":"2025-12-14T19:43:19","date_gmt":"2025-12-14T22:43:19","guid":{"rendered":"https:\/\/www.elsindical.com.ar\/notas\/?p=141738"},"modified":"2025-12-14T20:01:49","modified_gmt":"2025-12-14T23:01:49","slug":"pinamar-la-ordenanza-fausto-expone-al-intendente-juan-manuel-ibarguren-como-un-tramposo-politico","status":"publish","type":"post","link":"https:\/\/www.elsindical.com.ar\/notas\/pinamar-la-ordenanza-fausto-expone-al-intendente-juan-manuel-ibarguren-como-un-tramposo-politico\/","title":{"rendered":"Pinamar: La Ordenanza Fausto expone al intendente Juan Manuel Ibarguren como un tramposo pol\u00edtico"},"content":{"rendered":"<div class=\"wp-block-image\">\n<figure class=\"aligncenter size-full\"><a href=\"https:\/\/www.elsindical.com.ar\/notas\/var\/www\/html\/notas\/wp-content\/uploads\/2025\/12\/Justicia-por-Fausto-diciembre-2025.jpg\"><img loading=\"lazy\" decoding=\"async\" width=\"650\" height=\"649\" src=\"https:\/\/www.elsindical.com.ar\/notas\/var\/www\/html\/notas\/wp-content\/uploads\/2025\/12\/Justicia-por-Fausto-diciembre-2025.jpg\" alt=\"\" class=\"wp-image-141739\" srcset=\"https:\/\/www.elsindical.com.ar\/notas\/var\/www\/html\/notas\/wp-content\/uploads\/2025\/12\/Justicia-por-Fausto-diciembre-2025.jpg 650w, https:\/\/www.elsindical.com.ar\/notas\/var\/www\/html\/notas\/wp-content\/uploads\/2025\/12\/Justicia-por-Fausto-diciembre-2025-300x300.jpg 300w, https:\/\/www.elsindical.com.ar\/notas\/var\/www\/html\/notas\/wp-content\/uploads\/2025\/12\/Justicia-por-Fausto-diciembre-2025-150x150.jpg 150w, https:\/\/www.elsindical.com.ar\/notas\/var\/www\/html\/notas\/wp-content\/uploads\/2025\/12\/Justicia-por-Fausto-diciembre-2025-50x50.jpg 50w\" sizes=\"auto, (max-width: 650px) 100vw, 650px\" \/><\/a><\/figure>\n<\/div>\n\n\n<p>   La <strong>Ordenanza Fausto<\/strong> votada entre dientes por los concejales de Pinamar, entr\u00f3 en una etapa donde todo es confuso y poco transparente, el intendente ha demostrado con su propia conducta y con las directivas a sus cuadros pol\u00edticos, que el tema de <strong>Fausto Maldonado<\/strong> no es de su inter\u00e9s.<\/p>\n\n\n\n<p>Alineado con el anterior intendente <strong>Mart\u00edn Yeza<\/strong> y m\u00e1ximo responsable de la muerte de Fausto por no controlar las obras y peor a\u00fan por hacer todo para encubrir las negligencias con un aparato pol\u00edtico donde en un pueblo como Pinamar todos se conocen y los que viven del poder todos deben favores.<\/p>\n\n\n\n<p>As\u00ed desde el comienzo de la lucha de su madre <strong>Carina Zabala<\/strong> por reclamar justicia, todos los mencionados apuntaron a ella, como un objetivo a desacreditar y desgastar, los primeros en ponerse a disposici\u00f3n de los responsables e imputados fueron el Jueza del <strong>Juzgado de Paz <\/strong>y su secretario, ambos con v\u00ednculos con los abogados y hasta con alguno de los imputados, al parecer estos abogados no aprendieron en la carrera lo que es un conflicto de intereses.<\/p>\n\n\n\n<p>M\u00e1s a\u00fan, para no solo desacreditar y limitar los reclamos usando cobardemente el aparato judicial, involucraron a la polic\u00eda, como si en Pinamar no hubiera actividades m\u00e1s relevantes para una polic\u00eda que arrastra en su historial local una mancha indeleble en el asesinato del reportero <strong>Jos\u00e9 Luis Cabezas<\/strong>, donde curiosamente y sin una explicaci\u00f3n coherente, algunos de los condenados por la justicia, al salir de prisi\u00f3n hoy son empresarios en Pinamar, con un patrimonio dif\u00edcil de entender en un ex presidiario y code\u00e1ndose con el poder, empresarios de justamente el rubro inmobiliario y de la construcci\u00f3n m\u00e1s el poder pol\u00edtico.<\/p>\n\n\n\n<p>Parece que muchos tienen una fr\u00e1gil memoria y moral, donde es m\u00e1s peligrosa para los del c\u00edrculo del poder una madre reclamando justicia que peligrosos criminales que actuaron como mercenarios o es que son necesarios para algunos esa mano de obra dispuesta a hacer lo que sea.<\/p>\n\n\n\n<p><strong>Juan Manuel Ibarguren<\/strong> ya ha perdido lo poco que de verg\u00fcenza tiene una persona de bien, porque literalmente se ha cagado en el amor de una madre por su hijo, \u00e9l que le gusta mostrarse como un padre perfecto y es evidente que su esposa <strong>Catalina Mielke <\/strong>es de su misma cala\u00f1a por no tener un m\u00ednimo de empat\u00eda por otra madre, as\u00ed que de semejantes personajes no esperemos que el fruto caiga lejos del \u00e1rbol.<\/p>\n\n\n\n<figure class=\"wp-block-image size-large\"><a href=\"https:\/\/www.elsindical.com.ar\/notas\/var\/www\/html\/notas\/wp-content\/uploads\/2025\/12\/Catalina-y-Juan-Manuel.jpeg\"><img loading=\"lazy\" decoding=\"async\" width=\"1024\" height=\"768\" src=\"https:\/\/www.elsindical.com.ar\/notas\/var\/www\/html\/notas\/wp-content\/uploads\/2025\/12\/Catalina-y-Juan-Manuel-1024x768.jpeg\" alt=\"\" class=\"wp-image-141740\" srcset=\"https:\/\/www.elsindical.com.ar\/notas\/var\/www\/html\/notas\/wp-content\/uploads\/2025\/12\/Catalina-y-Juan-Manuel-1024x768.jpeg 1024w, https:\/\/www.elsindical.com.ar\/notas\/var\/www\/html\/notas\/wp-content\/uploads\/2025\/12\/Catalina-y-Juan-Manuel-300x225.jpeg 300w, https:\/\/www.elsindical.com.ar\/notas\/var\/www\/html\/notas\/wp-content\/uploads\/2025\/12\/Catalina-y-Juan-Manuel-768x576.jpeg 768w, https:\/\/www.elsindical.com.ar\/notas\/var\/www\/html\/notas\/wp-content\/uploads\/2025\/12\/Catalina-y-Juan-Manuel.jpeg 1440w\" sizes=\"auto, (max-width: 1024px) 100vw, 1024px\" \/><\/a><\/figure>\n\n\n\n<p>La mencionada Ordenanza, trae al Pueblo de Pinamar una respuesta necesaria ante los incumplimientos, que son delitos, de los funcionarios encargados de hacer cumplir la Ley y las normativas de seguridad, es un parche justo a ese limbo donde todos, incluyendo a los funcionarios judiciales juegan a los distra\u00eddos para hacer cumplir la Ley. Pero ni siquiera aceptan una Ordenanza que intentar\u00e1 poner algo de orden en un caos criminal donde la salud y la vida de los obreros de la construcci\u00f3n est\u00e1 expuesta en primer orden y luego la de cualquier vecino, como ocurri\u00f3 en el barrio de Villa del Parque en CABA, hace unos d\u00edas conde una joven muri\u00f3 por una madera de una obra sin controles cay\u00f3 y golpe\u00f3 su cabeza, en ese caso la obra tambi\u00e9n tiene una inversi\u00f3n millonaria, con una constructora VIP y reconocidos arquitectos.<\/p>\n\n\n\n<p>En conclusi\u00f3n, Juan Manuel Ibarguren, ha decidido pasar a la historia de Pinamar como un intendente m\u00e1s de esa saga de jefes comunales sospechados de estar vinculados a la corrupci\u00f3n.<\/p>\n\n\n\n<h2 class=\"wp-block-heading\">Public\u00f3 Carina Zabala<\/h2>\n\n\n\n<h2 class=\"wp-block-heading\">Audiencia con el intendente Santoro .<\/h2>\n\n\n\n<figure class=\"wp-block-embed is-type-video is-provider-youtube wp-block-embed-youtube wp-embed-aspect-16-9 wp-has-aspect-ratio\"><div class=\"wp-block-embed__wrapper\">\n<iframe loading=\"lazy\" title=\"Justicia por Fausto reuni\u00f3n deCarina Zabala con el intendente de Madariaga\" width=\"700\" height=\"394\" src=\"https:\/\/www.youtube.com\/embed\/kdhYAxxcrug?feature=oembed\" frameborder=\"0\" allow=\"accelerometer; autoplay; clipboard-write; encrypted-media; gyroscope; picture-in-picture; web-share\" referrerpolicy=\"strict-origin-when-cross-origin\" allowfullscreen><\/iframe>\n<\/div><\/figure>\n\n\n\n<p>Fue una audiencia sumamente positiva para esta lucha que llevo adelante hace tanto tiempo. Gracias al intendente de Gral. Madariaga <a><\/a>Esteban Santoro por recibirme.<\/p>\n\n\n\n<p><a href=\"https:\/\/www.facebook.com\/watch\/hashtag\/justiciaporfausto?__eep__=6%2F&amp;__cft__[0]=AZbpF-tC52gvbAN0WpbtoYemtMOLxIxSt8dbAtSwNnRo2ZHf9yJ2c7HeSAbBxUz896Hv7VMQBZ4xYBKBdAIQTLoI7VBsal6dc8BN5_ZchvLO7mZsiH8B5mBfy4E9IhJ5Zm8LB2yGBFS_zbywzaZDMfUTWKBS9hPQZtWUIbz87xOBfF3OWvWeCmY34xjyxQ4f6iaXARFVeD7Owa-LGhlOpPLk&amp;__tn__=*NK-R\">#justiciaporFausto<\/a><\/p>\n\n\n\n<p><a href=\"https:\/\/www.facebook.com\/watch\/hashtag\/ordenanzafausto?__eep__=6%2F&amp;__cft__[0]=AZbpF-tC52gvbAN0WpbtoYemtMOLxIxSt8dbAtSwNnRo2ZHf9yJ2c7HeSAbBxUz896Hv7VMQBZ4xYBKBdAIQTLoI7VBsal6dc8BN5_ZchvLO7mZsiH8B5mBfy4E9IhJ5Zm8LB2yGBFS_zbywzaZDMfUTWKBS9hPQZtWUIbz87xOBfF3OWvWeCmY34xjyxQ4f6iaXARFVeD7Owa-LGhlOpPLk&amp;__tn__=*NK-R\">#OrdenanzaFausto<\/a><a href=\"https:\/\/www.facebook.com\/watch\/hashtag\/seguridadobrasenconstruccion?__eep__=6%2F&amp;__cft__[0]=AZbpF-tC52gvbAN0WpbtoYemtMOLxIxSt8dbAtSwNnRo2ZHf9yJ2c7HeSAbBxUz896Hv7VMQBZ4xYBKBdAIQTLoI7VBsal6dc8BN5_ZchvLO7mZsiH8B5mBfy4E9IhJ5Zm8LB2yGBFS_zbywzaZDMfUTWKBS9hPQZtWUIbz87xOBfF3OWvWeCmY34xjyxQ4f6iaXARFVeD7Owa-LGhlOpPLk&amp;__tn__=*NK-R\">#seguridadobrasenconstruccion<\/a><\/p>\n\n\n\n<h2 class=\"wp-block-heading\">Ordenanza h\u00edbrida<\/h2>\n\n\n\n<figure class=\"wp-block-embed is-type-video is-provider-youtube wp-block-embed-youtube wp-embed-aspect-16-9 wp-has-aspect-ratio\"><div class=\"wp-block-embed__wrapper\">\n<iframe loading=\"lazy\" title=\"Ordenanza Fausto y el tramposo intendente de Pinamar Juan Manuel Ibarguren\" width=\"700\" height=\"394\" src=\"https:\/\/www.youtube.com\/embed\/qKnR3JrNpH0?feature=oembed\" frameborder=\"0\" allow=\"accelerometer; autoplay; clipboard-write; encrypted-media; gyroscope; picture-in-picture; web-share\" referrerpolicy=\"strict-origin-when-cross-origin\" allowfullscreen><\/iframe>\n<\/div><\/figure>\n\n\n\n<p>El intendente IIbarguren ya dej\u00f3 claro que no va a vetarla,<\/p>\n\n\n\n<p>pero quiere convertirla en una ordenanza h\u00edbrida:<\/p>\n\n\n\n<p><a><\/a>una norma aprobada para la foto,<\/p>\n\n\n\n<p>pero sin fiscalizaci\u00f3n real.<\/p>\n\n\n\n<p>La prevenci\u00f3n no frena inversi\u00f3n,<\/p>\n\n\n\n<p>al contrario:<\/p>\n\n\n\n<p>protege a los trabajadores y da seguridad jur\u00eddica a quienes invierten.<\/p>\n\n\n\n<p>Si el Ejecutivo intenta vaciar su contenido o evita controlar,<\/p>\n\n\n\n<p>vamos a la calle.<\/p>\n\n\n\n<p>Yo los observo.<\/p>\n\n\n\n<p><a href=\"https:\/\/www.facebook.com\/watch\/hashtag\/justiciaporfausto?__eep__=6%2F&amp;__cft__[0]=AZauQgzgRegarSbsGjSbvgWG6zrwRXDOkh82YbViIJLVxLwt6nfAFk6uf2G8y8g9Gd37f3_Q36osdUNjldbkmuiVzvWe1_18ob4_eFqFhv4xDWt4NmOxx4caR1mp3IVQB6Q0deXbiv8K8P0DU6Lse8lsiwle7BbJmhTGqjQkgj9oZBzKoWJ-ZFOD-l7QjS5MXv8GaRuVmwAOW6wiMGJD0_mZ&amp;__tn__=*NK-R\">#JusticiaPorFausto<\/a><\/p>\n\n\n\n<p><a href=\"https:\/\/www.facebook.com\/watch\/hashtag\/ordenanzafausto?__eep__=6%2F&amp;__cft__[0]=AZauQgzgRegarSbsGjSbvgWG6zrwRXDOkh82YbViIJLVxLwt6nfAFk6uf2G8y8g9Gd37f3_Q36osdUNjldbkmuiVzvWe1_18ob4_eFqFhv4xDWt4NmOxx4caR1mp3IVQB6Q0deXbiv8K8P0DU6Lse8lsiwle7BbJmhTGqjQkgj9oZBzKoWJ-ZFOD-l7QjS5MXv8GaRuVmwAOW6wiMGJD0_mZ&amp;__tn__=*NK-R\">#OrdenanzaFausto<\/a><\/p>\n\n\n\n<p><a href=\"https:\/\/www.facebook.com\/watch\/hashtag\/seguridadobrasenconstruccion?__eep__=6%2F&amp;__cft__[0]=AZauQgzgRegarSbsGjSbvgWG6zrwRXDOkh82YbViIJLVxLwt6nfAFk6uf2G8y8g9Gd37f3_Q36osdUNjldbkmuiVzvWe1_18ob4_eFqFhv4xDWt4NmOxx4caR1mp3IVQB6Q0deXbiv8K8P0DU6Lse8lsiwle7BbJmhTGqjQkgj9oZBzKoWJ-ZFOD-l7QjS5MXv8GaRuVmwAOW6wiMGJD0_mZ&amp;__tn__=*NK-R\">#seguridadobrasenconstruccion<\/a><\/p>\n\n\n\n<h2 class=\"wp-block-heading\">Se r\u00eden en nuestras caras.<\/h2>\n\n\n\n<figure class=\"wp-block-embed is-type-video is-provider-youtube wp-block-embed-youtube wp-embed-aspect-16-9 wp-has-aspect-ratio\"><div class=\"wp-block-embed__wrapper\">\n<iframe loading=\"lazy\" title=\"Pinamar sirenazo 81 frente al municipio JUsticia por Fausto\" width=\"700\" height=\"394\" src=\"https:\/\/www.youtube.com\/embed\/Vc2tenrTvMI?feature=oembed\" frameborder=\"0\" allow=\"accelerometer; autoplay; clipboard-write; encrypted-media; gyroscope; picture-in-picture; web-share\" referrerpolicy=\"strict-origin-when-cross-origin\" allowfullscreen><\/iframe>\n<\/div><\/figure>\n\n\n\n<p>Est\u00e1 a la vista cu\u00e1les son las prioridades y los intereses de los funcionarios de Pinamar.<\/p>\n\n\n\n<p><a><\/a>La impunidad les permite hacer UN SHOW de la NEGLIGENCIA EMPRESARIAL, y de su incumplimiento de deberes de funcionarios p\u00fablicos.<\/p>\n\n\n\n<p><a href=\"https:\/\/www.facebook.com\/watch\/hashtag\/ordenanzafausto?__eep__=6%2F&amp;__cft__[0]=AZbN3vG5EvqJbfgBahjiIkcfjGRbUo0r7896p5lQruG4D0X1D0a0RnDRYGEuXmXlxOdmVR-nyOvwDY3GU4dnaHdEDAfSB-uloFl6RbQEx3wlcXo-KM-UFNIOWiOPMaihW5oh9R4wbU5mFue2AQ5_SWoT6iias_4Z9YL-9ZC39FDWaaMNcjWehww73KXKCNhv-ORFhLdgWO29w4JrkupSDWZI&amp;__tn__=*NK-R\">#OrdenanzaFausto<\/a> Ya!<\/p>\n\n\n\n<p><a href=\"https:\/\/www.facebook.com\/watch\/hashtag\/justiciaporfausto?__eep__=6%2F&amp;__cft__[0]=AZbN3vG5EvqJbfgBahjiIkcfjGRbUo0r7896p5lQruG4D0X1D0a0RnDRYGEuXmXlxOdmVR-nyOvwDY3GU4dnaHdEDAfSB-uloFl6RbQEx3wlcXo-KM-UFNIOWiOPMaihW5oh9R4wbU5mFue2AQ5_SWoT6iias_4Z9YL-9ZC39FDWaaMNcjWehww73KXKCNhv-ORFhLdgWO29w4JrkupSDWZI&amp;__tn__=*NK-R\">#justiciaporFausto<\/a><\/p>\n\n\n\n<p><a href=\"https:\/\/www.facebook.com\/watch\/hashtag\/ordenanzafausto?__eep__=6%2F&amp;__cft__[0]=AZbN3vG5EvqJbfgBahjiIkcfjGRbUo0r7896p5lQruG4D0X1D0a0RnDRYGEuXmXlxOdmVR-nyOvwDY3GU4dnaHdEDAfSB-uloFl6RbQEx3wlcXo-KM-UFNIOWiOPMaihW5oh9R4wbU5mFue2AQ5_SWoT6iias_4Z9YL-9ZC39FDWaaMNcjWehww73KXKCNhv-ORFhLdgWO29w4JrkupSDWZI&amp;__tn__=*NK-R\">#OrdenanzaFausto<\/a><a href=\"https:\/\/www.facebook.com\/watch\/hashtag\/seguridadobrasenconstruccion?__eep__=6%2F&amp;__cft__[0]=AZbN3vG5EvqJbfgBahjiIkcfjGRbUo0r7896p5lQruG4D0X1D0a0RnDRYGEuXmXlxOdmVR-nyOvwDY3GU4dnaHdEDAfSB-uloFl6RbQEx3wlcXo-KM-UFNIOWiOPMaihW5oh9R4wbU5mFue2AQ5_SWoT6iias_4Z9YL-9ZC39FDWaaMNcjWehww73KXKCNhv-ORFhLdgWO29w4JrkupSDWZI&amp;__tn__=*NK-R\">#seguridadobrasenconstruccion<\/a><\/p>\n\n\n\n<h2 class=\"wp-block-heading\">28 meses sin Fausto<\/h2>\n\n\n\n<figure class=\"wp-block-embed is-type-video is-provider-youtube wp-block-embed-youtube wp-embed-aspect-16-9 wp-has-aspect-ratio\"><div class=\"wp-block-embed__wrapper\">\n<iframe loading=\"lazy\" title=\"Pinamar sirenazo 93 frente al Positive Tower 3 &amp; 4\" width=\"700\" height=\"394\" src=\"https:\/\/www.youtube.com\/embed\/RAuRW61KdUU?feature=oembed\" frameborder=\"0\" allow=\"accelerometer; autoplay; clipboard-write; encrypted-media; gyroscope; picture-in-picture; web-share\" referrerpolicy=\"strict-origin-when-cross-origin\" allowfullscreen><\/iframe>\n<\/div><\/figure>\n\n\n\n<p>28 meses sin Fausto<\/p>\n\n\n\n<p>28 meses sin justicia<\/p>\n\n\n\n<p><a><\/a>28 meses de dolor<\/p>\n\n\n\n<p>28 meses que me quitaron el poder abrazar y besar a mi hijo Fausto<\/p>\n\n\n\n<p><a href=\"https:\/\/www.facebook.com\/watch\/hashtag\/justiciaporfausto?__eep__=6%2F&amp;__cft__[0]=AZaiiMC_iFEzOVAC_dX3LO4GX0tsx2zDEHyMBZW31FIHsZVYUDrfFe6UjDuXYq7s9HF6L1mtLInKTfqNBHl2YFjejEtI19ue6d8XE9iZgV-r6vpQedR2m_CHEn6EjXqL-xEh-Oc7JDw-FQJIaZ1s6EhudRZtEjgHobgs3q9KsPml2JBLy9EcBvFfNlhDCL_EIMkgpgelkM0t2DvZNg6CxyXR&amp;__tn__=*NK-R\">#justiciaporFausto<\/a><\/p>\n\n\n\n<p><a href=\"https:\/\/www.facebook.com\/watch\/hashtag\/ordenanzafausto?__eep__=6%2F&amp;__cft__[0]=AZaiiMC_iFEzOVAC_dX3LO4GX0tsx2zDEHyMBZW31FIHsZVYUDrfFe6UjDuXYq7s9HF6L1mtLInKTfqNBHl2YFjejEtI19ue6d8XE9iZgV-r6vpQedR2m_CHEn6EjXqL-xEh-Oc7JDw-FQJIaZ1s6EhudRZtEjgHobgs3q9KsPml2JBLy9EcBvFfNlhDCL_EIMkgpgelkM0t2DvZNg6CxyXR&amp;__tn__=*NK-R\">#OrdenanzaFausto<\/a><a href=\"https:\/\/www.facebook.com\/watch\/hashtag\/seguridadobrasenconstruccion?__eep__=6%2F&amp;__cft__[0]=AZaiiMC_iFEzOVAC_dX3LO4GX0tsx2zDEHyMBZW31FIHsZVYUDrfFe6UjDuXYq7s9HF6L1mtLInKTfqNBHl2YFjejEtI19ue6d8XE9iZgV-r6vpQedR2m_CHEn6EjXqL-xEh-Oc7JDw-FQJIaZ1s6EhudRZtEjgHobgs3q9KsPml2JBLy9EcBvFfNlhDCL_EIMkgpgelkM0t2DvZNg6CxyXR&amp;__tn__=*NK-R\">#seguridadobrasenconstruccion<\/a><\/p>\n","protected":false},"excerpt":{"rendered":"<p>La Ordenanza Fausto votada entre dientes por los concejales de Pinamar, entr\u00f3 en una etapa donde todo es confuso y poco transparente, el intendente ha demostrado con su propia conducta y con las directivas a sus cuadros pol\u00edticos, que el tema de Fausto Maldonado no es de su inter\u00e9s. Alineado con el anterior intendente Mart\u00edn&hellip;<\/p>\n","protected":false},"author":1,"featured_media":141739,"comment_status":"open","ping_status":"open","sticky":false,"template":"","format":"standard","meta":{"footnotes":""},"categories":[10,13,25],"tags":[46428,1451,2450,44736,16587,44667,44811,41,44708,6232,23966,45023,46355,1516,1228],"class_list":["post-141738","post","type-post","status-publish","format-standard","has-post-thumbnail","hentry","category-editorial","category-politica","category-sociedad","tag-catalina-mielke","tag-corrupcion","tag-diario-el-sindical","tag-gustavo-gabriel-mari","tag-hcd","tag-ivan-renkine","tag-juan-manuel-ibarguren","tag-justicia","tag-justicia-por-fausto","tag-madariaga","tag-martin-yeza","tag-nicolas-villalba","tag-ordenanza-fausto","tag-pinamar","tag-uocra"],"_links":{"self":[{"href":"https:\/\/www.elsindical.com.ar\/notas\/wp-json\/wp\/v2\/posts\/141738","targetHints":{"allow":["GET"]}}],"collection":[{"href":"https:\/\/www.elsindical.com.ar\/notas\/wp-json\/wp\/v2\/posts"}],"about":[{"href":"https:\/\/www.elsindical.com.ar\/notas\/wp-json\/wp\/v2\/types\/post"}],"author":[{"embeddable":true,"href":"https:\/\/www.elsindical.com.ar\/notas\/wp-json\/wp\/v2\/users\/1"}],"replies":[{"embeddable":true,"href":"https:\/\/www.elsindical.com.ar\/notas\/wp-json\/wp\/v2\/comments?post=141738"}],"version-history":[{"count":2,"href":"https:\/\/www.elsindical.com.ar\/notas\/wp-json\/wp\/v2\/posts\/141738\/revisions"}],"predecessor-version":[{"id":141743,"href":"https:\/\/www.elsindical.com.ar\/notas\/wp-json\/wp\/v2\/posts\/141738\/revisions\/141743"}],"wp:featuredmedia":[{"embeddable":true,"href":"https:\/\/www.elsindical.com.ar\/notas\/wp-json\/wp\/v2\/media\/141739"}],"wp:attachment":[{"href":"https:\/\/www.elsindical.com.ar\/notas\/wp-json\/wp\/v2\/media?parent=141738"}],"wp:term":[{"taxonomy":"category","embeddable":true,"href":"https:\/\/www.elsindical.com.ar\/notas\/wp-json\/wp\/v2\/categories?post=141738"},{"taxonomy":"post_tag","embeddable":true,"href":"https:\/\/www.elsindical.com.ar\/notas\/wp-json\/wp\/v2\/tags?post=141738"}],"curies":[{"name":"wp","href":"https:\/\/api.w.org\/{rel}","templated":true}]}}