{"id":14168,"date":"2011-05-10T15:59:40","date_gmt":"2011-05-10T18:59:40","guid":{"rendered":"http:\/\/www.elsindical.com.ar\/notas\/?p=14168"},"modified":"2011-05-10T15:59:40","modified_gmt":"2011-05-10T18:59:40","slug":"el-asesino-de-soledad-bargna-confeso-en-el-juicio-oral","status":"publish","type":"post","link":"https:\/\/www.elsindical.com.ar\/notas\/el-asesino-de-soledad-bargna-confeso-en-el-juicio-oral\/","title":{"rendered":"El asesino de Soledad Bargna confes\u00f3 en el juicio oral"},"content":{"rendered":"<div id=\"bajada\">\n<p style=\"text-align: justify;\"><em><a href=\"http:\/\/www.elsindical.com.ar\/notas\/var\/www\/html\/notas\/wp-content\/uploads\/2011\/05\/Marcelo-Pablo-D\u00edaz.jpg\"><img loading=\"lazy\" decoding=\"async\" class=\"alignleft size-medium wp-image-14169\" title=\"Marcelo-Pablo-D\u00edaz\" src=\"http:\/\/www.elsindical.com.ar\/notas\/var\/www\/html\/notas\/wp-content\/uploads\/2011\/05\/Marcelo-Pablo-D\u00edaz-300x193.jpg\" alt=\"\" width=\"300\" height=\"193\" srcset=\"https:\/\/www.elsindical.com.ar\/notas\/var\/www\/html\/notas\/wp-content\/uploads\/2011\/05\/Marcelo-Pablo-D\u00edaz-300x193.jpg 300w, https:\/\/www.elsindical.com.ar\/notas\/var\/www\/html\/notas\/wp-content\/uploads\/2011\/05\/Marcelo-Pablo-D\u00edaz.jpg 443w\" sizes=\"auto, (max-width: 300px) 100vw, 300px\" \/><\/a>El acusado de haber asesinado a<strong> Soledad Bargna<\/strong> en 2009 en su departamento de Caballito declar\u00f3 en su indagatoria en el juicio oral haber cometido el crimen, pero neg\u00f3 haber intentado violarla.<\/em><\/p>\n<\/div>\n<div id=\"texto\">\n<p style=\"text-align: justify;\">Se trata de <strong>Marcelo Pablo D\u00edaz<\/strong>, quien acept\u00f3 declarar ante el Tribunal Oral en lo Criminal 26 y asegur\u00f3 que con la v\u00edctima manten\u00eda una relaci\u00f3n.<\/p>\n<p style=\"text-align: justify;\">El acusado de haber asesinado a <strong>Soledad Bargna<\/strong> en 2009 en su departamento del barrio de Caballito afirm\u00f3 que el d\u00eda del crimen ambos discutieron porque la joven hab\u00eda dejado al novio y \u00e9l le dijo que quer\u00eda arreglar su relaci\u00f3n con su mujer.<\/p>\n<p>\u201c<em>Nos dimos unos besos, ella apareci\u00f3 sin la parte de abajo de la ropa<\/em>\u201d, relat\u00f3<strong> Marcelo Pablo D\u00edaz<\/strong> al declarar ante el Tribunal Oral en lo Criminal 26, y agreg\u00f3 que luego \u201c<em>ella se enoj\u00f3 mucho<\/em>\u201d, tras lo cual le rompi\u00f3 una botella\u00a0en la\u00a0cara y lo atac\u00f3 con un cuchillo que fue el que finalmente \u00e9l us\u00f3 para matarla<\/p>\n<\/div>\n","protected":false},"excerpt":{"rendered":"<p>El acusado de haber asesinado a Soledad Bargna en 2009 en su departamento de Caballito declar\u00f3 en su indagatoria en el juicio oral haber cometido el crimen, pero neg\u00f3 haber intentado violarla. Se trata de Marcelo Pablo D\u00edaz, quien acept\u00f3 declarar ante el Tribunal Oral en lo Criminal 26 y asegur\u00f3 que con la v\u00edctima&hellip;<\/p>\n","protected":false},"author":1,"featured_media":0,"comment_status":"open","ping_status":"open","sticky":false,"template":"","format":"standard","meta":{"footnotes":""},"categories":[20],"tags":[1930,400,516,6831,4921,271],"class_list":["post-14168","post","type-post","status-publish","format-standard","hentry","category-judiciales","tag-asesino","tag-caballito","tag-juicio-oral","tag-marcelo-pablo-diaz","tag-soledad-bargna","tag-violacion"],"_links":{"self":[{"href":"https:\/\/www.elsindical.com.ar\/notas\/wp-json\/wp\/v2\/posts\/14168","targetHints":{"allow":["GET"]}}],"collection":[{"href":"https:\/\/www.elsindical.com.ar\/notas\/wp-json\/wp\/v2\/posts"}],"about":[{"href":"https:\/\/www.elsindical.com.ar\/notas\/wp-json\/wp\/v2\/types\/post"}],"author":[{"embeddable":true,"href":"https:\/\/www.elsindical.com.ar\/notas\/wp-json\/wp\/v2\/users\/1"}],"replies":[{"embeddable":true,"href":"https:\/\/www.elsindical.com.ar\/notas\/wp-json\/wp\/v2\/comments?post=14168"}],"version-history":[{"count":1,"href":"https:\/\/www.elsindical.com.ar\/notas\/wp-json\/wp\/v2\/posts\/14168\/revisions"}],"predecessor-version":[{"id":14170,"href":"https:\/\/www.elsindical.com.ar\/notas\/wp-json\/wp\/v2\/posts\/14168\/revisions\/14170"}],"wp:attachment":[{"href":"https:\/\/www.elsindical.com.ar\/notas\/wp-json\/wp\/v2\/media?parent=14168"}],"wp:term":[{"taxonomy":"category","embeddable":true,"href":"https:\/\/www.elsindical.com.ar\/notas\/wp-json\/wp\/v2\/categories?post=14168"},{"taxonomy":"post_tag","embeddable":true,"href":"https:\/\/www.elsindical.com.ar\/notas\/wp-json\/wp\/v2\/tags?post=14168"}],"curies":[{"name":"wp","href":"https:\/\/api.w.org\/{rel}","templated":true}]}}