{"id":141672,"date":"2025-12-11T12:23:03","date_gmt":"2025-12-11T15:23:03","guid":{"rendered":"https:\/\/www.elsindical.com.ar\/notas\/?p=141672"},"modified":"2025-12-11T12:23:35","modified_gmt":"2025-12-11T15:23:35","slug":"defensoria-del-pueblo-de-la-matanza-vagos-y-maleducados","status":"publish","type":"post","link":"https:\/\/www.elsindical.com.ar\/notas\/defensoria-del-pueblo-de-la-matanza-vagos-y-maleducados\/","title":{"rendered":"Defensor\u00eda del Pueblo de La Matanza, vagos y maleducados"},"content":{"rendered":"<div class=\"wp-block-image\">\n<figure class=\"aligncenter size-full is-resized\"><a href=\"https:\/\/www.elsindical.com.ar\/notas\/var\/www\/html\/notas\/wp-content\/uploads\/2025\/12\/Se-busca-Silvia-Caprino.jpg\"><img loading=\"lazy\" decoding=\"async\" width=\"700\" height=\"1012\" src=\"https:\/\/www.elsindical.com.ar\/notas\/var\/www\/html\/notas\/wp-content\/uploads\/2025\/12\/Se-busca-Silvia-Caprino.jpg\" alt=\"\" class=\"wp-image-141673\" style=\"width:390px;height:auto\" srcset=\"https:\/\/www.elsindical.com.ar\/notas\/var\/www\/html\/notas\/wp-content\/uploads\/2025\/12\/Se-busca-Silvia-Caprino.jpg 700w, https:\/\/www.elsindical.com.ar\/notas\/var\/www\/html\/notas\/wp-content\/uploads\/2025\/12\/Se-busca-Silvia-Caprino-208x300.jpg 208w\" sizes=\"auto, (max-width: 700px) 100vw, 700px\" \/><\/a><\/figure>\n<\/div>\n\n\n<p>   La Defensor\u00eda del Pueblo de La Matanza, tiene m\u00e1s criticas que logros en defensa de los derechos vulnerados de los vecinos a quien se supone representa, pero m\u00e1s all\u00e1 de su estad\u00edstica negativa, hay sumar la forma de trabajo de sus responsables y empleados, que se pueden resumir en 2 palabras, vagos y maleducados.<\/p>\n\n\n\n<p>Los dos principales responsables de la Defensor\u00eda son Silvia Graciela Caprino como defensora y Jos\u00e9 Mar\u00eda Mira como defensor adjunto, los tel\u00e9fonos informados son 6083-8759\/4880-7367 con un horario de atenci\u00f3n bastante acotado 09:00 a 15:00 hs. y un WhatsApp: 11 3956 5622 que demoran en responder y cuando lo hacen de forma an\u00f3nima, porque nadie se identifica ni en las llamados ni en la virtualidad de la mensajer\u00eda.<\/p>\n\n\n\n<p>Durante 2 semanas intentamos comunicarnos con la se\u00f1ora <strong>Silvia Caprino<\/strong> o<strong> Jos\u00e9 Mar\u00eda Mira<\/strong> y las respuestas fueron que no se encontraban o estaban reunidos, en la \u00faltima comunicaci\u00f3n del d\u00eda mi\u00e9rcoles 10 de diciembre se me pidieron mis datos y tel\u00e9fono para comunicarse pero fue la \u00faltima vez que atendieron mis llamados, ahora solo suena y luego cortan la llamada.<\/p>\n\n\n\n<p>La conducta de esquivar la comunicaci\u00f3n tiene su l\u00f3gica con la respuesta brindada v\u00eda online, que demuestra que adem\u00e1s de ser vagos, son unos maleducados al \u00abjugar\u00bb a no saber y terminar poniendo requisitos rid\u00edculos para informar si van a realizar alguna acci\u00f3n para defender los derechos humanos b\u00e1sicos de los vecinos que deber\u00edan representar y defender.<\/p>\n\n\n\n<p>El d\u00eda martes 4 de diciembre, varios vecinos marcharon desde la Plaza de San Justo al municipio  con un corte de calles y una ruidosa declamaci\u00f3n de la situaci\u00f3n del <strong>Centro de Salud Mental  Dr. Mario Tisminetzky<\/strong> que se encuentra sin brindar turnos y con un posible cierre por falta de personal, con el agravante de que el personal actual se encuentra bajo una modalidad irregular como empleados municipales. A pesar de la marcha y de las publicaciones en redes sociales en la Defensor\u00eda del Pueblo de La Matanza.<\/p>\n\n\n\n<figure class=\"wp-block-image size-full\"><a href=\"https:\/\/www.elsindical.com.ar\/notas\/var\/www\/html\/notas\/wp-content\/uploads\/2025\/12\/Defensoria-del-Pueblo-de-La-Matanza.jpg\"><img loading=\"lazy\" decoding=\"async\" width=\"1000\" height=\"719\" src=\"https:\/\/www.elsindical.com.ar\/notas\/var\/www\/html\/notas\/wp-content\/uploads\/2025\/12\/Defensoria-del-Pueblo-de-La-Matanza.jpg\" alt=\"\" class=\"wp-image-141674\" srcset=\"https:\/\/www.elsindical.com.ar\/notas\/var\/www\/html\/notas\/wp-content\/uploads\/2025\/12\/Defensoria-del-Pueblo-de-La-Matanza.jpg 1000w, https:\/\/www.elsindical.com.ar\/notas\/var\/www\/html\/notas\/wp-content\/uploads\/2025\/12\/Defensoria-del-Pueblo-de-La-Matanza-300x216.jpg 300w, https:\/\/www.elsindical.com.ar\/notas\/var\/www\/html\/notas\/wp-content\/uploads\/2025\/12\/Defensoria-del-Pueblo-de-La-Matanza-768x552.jpg 768w\" sizes=\"auto, (max-width: 1000px) 100vw, 1000px\" \/><\/a><\/figure>\n\n\n\n<p>Se hace evidente que el funcionamiento de la defensor\u00eda es malo, buscando informaci\u00f3n hay reclamos vecinales que llevan meses sin resolverse y sin que la defensor\u00eda se ocupe, tal vez tampoco se enteraron, pero hay reclamos por el estado del estado en que se encuentra el cementerio municipal y la calidad del agua que es un riesgo para la salud de los vecinos.<\/p>\n\n\n\n<p>Desde el Diario El Sindical, nuestro consejo es que concurran personalmente a las oficinas de la defensor\u00eda y hagan los reclamos sin retirarse del lugar sin una copia firmada.<\/p>\n\n\n\n<p>Por Marcelo Ricardo Hawrylciw<\/p>\n","protected":false},"excerpt":{"rendered":"<p>La Defensor\u00eda del Pueblo de La Matanza, tiene m\u00e1s criticas que logros en defensa de los derechos vulnerados de los vecinos a quien se supone representa, pero m\u00e1s all\u00e1 de su estad\u00edstica negativa, hay sumar la forma de trabajo de sus responsables y empleados, que se pueden resumir en 2 palabras, vagos y maleducados. Los&hellip;<\/p>\n","protected":false},"author":1,"featured_media":141673,"comment_status":"open","ping_status":"open","sticky":false,"template":"","format":"standard","meta":{"footnotes":""},"categories":[10],"tags":[6339,46307,46393,22022,2450,46415,1401,46348,986],"class_list":["post-141672","post","type-post","status-publish","format-standard","has-post-thumbnail","hentry","category-editorial","tag-atencion-medica","tag-centro-de-salud-mental-dr-mario-tisminetzky","tag-defensoria-del-pueblo-de-la-matanza","tag-derechos-humanos","tag-diario-el-sindical","tag-josmaria-mira","tag-la-matanza","tag-silvia-caprino","tag-vecinos"],"_links":{"self":[{"href":"https:\/\/www.elsindical.com.ar\/notas\/wp-json\/wp\/v2\/posts\/141672","targetHints":{"allow":["GET"]}}],"collection":[{"href":"https:\/\/www.elsindical.com.ar\/notas\/wp-json\/wp\/v2\/posts"}],"about":[{"href":"https:\/\/www.elsindical.com.ar\/notas\/wp-json\/wp\/v2\/types\/post"}],"author":[{"embeddable":true,"href":"https:\/\/www.elsindical.com.ar\/notas\/wp-json\/wp\/v2\/users\/1"}],"replies":[{"embeddable":true,"href":"https:\/\/www.elsindical.com.ar\/notas\/wp-json\/wp\/v2\/comments?post=141672"}],"version-history":[{"count":1,"href":"https:\/\/www.elsindical.com.ar\/notas\/wp-json\/wp\/v2\/posts\/141672\/revisions"}],"predecessor-version":[{"id":141675,"href":"https:\/\/www.elsindical.com.ar\/notas\/wp-json\/wp\/v2\/posts\/141672\/revisions\/141675"}],"wp:featuredmedia":[{"embeddable":true,"href":"https:\/\/www.elsindical.com.ar\/notas\/wp-json\/wp\/v2\/media\/141673"}],"wp:attachment":[{"href":"https:\/\/www.elsindical.com.ar\/notas\/wp-json\/wp\/v2\/media?parent=141672"}],"wp:term":[{"taxonomy":"category","embeddable":true,"href":"https:\/\/www.elsindical.com.ar\/notas\/wp-json\/wp\/v2\/categories?post=141672"},{"taxonomy":"post_tag","embeddable":true,"href":"https:\/\/www.elsindical.com.ar\/notas\/wp-json\/wp\/v2\/tags?post=141672"}],"curies":[{"name":"wp","href":"https:\/\/api.w.org\/{rel}","templated":true}]}}