{"id":141591,"date":"2025-12-07T17:38:58","date_gmt":"2025-12-07T20:38:58","guid":{"rendered":"https:\/\/www.elsindical.com.ar\/notas\/?p=141591"},"modified":"2025-12-07T17:39:05","modified_gmt":"2025-12-07T20:39:05","slug":"la-estacion-del-subte-b-malabia-estara-cerrada-por-obras","status":"publish","type":"post","link":"https:\/\/www.elsindical.com.ar\/notas\/la-estacion-del-subte-b-malabia-estara-cerrada-por-obras\/","title":{"rendered":"La estaci\u00f3n del subte B Malabia estar\u00e1 cerrada por obras"},"content":{"rendered":"\n<figure class=\"wp-block-image size-large\"><a href=\"https:\/\/www.elsindical.com.ar\/notas\/var\/www\/html\/notas\/wp-content\/uploads\/2023\/10\/estacion-subte.jpg\"><img loading=\"lazy\" decoding=\"async\" width=\"1024\" height=\"704\" src=\"https:\/\/www.elsindical.com.ar\/notas\/var\/www\/html\/notas\/wp-content\/uploads\/2023\/10\/estacion-subte-1024x704.jpg\" alt=\"\" class=\"wp-image-126279\" srcset=\"https:\/\/www.elsindical.com.ar\/notas\/var\/www\/html\/notas\/wp-content\/uploads\/2023\/10\/estacion-subte-1024x704.jpg 1024w, https:\/\/www.elsindical.com.ar\/notas\/var\/www\/html\/notas\/wp-content\/uploads\/2023\/10\/estacion-subte-300x206.jpg 300w, https:\/\/www.elsindical.com.ar\/notas\/var\/www\/html\/notas\/wp-content\/uploads\/2023\/10\/estacion-subte-768x528.jpg 768w, https:\/\/www.elsindical.com.ar\/notas\/var\/www\/html\/notas\/wp-content\/uploads\/2023\/10\/estacion-subte-437x300.jpg 437w, https:\/\/www.elsindical.com.ar\/notas\/var\/www\/html\/notas\/wp-content\/uploads\/2023\/10\/estacion-subte.jpg 1170w\" sizes=\"auto, (max-width: 1024px) 100vw, 1024px\" \/><\/a><\/figure>\n\n\n\n<p>La estaci\u00f3n Malabia de la L\u00ednea B del subte permanecer\u00e1 cerrada desde el martes 9 de diciembre por aproximadamente dos meses, en el marco del Plan de Renovaci\u00f3n Integral que avanza en toda la red. Las obras incluyen impermeabilizaci\u00f3n, mejoras de accesibilidad, nueva se\u00f1al\u00e9tica y restauraci\u00f3n patrimonial.<\/p>\n\n\n\n<p>El <strong>Servicio de Subterr\u00e1neos de Buenos Aires inform\u00f3 que la estaci\u00f3n Malabia ser\u00e1 clausurada temporalmente a partir del martes 9 de diciembre<\/strong>, como parte del programa de renovaci\u00f3n que busca modernizar la infraestructura existente y mejorar la experiencia de viaje. La intervenci\u00f3n se extender\u00e1 durante unos dos meses y contempla trabajos estructurales y est\u00e9ticos tanto en accesos como en andenes.<\/p>\n\n\n\n<p>En los \u00faltimos meses, el Gobierno de la Ciudad avanz\u00f3 con obras similares en otras estaciones de la red, entre ellas Castro Barros, Lima y Acoyte en la L\u00ednea A; Pueyrred\u00f3n, Pasteur-AMIA y Carlos Gardel en la L\u00ednea B; San Mart\u00edn en la L\u00ednea C; Bulnes, Facultad de Medicina, Scalabrini Ortiz y Palermo en la L\u00ednea D; y Jujuy en la L\u00ednea E. Tambi\u00e9n se renovaron trece paradores del Premetro y ya est\u00e1n en marcha las obras en Piedras (A) y Tribunales (D), adem\u00e1s de nuevas licitaciones para modernizar Medrano, \u00c1ngel Gallardo, Lavalle, Independencia, General Urquiza y Entre R\u00edos.<\/p>\n\n\n\n<p>La intervenci\u00f3n en Malabia incluir\u00e1 un amplio operativo de impermeabilizaci\u00f3n, trabajos de inyecci\u00f3n y tratamiento de juntas, colocaci\u00f3n de revestimientos cer\u00e1micos, pintura general, reparaci\u00f3n de pisos y la incorporaci\u00f3n de luces LED para incrementar la iluminaci\u00f3n. A esto se suma la instalaci\u00f3n de se\u00f1alizaci\u00f3n braille en pasamanos y p\u00f3rticos, as\u00ed como nuevo mobiliario de and\u00e9n, entre ellos bancos, cestos y apoyos isqui\u00e1ticos.<\/p>\n\n\n\n<p>El proyecto tambi\u00e9n abarca mejoras en accesos, galer\u00edas de escaleras tanto pedestres como mec\u00e1nicas y sectores de circulaci\u00f3n interna. Adem\u00e1s, est\u00e1 prevista la restauraci\u00f3n de un mural y del antiguo nomenclador Canning, con el objetivo de preservar elementos hist\u00f3ricos. Desde el Gobierno porte\u00f1o destacaron que estas obras buscan transformar las estaciones en espacios m\u00e1s c\u00f3modos, ordenados y seguros para los usuarios.<\/p>\n","protected":false},"excerpt":{"rendered":"<p>La estaci\u00f3n Malabia de la L\u00ednea B del subte permanecer\u00e1 cerrada desde el martes 9 de diciembre por aproximadamente dos meses, en el marco del Plan de Renovaci\u00f3n Integral que avanza en toda la red. Las obras incluyen impermeabilizaci\u00f3n, mejoras de accesibilidad, nueva se\u00f1al\u00e9tica y restauraci\u00f3n patrimonial. El Servicio de Subterr\u00e1neos de Buenos Aires inform\u00f3&hellip;<\/p>\n","protected":false},"author":1,"featured_media":126279,"comment_status":"open","ping_status":"open","sticky":false,"template":"","format":"standard","meta":{"footnotes":""},"categories":[25],"tags":[2450,46389,4912,765],"class_list":["post-141591","post","type-post","status-publish","format-standard","has-post-thumbnail","hentry","category-sociedad","tag-diario-el-sindical","tag-estacion-de-subte-malabia","tag-linea-b","tag-obras"],"_links":{"self":[{"href":"https:\/\/www.elsindical.com.ar\/notas\/wp-json\/wp\/v2\/posts\/141591","targetHints":{"allow":["GET"]}}],"collection":[{"href":"https:\/\/www.elsindical.com.ar\/notas\/wp-json\/wp\/v2\/posts"}],"about":[{"href":"https:\/\/www.elsindical.com.ar\/notas\/wp-json\/wp\/v2\/types\/post"}],"author":[{"embeddable":true,"href":"https:\/\/www.elsindical.com.ar\/notas\/wp-json\/wp\/v2\/users\/1"}],"replies":[{"embeddable":true,"href":"https:\/\/www.elsindical.com.ar\/notas\/wp-json\/wp\/v2\/comments?post=141591"}],"version-history":[{"count":1,"href":"https:\/\/www.elsindical.com.ar\/notas\/wp-json\/wp\/v2\/posts\/141591\/revisions"}],"predecessor-version":[{"id":141592,"href":"https:\/\/www.elsindical.com.ar\/notas\/wp-json\/wp\/v2\/posts\/141591\/revisions\/141592"}],"wp:featuredmedia":[{"embeddable":true,"href":"https:\/\/www.elsindical.com.ar\/notas\/wp-json\/wp\/v2\/media\/126279"}],"wp:attachment":[{"href":"https:\/\/www.elsindical.com.ar\/notas\/wp-json\/wp\/v2\/media?parent=141591"}],"wp:term":[{"taxonomy":"category","embeddable":true,"href":"https:\/\/www.elsindical.com.ar\/notas\/wp-json\/wp\/v2\/categories?post=141591"},{"taxonomy":"post_tag","embeddable":true,"href":"https:\/\/www.elsindical.com.ar\/notas\/wp-json\/wp\/v2\/tags?post=141591"}],"curies":[{"name":"wp","href":"https:\/\/api.w.org\/{rel}","templated":true}]}}