{"id":1415,"date":"2009-10-30T01:03:00","date_gmt":"2009-10-30T04:03:00","guid":{"rendered":"http:\/\/www.elsindical.com.ar\/notas\/?p=1415"},"modified":"2009-10-30T01:03:00","modified_gmt":"2009-10-30T04:03:00","slug":"provincia-ratifica-la-imposibilidad-de-pagar-aumento-salarial","status":"publish","type":"post","link":"https:\/\/www.elsindical.com.ar\/notas\/provincia-ratifica-la-imposibilidad-de-pagar-aumento-salarial\/","title":{"rendered":"Provincia ratifica la imposibilidad de pagar aumento salarial"},"content":{"rendered":"<p style=\"text-align: justify;\"><em><img loading=\"lazy\" decoding=\"async\" class=\"alignleft size-full wp-image-1416\" title=\"Oscar-Cuartango\" src=\"http:\/\/www.elsindical.com.ar\/notas\/var\/www\/html\/notas\/wp-content\/uploads\/2009\/10\/Oscar-Cuartango.jpg\" alt=\"Oscar-Cuartango\" width=\"255\" height=\"183\" \/>El ministro de Trabajo bonaerense, Oscar Cuartango, reconoci\u00f3 la legitimidad del reclamo docente pero ratific\u00f3 la imposibilidad de que la Provincia otorgue aumentos salariales en lo que resta del a\u00f1o.<\/em><\/p>\n<p style=\"text-align: justify;\">\u00abNo tengo dudas de que la dirigencia docente es conciente de la imposibilidad de otorgar aumentos\u00bb, sostuvo el funcionario en declaraciones a Radio Provincia y agreg\u00f3 que \u00ablos reclamos son leg\u00edtimos, pero no hay peor salario que el que no se paga y la Provincia hace un gran esfuerzo para pagarlos\u00bb.<\/p>\n<p style=\"text-align: justify;\">Cuartango se\u00f1al\u00f3 que \u00abel gobierno provincial ha dicho claramente en varias oportunidades que en lo que resta del a\u00f1o no puede hacer una recomposici\u00f3n salarial de car\u00e1cter general\u00bb e inst\u00f3 a los trabajadores a \u00abdistinguir entre los salarios deseables y los posibles\u00bb en esta coyuntura nacional e internacional.<\/p>\n<p style=\"text-align: justify;\">En cuanto a las movilizaciones que se realizaron en la Provincia, el titular de la cartera laboral dijo que \u00abtenemos que diferenciar el paro docente del de los trabajadores de la CTA\u00bb, y consign\u00f3 que \u00aben el \u00e1mbito de la administraci\u00f3n general, el paro est\u00e1 llevado a cabo por sectores minoritarios nucleados en ATE, pero no en el resto de los gremios\u00bb.<\/p>\n<p style=\"text-align: justify;\">Por otra parte, Cuartango consider\u00f3 que \u00abes una buena gestualidad que el paro docente de 48 horas se haya desdoblado en un d\u00eda por semana porque genera un menor perjuicio para alumnos y padres\u00bb.\u00a0<\/p>\n<p style=\"text-align: justify;\">En cuanto a la posibilidad de un aumento salarial en 2010, el ministro ratific\u00f3 las declaraciones del titular de Econom\u00eda bonaerense, Alejandro Arl\u00eda, quien sostuvo que en el presupuesto para el a\u00f1o que viene no se contempla una remuneraci\u00f3n, porque para esa decisi\u00f3n est\u00e1n las instancias de paritarias.<\/p>\n<p style=\"text-align: justify;\">\u00abQue no se contemple un aumento salarial en el presupuesto para 2010 no significa que no lo vayamos a debatir, sino que para eso tenemos el mecanismo paritario para determinar los aumentos, no podemos condicionar la negociaci\u00f3n estableciendo un piso en la pauta anual planificada\u00bb.<\/p>\n","protected":false},"excerpt":{"rendered":"<p>El ministro de Trabajo bonaerense, Oscar Cuartango, reconoci\u00f3 la legitimidad del reclamo docente pero ratific\u00f3 la imposibilidad de que la Provincia otorgue aumentos salariales en lo que resta del a\u00f1o. \u00abNo tengo dudas de que la dirigencia docente es conciente de la imposibilidad de otorgar aumentos\u00bb, sostuvo el funcionario en declaraciones a Radio Provincia y&hellip;<\/p>\n","protected":false},"author":1,"featured_media":0,"comment_status":"open","ping_status":"open","sticky":false,"template":"","format":"standard","meta":{"footnotes":""},"categories":[13],"tags":[357,154,375,228,230,802,442,803],"class_list":["post-1415","post","type-post","status-publish","format-standard","hentry","category-politica","tag-aumento","tag-buenos-aires","tag-gobierno","tag-ministro","tag-oscar-cuartango","tag-pago","tag-provincia","tag-salarios"],"_links":{"self":[{"href":"https:\/\/www.elsindical.com.ar\/notas\/wp-json\/wp\/v2\/posts\/1415","targetHints":{"allow":["GET"]}}],"collection":[{"href":"https:\/\/www.elsindical.com.ar\/notas\/wp-json\/wp\/v2\/posts"}],"about":[{"href":"https:\/\/www.elsindical.com.ar\/notas\/wp-json\/wp\/v2\/types\/post"}],"author":[{"embeddable":true,"href":"https:\/\/www.elsindical.com.ar\/notas\/wp-json\/wp\/v2\/users\/1"}],"replies":[{"embeddable":true,"href":"https:\/\/www.elsindical.com.ar\/notas\/wp-json\/wp\/v2\/comments?post=1415"}],"version-history":[{"count":2,"href":"https:\/\/www.elsindical.com.ar\/notas\/wp-json\/wp\/v2\/posts\/1415\/revisions"}],"predecessor-version":[{"id":1418,"href":"https:\/\/www.elsindical.com.ar\/notas\/wp-json\/wp\/v2\/posts\/1415\/revisions\/1418"}],"wp:attachment":[{"href":"https:\/\/www.elsindical.com.ar\/notas\/wp-json\/wp\/v2\/media?parent=1415"}],"wp:term":[{"taxonomy":"category","embeddable":true,"href":"https:\/\/www.elsindical.com.ar\/notas\/wp-json\/wp\/v2\/categories?post=1415"},{"taxonomy":"post_tag","embeddable":true,"href":"https:\/\/www.elsindical.com.ar\/notas\/wp-json\/wp\/v2\/tags?post=1415"}],"curies":[{"name":"wp","href":"https:\/\/api.w.org\/{rel}","templated":true}]}}