{"id":141461,"date":"2025-12-01T10:59:29","date_gmt":"2025-12-01T13:59:29","guid":{"rendered":"https:\/\/www.elsindical.com.ar\/notas\/?p=141461"},"modified":"2025-12-01T10:59:35","modified_gmt":"2025-12-01T13:59:35","slug":"diciembre-llega-con-aumentos-cuanto-subiran-las-prepagas-el-transporte-la-luz-y-los-alquileres","status":"publish","type":"post","link":"https:\/\/www.elsindical.com.ar\/notas\/diciembre-llega-con-aumentos-cuanto-subiran-las-prepagas-el-transporte-la-luz-y-los-alquileres\/","title":{"rendered":"Diciembre llega con aumentos: cu\u00e1nto subir\u00e1n las prepagas, el transporte, la luz y los alquileres"},"content":{"rendered":"<div class=\"wp-block-image\">\n<figure class=\"aligncenter size-full\"><a href=\"https:\/\/www.elsindical.com.ar\/notas\/var\/www\/html\/notas\/wp-content\/uploads\/2021\/07\/gastospagos.jpg\"><img loading=\"lazy\" decoding=\"async\" width=\"609\" height=\"406\" src=\"https:\/\/www.elsindical.com.ar\/notas\/var\/www\/html\/notas\/wp-content\/uploads\/2021\/07\/gastospagos.jpg\" alt=\"\" class=\"wp-image-105844\" srcset=\"https:\/\/www.elsindical.com.ar\/notas\/var\/www\/html\/notas\/wp-content\/uploads\/2021\/07\/gastospagos.jpg 609w, https:\/\/www.elsindical.com.ar\/notas\/var\/www\/html\/notas\/wp-content\/uploads\/2021\/07\/gastospagos-300x200.jpg 300w, https:\/\/www.elsindical.com.ar\/notas\/var\/www\/html\/notas\/wp-content\/uploads\/2021\/07\/gastospagos-450x300.jpg 450w\" sizes=\"auto, (max-width: 609px) 100vw, 609px\" \/><\/a><\/figure>\n<\/div>\n\n\n<p>Diciembre llega con fiestas, brindis y despedidas, pero tambi\u00e9n con una bater\u00eda de aumentos que habr\u00e1 que tener en cuenta antes de hacer n\u00fameros. En el <strong>AMBA<\/strong> y la <strong>provincia de Buenos Aires<\/strong> se actualizan los valores de <strong>medicina prepaga, transporte p\u00fablico, peajes, luz y alquileres<\/strong>, con subas que van desde algo m\u00e1s del <strong>2%<\/strong> hasta casi el <strong>30%<\/strong>.<\/p>\n\n\n\n<p>A continuaci\u00f3n, rubro por rubro, los cambios previstos para el \u00faltimo mes del a\u00f1o y c\u00f3mo pueden impactar en los gastos habituales de las familias.<\/p>\n\n\n\n<h2 class=\"wp-block-heading\">Medicina prepaga: subas moderadas<\/h2>\n\n\n\n<p>En salud, las <strong>medicinas prepagas<\/strong> aplicar\u00e1n un aumento promedio cercano al <strong>2,3%<\/strong>, que replica la inflaci\u00f3n de <strong>octubre<\/strong>.Dentro de ese esquema, <strong>OSDE<\/strong> ajustar\u00e1 sus cuotas un <strong>2,1%<\/strong> para la mayor\u00eda de sus afiliados y un <strong>2,5%<\/strong> en la <strong>Patagonia<\/strong>, seg\u00fan el cuadro de actualizaci\u00f3n informado por la empresa.<\/p>\n\n\n\n<p>La prepaga <strong>Accord<\/strong> acompa\u00f1ar\u00e1 el movimiento del sector con una suba del <strong>2,4%<\/strong> sobre sus planes, vigente tambi\u00e9n para usuarios del <strong>\u00c1rea Metropolitana de Buenos Aires<\/strong>.<\/p>\n\n\n\n<h2 class=\"wp-block-heading\">Transporte y peajes: impacto en el bolsillo diario<\/h2>\n\n\n\n<p>En el caso de los <strong>colectivos<\/strong>, el boleto sufrir\u00e1 un incremento del <strong>4,3%<\/strong> en la <strong>Ciudad de Buenos Aires<\/strong>. Para las mismas l\u00edneas que circulan en la <strong>provincia de Buenos Aires<\/strong>, se tomar\u00e1 ese porcentaje de base y se sumar\u00e1 un <strong>10% adicional<\/strong>, lo que implica una suba m\u00e1s alta en el conurbano.<\/p>\n\n\n\n<p>En las l\u00edneas <strong>200 en adelante<\/strong> que recorren el <strong>AMBA<\/strong>, <strong>La Plata, Berisso y Ensenada<\/strong>, el <strong>boleto m\u00ednimo<\/strong> pasar\u00e1 a <strong>$650<\/strong>. La escala por distancia ir\u00e1 desde <strong>$658,44<\/strong> para viajes de <strong>0 a 3 kil\u00f3metros<\/strong> hasta <strong>$902,73<\/strong> para trayectos de <strong>m\u00e1s de 27 kil\u00f3metros<\/strong>.<\/p>\n\n\n\n<p>Los <strong>peajes<\/strong> tambi\u00e9n tendr\u00e1n ajustes: el cuadro tarifario fija topes de hasta <strong>$4.912,67<\/strong> para las autopistas <strong>25 de Mayo<\/strong> y <strong>Perito Moreno<\/strong>, y de <strong>$2.042,38<\/strong> para la autopista <strong>Illia<\/strong>.<\/p>\n\n\n\n<h2 class=\"wp-block-heading\">Luz y alquileres: qu\u00e9 pasa con las boletas<\/h2>\n\n\n\n<p>En los <strong>servicios de electricidad<\/strong>, la distribuidora <strong>Edenor<\/strong> aplicar\u00e1 una suba del <strong>3,6%<\/strong>, mientras que <strong>Edesur<\/strong> aumentar\u00e1 sus tarifas un <strong>3,53%<\/strong>. Adem\u00e1s, se proyecta un <strong>nuevo modelo de subsidios<\/strong> para <strong>2026<\/strong>, a\u00fan pendiente de definici\u00f3n, que podr\u00eda modificar la forma en que se calculan las facturas.<\/p>\n\n\n\n<p>En el cap\u00edtulo <strong>alquileres<\/strong>, los contratos firmados bajo la <strong>ley anterior<\/strong> tendr\u00e1n en diciembre una actualizaci\u00f3n del <strong>28,67%<\/strong>. El incremento regir\u00e1 para los acuerdos que cumplen un a\u00f1o en el mes y responde al \u00edndice fijado por esa normativa, que contin\u00faa vigente para los convenios celebrados antes del cambio de reglas.<\/p>\n\n\n\n<p>Con este paquete de ajustes, diciembre se perfila como un mes clave para recalcular gastos y revisar presupuestos en hogares de la ciudad y la provincia.<\/p>\n","protected":false},"excerpt":{"rendered":"<p>Diciembre llega con fiestas, brindis y despedidas, pero tambi\u00e9n con una bater\u00eda de aumentos que habr\u00e1 que tener en cuenta antes de hacer n\u00fameros. En el AMBA y la provincia de Buenos Aires se actualizan los valores de medicina prepaga, transporte p\u00fablico, peajes, luz y alquileres, con subas que van desde algo m\u00e1s del 2%&hellip;<\/p>\n","protected":false},"author":1,"featured_media":105844,"comment_status":"open","ping_status":"open","sticky":false,"template":"","format":"standard","meta":{"footnotes":""},"categories":[9,25],"tags":[46340,44384,2450,22023],"class_list":["post-141461","post","type-post","status-publish","format-standard","has-post-thumbnail","hentry","category-economia","category-sociedad","tag-aumento-de-transporte-publico","tag-aumentos-tarifas","tag-diario-el-sindical","tag-economia"],"_links":{"self":[{"href":"https:\/\/www.elsindical.com.ar\/notas\/wp-json\/wp\/v2\/posts\/141461","targetHints":{"allow":["GET"]}}],"collection":[{"href":"https:\/\/www.elsindical.com.ar\/notas\/wp-json\/wp\/v2\/posts"}],"about":[{"href":"https:\/\/www.elsindical.com.ar\/notas\/wp-json\/wp\/v2\/types\/post"}],"author":[{"embeddable":true,"href":"https:\/\/www.elsindical.com.ar\/notas\/wp-json\/wp\/v2\/users\/1"}],"replies":[{"embeddable":true,"href":"https:\/\/www.elsindical.com.ar\/notas\/wp-json\/wp\/v2\/comments?post=141461"}],"version-history":[{"count":1,"href":"https:\/\/www.elsindical.com.ar\/notas\/wp-json\/wp\/v2\/posts\/141461\/revisions"}],"predecessor-version":[{"id":141462,"href":"https:\/\/www.elsindical.com.ar\/notas\/wp-json\/wp\/v2\/posts\/141461\/revisions\/141462"}],"wp:featuredmedia":[{"embeddable":true,"href":"https:\/\/www.elsindical.com.ar\/notas\/wp-json\/wp\/v2\/media\/105844"}],"wp:attachment":[{"href":"https:\/\/www.elsindical.com.ar\/notas\/wp-json\/wp\/v2\/media?parent=141461"}],"wp:term":[{"taxonomy":"category","embeddable":true,"href":"https:\/\/www.elsindical.com.ar\/notas\/wp-json\/wp\/v2\/categories?post=141461"},{"taxonomy":"post_tag","embeddable":true,"href":"https:\/\/www.elsindical.com.ar\/notas\/wp-json\/wp\/v2\/tags?post=141461"}],"curies":[{"name":"wp","href":"https:\/\/api.w.org\/{rel}","templated":true}]}}