{"id":141448,"date":"2025-11-30T12:06:00","date_gmt":"2025-11-30T15:06:00","guid":{"rendered":"https:\/\/www.elsindical.com.ar\/notas\/?p=141448"},"modified":"2025-12-01T02:14:47","modified_gmt":"2025-12-01T05:14:47","slug":"patricia-bullrich-dejo-el-ministerio-de-seguridad-y-se-prepara-para-liderar-el-bloque-libertario-en-el-senado","status":"publish","type":"post","link":"https:\/\/www.elsindical.com.ar\/notas\/patricia-bullrich-dejo-el-ministerio-de-seguridad-y-se-prepara-para-liderar-el-bloque-libertario-en-el-senado\/","title":{"rendered":"Patricia Bullrich dej\u00f3 el Ministerio de Seguridad y se prepara para liderar el bloque libertario en el Senado"},"content":{"rendered":"<div class=\"wp-block-image\">\n<figure class=\"aligncenter size-full\"><a href=\"https:\/\/www.elsindical.com.ar\/notas\/var\/www\/html\/notas\/wp-content\/uploads\/2017\/03\/Patricia-Bullrich-conferencia.jpg\"><img loading=\"lazy\" decoding=\"async\" width=\"640\" height=\"400\" src=\"https:\/\/www.elsindical.com.ar\/notas\/var\/www\/html\/notas\/wp-content\/uploads\/2017\/03\/Patricia-Bullrich-conferencia.jpg\" alt=\"\" class=\"wp-image-66361\" srcset=\"https:\/\/www.elsindical.com.ar\/notas\/var\/www\/html\/notas\/wp-content\/uploads\/2017\/03\/Patricia-Bullrich-conferencia.jpg 640w, https:\/\/www.elsindical.com.ar\/notas\/var\/www\/html\/notas\/wp-content\/uploads\/2017\/03\/Patricia-Bullrich-conferencia-300x188.jpg 300w, https:\/\/www.elsindical.com.ar\/notas\/var\/www\/html\/notas\/wp-content\/uploads\/2017\/03\/Patricia-Bullrich-conferencia-480x300.jpg 480w\" sizes=\"auto, (max-width: 640px) 100vw, 640px\" \/><\/a><\/figure>\n<\/div>\n\n\n<p>La ex titular de Seguridad <strong>Patricia Bullrich<\/strong> ya no forma parte del Gabinete nacional. Present\u00f3 su renuncia al cargo para asumir la banca en el <strong>Senado<\/strong> que obtuvo en las \u00faltimas elecciones y que jurar\u00e1 el <strong>10 de diciembre<\/strong>, en el marco del recambio legislativo. La decisi\u00f3n marca el cierre de su etapa en el Ejecutivo y el inicio de una nueva funci\u00f3n pol\u00edtica dentro del Congreso, donde se espera que tenga un rol central en la estrategia oficialista.<\/p>\n\n\n\n<p>En su lugar quedar\u00e1 <strong>Alejandra Monteoliva<\/strong>, hasta ahora secretaria del Ministerio de Seguridad. La funcionaria cuenta con el respaldo de Bullrich y tendr\u00e1 la misi\u00f3n de sostener la pol\u00edtica de seguridad implementada durante el \u00faltimo a\u00f1o, sin cambios bruscos en el rumbo general del \u00e1rea.<\/p>\n\n\n\n<h2 class=\"wp-block-heading\">Nuevo rol en el Congreso<\/h2>\n\n\n\n<p>En la C\u00e1mara alta, <strong>Bullrich<\/strong> buscar\u00e1 encabezar el bloque de senadores de <strong>La Libertad Avanza<\/strong>, agrupando a los legisladores que responden directamente al oficialismo. Desde esa posici\u00f3n, buscar\u00e1 ordenar la bancada y negociar con otras fuerzas los proyectos impulsados por el Ejecutivo.<\/p>\n\n\n\n<p>La dirigente ya mantuvo reuniones y contactos de trabajo con otros referentes del espacio para preparar las <strong>sesiones extraordinarias de diciembre<\/strong>, per\u00edodo en el que el Gobierno planea avanzar con los primeros temas de su agenda legislativa.<\/p>\n\n\n\n<p>Entre las prioridades figuran el tratamiento del <strong>Presupuesto 2026<\/strong> y un paquete de <strong>reformas clave<\/strong> que el oficialismo considera necesario para consolidar su programa econ\u00f3mico e institucional. El objetivo es llegar al recinto con acuerdos previos que faciliten la aprobaci\u00f3n de las iniciativas.<\/p>\n\n\n\n<h2 class=\"wp-block-heading\">Balance de gesti\u00f3n y mensaje al Gobierno<\/h2>\n\n\n\n<p>Al despedirse del Ministerio, Bullrich envi\u00f3 un mensaje de agradecimiento al presidente <strong>Javier Milei<\/strong> por la confianza depositada para aplicar la <strong>\u201cdoctrina de seguridad y orden\u201d<\/strong>. Seg\u00fan remarc\u00f3, su gesti\u00f3n estuvo enfocada en reforzar la presencia del Estado frente al delito y en respaldar a las fuerzas federales en su tarea diaria.<\/p>\n\n\n\n<p>La ex ministra destac\u00f3 como ejes de su paso por el \u00e1rea el combate contra el crimen organizado, las acciones para proteger a los efectivos de seguridad y las medidas destinadas a \u201crecuperar el orden p\u00fablico\u201d en distintos puntos del pa\u00eds, en l\u00ednea con el discurso oficial sobre el tema.<\/p>\n\n\n\n<p>De cara a la nueva etapa, Bullrich asegur\u00f3 que desde el <strong>Poder Legislativo<\/strong> seguir\u00e1 impulsando reformas de car\u00e1cter institucional y defendiendo los valores del gobierno libertario. La expectativa en la Casa Rosada es que, desde su futura jefatura de bloque en el Senado, pueda contribuir a construir las mayor\u00edas necesarias para aprobar las leyes que el Ejecutivo enviar\u00e1 al Congreso en los pr\u00f3ximos meses.<\/p>\n","protected":false},"excerpt":{"rendered":"<p>La ex titular de Seguridad Patricia Bullrich ya no forma parte del Gabinete nacional. Present\u00f3 su renuncia al cargo para asumir la banca en el Senado que obtuvo en las \u00faltimas elecciones y que jurar\u00e1 el 10 de diciembre, en el marco del recambio legislativo. La decisi\u00f3n marca el cierre de su etapa en el&hellip;<\/p>\n","protected":false},"author":1,"featured_media":66361,"comment_status":"open","ping_status":"open","sticky":false,"template":"","format":"standard","meta":{"footnotes":""},"categories":[13],"tags":[46336,2450,40628,7556,1241,564],"class_list":["post-141448","post","type-post","status-publish","format-standard","has-post-thumbnail","hentry","category-politica","tag-bloque-libertario","tag-diario-el-sindical","tag-lla","tag-ministerio-de-seguridad-de-la-nacion","tag-patricia-bullrich","tag-senado"],"_links":{"self":[{"href":"https:\/\/www.elsindical.com.ar\/notas\/wp-json\/wp\/v2\/posts\/141448","targetHints":{"allow":["GET"]}}],"collection":[{"href":"https:\/\/www.elsindical.com.ar\/notas\/wp-json\/wp\/v2\/posts"}],"about":[{"href":"https:\/\/www.elsindical.com.ar\/notas\/wp-json\/wp\/v2\/types\/post"}],"author":[{"embeddable":true,"href":"https:\/\/www.elsindical.com.ar\/notas\/wp-json\/wp\/v2\/users\/1"}],"replies":[{"embeddable":true,"href":"https:\/\/www.elsindical.com.ar\/notas\/wp-json\/wp\/v2\/comments?post=141448"}],"version-history":[{"count":1,"href":"https:\/\/www.elsindical.com.ar\/notas\/wp-json\/wp\/v2\/posts\/141448\/revisions"}],"predecessor-version":[{"id":141449,"href":"https:\/\/www.elsindical.com.ar\/notas\/wp-json\/wp\/v2\/posts\/141448\/revisions\/141449"}],"wp:featuredmedia":[{"embeddable":true,"href":"https:\/\/www.elsindical.com.ar\/notas\/wp-json\/wp\/v2\/media\/66361"}],"wp:attachment":[{"href":"https:\/\/www.elsindical.com.ar\/notas\/wp-json\/wp\/v2\/media?parent=141448"}],"wp:term":[{"taxonomy":"category","embeddable":true,"href":"https:\/\/www.elsindical.com.ar\/notas\/wp-json\/wp\/v2\/categories?post=141448"},{"taxonomy":"post_tag","embeddable":true,"href":"https:\/\/www.elsindical.com.ar\/notas\/wp-json\/wp\/v2\/tags?post=141448"}],"curies":[{"name":"wp","href":"https:\/\/api.w.org\/{rel}","templated":true}]}}