{"id":141420,"date":"2025-11-28T19:52:02","date_gmt":"2025-11-28T22:52:02","guid":{"rendered":"https:\/\/www.elsindical.com.ar\/notas\/?p=141420"},"modified":"2025-11-28T19:52:25","modified_gmt":"2025-11-28T22:52:25","slug":"lanus-detuvieron-a-la-adolescente-acusada-de-matar-a-su-pareja-en-remedios-de-escalada","status":"publish","type":"post","link":"https:\/\/www.elsindical.com.ar\/notas\/lanus-detuvieron-a-la-adolescente-acusada-de-matar-a-su-pareja-en-remedios-de-escalada\/","title":{"rendered":"Lan\u00fas: Detuvieron a la adolescente acusada de matar a su pareja en Remedios de Escalada"},"content":{"rendered":"<div class=\"wp-block-image\">\n<figure class=\"aligncenter size-full\"><a href=\"https:\/\/www.elsindical.com.ar\/notas\/var\/www\/html\/notas\/wp-content\/uploads\/2025\/11\/adolescente-asesina-Remedios-de-Escalada.jpg\"><img loading=\"lazy\" decoding=\"async\" width=\"700\" height=\"394\" src=\"https:\/\/www.elsindical.com.ar\/notas\/var\/www\/html\/notas\/wp-content\/uploads\/2025\/11\/adolescente-asesina-Remedios-de-Escalada.jpg\" alt=\"\" class=\"wp-image-141421\" srcset=\"https:\/\/www.elsindical.com.ar\/notas\/var\/www\/html\/notas\/wp-content\/uploads\/2025\/11\/adolescente-asesina-Remedios-de-Escalada.jpg 700w, https:\/\/www.elsindical.com.ar\/notas\/var\/www\/html\/notas\/wp-content\/uploads\/2025\/11\/adolescente-asesina-Remedios-de-Escalada-300x169.jpg 300w, https:\/\/www.elsindical.com.ar\/notas\/var\/www\/html\/notas\/wp-content\/uploads\/2025\/11\/adolescente-asesina-Remedios-de-Escalada-460x260.jpg 460w\" sizes=\"auto, (max-width: 700px) 100vw, 700px\" \/><\/a><\/figure>\n<\/div>\n\n\n<p class=\"wp-block-paragraph\">La adolescente, acusada por el crimen de Santiago Nahuel L\u00f3pez Monte en Remedios de Escalada, fue encontrada en La Matanza.<\/p>\n\n\n\n<p class=\"wp-block-paragraph\">Luego de tres d\u00edas, <strong>detuvieron a la adolescente acusada de matar a pu\u00f1aladas a su pareja, un joven de 20 a\u00f1os, en la localidad de Remedios de Escalada<\/strong> en el partido de Lan\u00fas. La detenci\u00f3n se concret\u00f3 en La Matanza.<\/p>\n\n\n\n<p class=\"wp-block-paragraph\">El hecho ocurri\u00f3 el 25 de noviembre. <strong>La v\u00edctima fue identificada como\u00a0Santiago Nahuel L\u00f3pez Monte<\/strong>, ten\u00eda 19 a\u00f1os y conviv\u00eda con la menor en una vivienda ubicada en Namuncur\u00e1 y Lituania de Remedios de Escalada.<\/p>\n\n\n\n<p class=\"wp-block-paragraph\">Al parecer, la chica llam\u00f3 a la Polic\u00eda y luego se comunic\u00f3 con la familia de Santiago. <strong>La v\u00edctima ten\u00eda&nbsp;heridas de arma blanca, a la familia le dijo que fue un \u201caccidente\u201d, mientras que cuando arribaron a la vivienda, habl\u00f3 de heridas por saltar una reja, cosa que fue descartada de plano.<\/strong><\/p>\n\n\n\n<p class=\"wp-block-paragraph\">La chicas se fue mientras el cuerpo del joven permanec\u00eda tendido en la vereda y ante la mirada de la Polic\u00eda. <strong>La familia <a href=\"https:\/\/www.inforegion.com.ar\/2025\/11\/27\/la-familia-de-santiago-tiene-sospechas-por-la-fuga-de-la-principal-acusada-en-el-crimen\/\">denunci\u00f3 <\/a>irregularidades, justamente por fugarse en pleno operativo, y habl\u00f3 de v\u00ednculos narcos.<\/strong><\/p>\n\n\n\n<p class=\"wp-block-paragraph\">Finalmente, la adolescente <strong>fue detenida en las \u00faltimas horas en La Matanza.<\/strong> El fiscal&nbsp;<strong>Juan Ignacio Colazo<\/strong>, de la&nbsp;Unidad Funcional de Instrucci\u00f3n de Responsabilidad Juvenil N\u00ba 2 de Lomas de Zamora, investiga el hecho.<\/p>\n","protected":false},"excerpt":{"rendered":"<p>La adolescente, acusada por el crimen de Santiago Nahuel L\u00f3pez Monte en Remedios de Escalada, fue encontrada en La Matanza. Luego de tres d\u00edas, detuvieron a la adolescente acusada de matar a pu\u00f1aladas a su pareja, un joven de 20 a\u00f1os, en la localidad de Remedios de Escalada en el partido de Lan\u00fas. La detenci\u00f3n&hellip;<\/p>\n","protected":false},"author":1,"featured_media":141421,"comment_status":"open","ping_status":"open","sticky":false,"template":"","format":"standard","meta":{"footnotes":""},"categories":[22],"tags":[2450,1401,209,27187,46316],"class_list":["post-141420","post","type-post","status-publish","format-standard","has-post-thumbnail","hentry","category-policiales","tag-diario-el-sindical","tag-la-matanza","tag-lanus","tag-remedios-de-escala","tag-santiago-nahuel-lopez-monte"],"_links":{"self":[{"href":"https:\/\/www.elsindical.com.ar\/notas\/wp-json\/wp\/v2\/posts\/141420","targetHints":{"allow":["GET"]}}],"collection":[{"href":"https:\/\/www.elsindical.com.ar\/notas\/wp-json\/wp\/v2\/posts"}],"about":[{"href":"https:\/\/www.elsindical.com.ar\/notas\/wp-json\/wp\/v2\/types\/post"}],"author":[{"embeddable":true,"href":"https:\/\/www.elsindical.com.ar\/notas\/wp-json\/wp\/v2\/users\/1"}],"replies":[{"embeddable":true,"href":"https:\/\/www.elsindical.com.ar\/notas\/wp-json\/wp\/v2\/comments?post=141420"}],"version-history":[{"count":1,"href":"https:\/\/www.elsindical.com.ar\/notas\/wp-json\/wp\/v2\/posts\/141420\/revisions"}],"predecessor-version":[{"id":141422,"href":"https:\/\/www.elsindical.com.ar\/notas\/wp-json\/wp\/v2\/posts\/141420\/revisions\/141422"}],"wp:featuredmedia":[{"embeddable":true,"href":"https:\/\/www.elsindical.com.ar\/notas\/wp-json\/wp\/v2\/media\/141421"}],"wp:attachment":[{"href":"https:\/\/www.elsindical.com.ar\/notas\/wp-json\/wp\/v2\/media?parent=141420"}],"wp:term":[{"taxonomy":"category","embeddable":true,"href":"https:\/\/www.elsindical.com.ar\/notas\/wp-json\/wp\/v2\/categories?post=141420"},{"taxonomy":"post_tag","embeddable":true,"href":"https:\/\/www.elsindical.com.ar\/notas\/wp-json\/wp\/v2\/tags?post=141420"}],"curies":[{"name":"wp","href":"https:\/\/api.w.org\/{rel}","templated":true}]}}