{"id":141414,"date":"2025-11-28T19:30:18","date_gmt":"2025-11-28T22:30:18","guid":{"rendered":"https:\/\/www.elsindical.com.ar\/notas\/?p=141414"},"modified":"2025-11-28T19:46:48","modified_gmt":"2025-11-28T22:46:48","slug":"fentanilo-adulterado-secuestraron-82-000-ampollas-en-una-serie-de-allanamientos","status":"publish","type":"post","link":"https:\/\/www.elsindical.com.ar\/notas\/fentanilo-adulterado-secuestraron-82-000-ampollas-en-una-serie-de-allanamientos\/","title":{"rendered":"Fentanilo adulterado: secuestraron 82.000 ampollas en una serie de allanamientos"},"content":{"rendered":"<div class=\"wp-block-image\">\n<figure class=\"aligncenter size-full\"><a href=\"https:\/\/www.elsindical.com.ar\/notas\/var\/www\/html\/notas\/wp-content\/uploads\/2025\/11\/ampollas-fentanilo-PFA.jpeg\"><img loading=\"lazy\" decoding=\"async\" width=\"719\" height=\"405\" src=\"https:\/\/www.elsindical.com.ar\/notas\/var\/www\/html\/notas\/wp-content\/uploads\/2025\/11\/ampollas-fentanilo-PFA.jpeg\" alt=\"\" class=\"wp-image-141417\" srcset=\"https:\/\/www.elsindical.com.ar\/notas\/var\/www\/html\/notas\/wp-content\/uploads\/2025\/11\/ampollas-fentanilo-PFA.jpeg 719w, https:\/\/www.elsindical.com.ar\/notas\/var\/www\/html\/notas\/wp-content\/uploads\/2025\/11\/ampollas-fentanilo-PFA-300x169.jpeg 300w, https:\/\/www.elsindical.com.ar\/notas\/var\/www\/html\/notas\/wp-content\/uploads\/2025\/11\/ampollas-fentanilo-PFA-460x260.jpeg 460w\" sizes=\"auto, (max-width: 719px) 100vw, 719px\" \/><\/a><\/figure>\n<\/div>\n\n\n<p>Miles de ampollas de fentanilo adulterado fueron recuperadas y quedaron bajo custodia en una sede de la ANMAT. Se investigan 173 muertes.<\/p>\n\n\n\n<p>En el marco del \u201cPlan de Recupero Judicial del Fentanilo Contaminado\u201d, efectivos del Departamento Federal de Investigaciones llevaron adelante una serie de allanamientos en las provincias de Buenos Aires, Formosa, C\u00f3rdoba y Santa Fe. <strong>Secuestraron m\u00e1s de 82.000 ampollas de fentanilo adulterado<\/strong>.<\/p>\n\n\n\n<p>La causa se inici\u00f3 tras el reporte de 58 personas fallecidas, cifra que continu\u00f3 en aumento como consecuencia del suministro de fentanilo contaminado microbiol\u00f3gicamente.<\/p>\n\n\n\n<p>A ra\u00edz de estos hechos, la Administraci\u00f3n Nacional de Medicamentos, Alimentos y Tecnolog\u00eda M\u00e9dica (ANMAT) radic\u00f3 una denuncia ante la Divisi\u00f3n Delitos contra la Salud P\u00fablica de la PFA, alertando sobre irregularidades cometidas por un laboratorio proveedor.<\/p>\n\n\n\n<p>Frente a la gravedad de la situaci\u00f3n, los investigadores dieron intervenci\u00f3n al Juzgado Federal en lo Criminal y Correccional N\u00ba 3 de La Plata, a cargo de Ernesto Kreplak, Secretar\u00eda N\u00ba 8 de Ramiro Riera, que instruy\u00f3 <strong>profundizar las tareas de investigaci\u00f3n<\/strong>.<\/p>\n\n\n\n<figure class=\"wp-block-gallery has-nested-images columns-default is-cropped wp-block-gallery-1 is-layout-flex wp-block-gallery-is-layout-flex\">\n<figure class=\"wp-block-image size-large\"><a href=\"https:\/\/www.elsindical.com.ar\/notas\/var\/www\/html\/notas\/wp-content\/uploads\/2025\/11\/ampollas-fentanilo-PFA-2.jpeg\"><img loading=\"lazy\" decoding=\"async\" width=\"480\" height=\"300\" data-id=\"141415\" src=\"https:\/\/www.elsindical.com.ar\/notas\/var\/www\/html\/notas\/wp-content\/uploads\/2025\/11\/ampollas-fentanilo-PFA-2.jpeg\" alt=\"\" class=\"wp-image-141415\" srcset=\"https:\/\/www.elsindical.com.ar\/notas\/var\/www\/html\/notas\/wp-content\/uploads\/2025\/11\/ampollas-fentanilo-PFA-2.jpeg 480w, https:\/\/www.elsindical.com.ar\/notas\/var\/www\/html\/notas\/wp-content\/uploads\/2025\/11\/ampollas-fentanilo-PFA-2-300x188.jpeg 300w\" sizes=\"auto, (max-width: 480px) 100vw, 480px\" \/><\/a><\/figure>\n\n\n\n<figure class=\"wp-block-image size-large\"><a href=\"https:\/\/www.elsindical.com.ar\/notas\/var\/www\/html\/notas\/wp-content\/uploads\/2025\/11\/ampollas-fentanilo-PFA-3.jpeg\"><img loading=\"lazy\" decoding=\"async\" width=\"700\" height=\"394\" data-id=\"141416\" src=\"https:\/\/www.elsindical.com.ar\/notas\/var\/www\/html\/notas\/wp-content\/uploads\/2025\/11\/ampollas-fentanilo-PFA-3.jpeg\" alt=\"\" class=\"wp-image-141416\" srcset=\"https:\/\/www.elsindical.com.ar\/notas\/var\/www\/html\/notas\/wp-content\/uploads\/2025\/11\/ampollas-fentanilo-PFA-3.jpeg 700w, https:\/\/www.elsindical.com.ar\/notas\/var\/www\/html\/notas\/wp-content\/uploads\/2025\/11\/ampollas-fentanilo-PFA-3-300x169.jpeg 300w, https:\/\/www.elsindical.com.ar\/notas\/var\/www\/html\/notas\/wp-content\/uploads\/2025\/11\/ampollas-fentanilo-PFA-3-460x260.jpeg 460w\" sizes=\"auto, (max-width: 700px) 100vw, 700px\" \/><\/a><\/figure>\n<\/figure>\n\n\n\n<p>Los trabajos de campo que permitieron identificar a dos <a href=\"https:\/\/www.inforegion.com.ar\/2025\/08\/21\/caso-fentanilo-contaminado-detuvieron-a-la-cupula-de-los-laboratorios-investigados\/\">laboratorios <\/a>como proveedores del fentanilo contaminado. Tambi\u00e9n <strong>fueron detectadas 187 droguer\u00edas, sanatorios y cl\u00ednicas vinculados a la distribuci\u00f3n del producto, de los cuales 40 establecimientos hab\u00edan recibido ampollas pertenecientes a los lotes comprometidos.<\/strong><\/p>\n\n\n\n<p>Los allanamientos tuvieron lugar en cuatro provincias; entre ellas, Buenos Aires. Puntualmente, ocurrieron en <strong>La Plata, Jun\u00edn, Olavarr\u00eda, Bah\u00eda Blanca, Balcarce y Chivilcoy<\/strong>, precisaron las fuentes a <strong>Info Regi\u00f3n<\/strong>.<\/p>\n\n\n\n<p>Los responsables de los establecimientos fueron notificados y procedieron a resguardar los lotes, mediante actas compromisorias de dep\u00f3sito judicial. Posteriormente, las unidades actuantes realizaron el secuestro, traslado y guarda del material recuperado, que qued\u00f3 bajo custodia en instalaciones de la ANMAT.<\/p>\n\n\n\n<p><strong>Cabe destacar que el proceso judicial mantiene bajo investigaci\u00f3n 173 <a href=\"https:\/\/www.inforegion.com.ar\/2025\/09\/28\/fentanilo-contaminado-ya-son-124-las-muertes-investigadas-en-todo-el-pais\/\">muertes<\/a>, presuntamente vinculadas a la aplicaci\u00f3n de fentanilo contaminado<\/strong>. El caso es considerado una de las mayores tragedias sanitarias de los \u00faltimos a\u00f1os en el pa\u00eds.<\/p>\n\n\n\n<figure class=\"wp-block-embed is-type-video is-provider-youtube wp-block-embed-youtube wp-embed-aspect-16-9 wp-has-aspect-ratio\"><div class=\"wp-block-embed__wrapper\">\n<iframe loading=\"lazy\" title=\"PFA allanamientos y secuestro de 82 000 ampollas de fentanilo\" width=\"700\" height=\"394\" src=\"https:\/\/www.youtube.com\/embed\/5gPfz_UTIXE?feature=oembed\" frameborder=\"0\" allow=\"accelerometer; autoplay; clipboard-write; encrypted-media; gyroscope; picture-in-picture; web-share\" referrerpolicy=\"strict-origin-when-cross-origin\" allowfullscreen><\/iframe>\n<\/div><\/figure>\n","protected":false},"excerpt":{"rendered":"<p>Miles de ampollas de fentanilo adulterado fueron recuperadas y quedaron bajo custodia en una sede de la ANMAT. Se investigan 173 muertes. En el marco del \u201cPlan de Recupero Judicial del Fentanilo Contaminado\u201d, efectivos del Departamento Federal de Investigaciones llevaron adelante una serie de allanamientos en las provincias de Buenos Aires, Formosa, C\u00f3rdoba y Santa&hellip;<\/p>\n","protected":false},"author":1,"featured_media":141417,"comment_status":"open","ping_status":"open","sticky":false,"template":"","format":"standard","meta":{"footnotes":""},"categories":[22],"tags":[493,46315,2450,698],"class_list":["post-141414","post","type-post","status-publish","format-standard","has-post-thumbnail","hentry","category-policiales","tag-allanamientos","tag-ampollas-de-fentanilo","tag-diario-el-sindical","tag-pfa"],"_links":{"self":[{"href":"https:\/\/www.elsindical.com.ar\/notas\/wp-json\/wp\/v2\/posts\/141414","targetHints":{"allow":["GET"]}}],"collection":[{"href":"https:\/\/www.elsindical.com.ar\/notas\/wp-json\/wp\/v2\/posts"}],"about":[{"href":"https:\/\/www.elsindical.com.ar\/notas\/wp-json\/wp\/v2\/types\/post"}],"author":[{"embeddable":true,"href":"https:\/\/www.elsindical.com.ar\/notas\/wp-json\/wp\/v2\/users\/1"}],"replies":[{"embeddable":true,"href":"https:\/\/www.elsindical.com.ar\/notas\/wp-json\/wp\/v2\/comments?post=141414"}],"version-history":[{"count":2,"href":"https:\/\/www.elsindical.com.ar\/notas\/wp-json\/wp\/v2\/posts\/141414\/revisions"}],"predecessor-version":[{"id":141419,"href":"https:\/\/www.elsindical.com.ar\/notas\/wp-json\/wp\/v2\/posts\/141414\/revisions\/141419"}],"wp:featuredmedia":[{"embeddable":true,"href":"https:\/\/www.elsindical.com.ar\/notas\/wp-json\/wp\/v2\/media\/141417"}],"wp:attachment":[{"href":"https:\/\/www.elsindical.com.ar\/notas\/wp-json\/wp\/v2\/media?parent=141414"}],"wp:term":[{"taxonomy":"category","embeddable":true,"href":"https:\/\/www.elsindical.com.ar\/notas\/wp-json\/wp\/v2\/categories?post=141414"},{"taxonomy":"post_tag","embeddable":true,"href":"https:\/\/www.elsindical.com.ar\/notas\/wp-json\/wp\/v2\/tags?post=141414"}],"curies":[{"name":"wp","href":"https:\/\/api.w.org\/{rel}","templated":true}]}}